{"id":8610,"date":"2016-08-03T19:34:34","date_gmt":"2016-08-03T23:34:34","guid":{"rendered":"https:\/\/www.adrianasbestrecipes.com\/es\/?p=8610"},"modified":"2016-08-03T21:09:29","modified_gmt":"2016-08-04T01:09:29","slug":"productos-del-huerto-la-mesa","status":"publish","type":"post","link":"https:\/\/www.adrianasbestrecipes.com\/es\/productos-del-huerto-la-mesa\/","title":{"rendered":"Productos del Huerto a la Mesa"},"content":{"rendered":"<figure id=\"attachment_8614\" aria-describedby=\"caption-attachment-8614\" style=\"width: 740px\" class=\"wp-caption aligncenter\"><img decoding=\"async\" class=\"wp-image-8614\" title=\"Del Huerto a la Mesa\" src=\"https:\/\/www.adrianasbestrecipes.com\/wp-content\/uploads\/2016\/08\/For-the-Love-of-Produce-and-Farming.jpg\" alt=\"Del Huerto a la Mesa\" width=\"1000\" height=\"750\" srcset=\"https:\/\/www.adrianasbestrecipes.com\/wp-content\/uploads\/2016\/08\/For-the-Love-of-Produce-and-Farming.jpg 1000w, https:\/\/www.adrianasbestrecipes.com\/wp-content\/uploads\/2016\/08\/For-the-Love-of-Produce-and-Farming-300x225.jpg 300w, https:\/\/www.adrianasbestrecipes.com\/wp-content\/uploads\/2016\/08\/For-the-Love-of-Produce-and-Farming-150x113.jpg 150w, https:\/\/www.adrianasbestrecipes.com\/wp-content\/uploads\/2016\/08\/For-the-Love-of-Produce-and-Farming-600x450.jpg 600w, https:\/\/www.adrianasbestrecipes.com\/wp-content\/uploads\/2016\/08\/For-the-Love-of-Produce-and-Farming-60x45.jpg 60w, https:\/\/www.adrianasbestrecipes.com\/wp-content\/uploads\/2016\/08\/For-the-Love-of-Produce-and-Farming-610x458.jpg 610w\" sizes=\"(max-width: 1000px) 100vw, 1000px\" \/><figcaption id=\"caption-attachment-8614\" class=\"wp-caption-text\">Del Huerto a la Mesa<\/figcaption><\/figure>\n<p>Recientemente fui invitada por Monsanto a un tour en el estado de <a href=\"https:\/\/www.adrianasbestrecipes.com\/es\/visitando-capay-valley-ranch\/\">California<\/a> para aprender acerca de la comida, el amor por la <a href=\"https:\/\/www.adrianasbestrecipes.com\/es\/dando-gracias-a-los-agricultores\/\">agricultura<\/a>, y c\u00f3mo traer los productos del huerto a la mesa. Muchos de ustedes saben acerca de mi pasi\u00f3n por la comida y la agricultura. As\u00ed como el hambre que tengo por aprender de d\u00f3nde provienen los ingredientes que uso para cocinar los platillos que traigo a mi mesa. Por lo\u00a0que mi participaci\u00f3n en este tour va muy de acuerdo a mi estilo de vida y pensamiento, as\u00ed como se ajusta al tipo de\u00a0contenido y los temas que publico en este sitio.<\/p>\n<p><span class=\"embed-youtube\" style=\"text-align:center; display: block;\"><iframe class=\"youtube-player\" width=\"1200\" height=\"675\" src=\"https:\/\/www.youtube.com\/embed\/kPx2B7_TBrQ?version=3&#038;rel=1&#038;showsearch=0&#038;showinfo=1&#038;iv_load_policy=1&#038;fs=1&#038;hl=es-ES&#038;autohide=2&#038;wmode=transparent\" allowfullscreen=\"true\" style=\"border:0;\" sandbox=\"allow-scripts allow-same-origin allow-popups allow-presentation allow-popups-to-escape-sandbox\"><\/iframe><\/span><\/p>\n<p>Una de las sorpresas que me llev\u00e9 durante este viaje fue aprender que existen cient\u00edficos del sabor. Si hay cient\u00edficos que se dedican a analizar el sabor de las verduras y las frutas que traemos del huerto a la mesa.<\/p>\n<figure id=\"attachment_8616\" aria-describedby=\"caption-attachment-8616\" style=\"width: 740px\" class=\"wp-caption aligncenter\"><img decoding=\"async\" class=\"wp-image-8616\" title=\"Campo sembrado con chiles\" src=\"https:\/\/www.adrianasbestrecipes.com\/wp-content\/uploads\/2016\/08\/Pepper-Heaven.jpg\" alt=\"Campo sembrado con chiles\" width=\"1000\" height=\"750\" srcset=\"https:\/\/www.adrianasbestrecipes.com\/wp-content\/uploads\/2016\/08\/Pepper-Heaven.jpg 1000w, https:\/\/www.adrianasbestrecipes.com\/wp-content\/uploads\/2016\/08\/Pepper-Heaven-300x225.jpg 300w, https:\/\/www.adrianasbestrecipes.com\/wp-content\/uploads\/2016\/08\/Pepper-Heaven-150x113.jpg 150w, https:\/\/www.adrianasbestrecipes.com\/wp-content\/uploads\/2016\/08\/Pepper-Heaven-600x450.jpg 600w, https:\/\/www.adrianasbestrecipes.com\/wp-content\/uploads\/2016\/08\/Pepper-Heaven-60x45.jpg 60w, https:\/\/www.adrianasbestrecipes.com\/wp-content\/uploads\/2016\/08\/Pepper-Heaven-610x458.jpg 610w\" sizes=\"(max-width: 1000px) 100vw, 1000px\" \/><figcaption id=\"caption-attachment-8616\" class=\"wp-caption-text\">Campo sembrado con chiles<\/figcaption><\/figure>\n<p>De hecho esta es una tendencia que est\u00e1 en boga en la industria de los productos agr\u00edcolas. Esto me alegra mucho pues todos queremos frutas y verduras que tengan un buen sabor.<\/p>\n<figure id=\"attachment_8618\" aria-describedby=\"caption-attachment-8618\" style=\"width: 740px\" class=\"wp-caption aligncenter\"><img decoding=\"async\" class=\"wp-image-8618\" title=\"Chiles Banana Peppers\" src=\"https:\/\/www.adrianasbestrecipes.com\/wp-content\/uploads\/2016\/08\/Banana-Peppers.jpg\" alt=\"Chiles Banana Peppers\" width=\"1000\" height=\"750\" srcset=\"https:\/\/www.adrianasbestrecipes.com\/wp-content\/uploads\/2016\/08\/Banana-Peppers.jpg 1000w, https:\/\/www.adrianasbestrecipes.com\/wp-content\/uploads\/2016\/08\/Banana-Peppers-300x225.jpg 300w, https:\/\/www.adrianasbestrecipes.com\/wp-content\/uploads\/2016\/08\/Banana-Peppers-500x375.jpg 500w, https:\/\/www.adrianasbestrecipes.com\/wp-content\/uploads\/2016\/08\/Banana-Peppers-560x420.jpg 560w, https:\/\/www.adrianasbestrecipes.com\/wp-content\/uploads\/2016\/08\/Banana-Peppers-150x113.jpg 150w, https:\/\/www.adrianasbestrecipes.com\/wp-content\/uploads\/2016\/08\/Banana-Peppers-600x450.jpg 600w, https:\/\/www.adrianasbestrecipes.com\/wp-content\/uploads\/2016\/08\/Banana-Peppers-60x45.jpg 60w, https:\/\/www.adrianasbestrecipes.com\/wp-content\/uploads\/2016\/08\/Banana-Peppers-610x458.jpg 610w\" sizes=\"(max-width: 1000px) 100vw, 1000px\" \/><figcaption id=\"caption-attachment-8618\" class=\"wp-caption-text\">Chiles Banana Peppers<\/figcaption><\/figure>\n<p>Cuando llegu\u00e9 a vivir a los Estados Unidos mi primer choque cultural fue encontrarme en el supermercado con una variedad limitada de frutas y verduras. Y aunque estos productos que estaban disponibles se ve\u00edan lindos en\u00a0la estanter\u00eda cuando les das el primer mordisco te das cuenta son ins\u00edpidos. As\u00ed que me alegra que ahora la industria est\u00e1 preocupada por el sabor, no solo la apariencia y el tama\u00f1o. El proceso de \"breeding\" en las plantas ayuda a mejorar el sabor de las verduras y frutas que comemos.<\/p>\n<figure id=\"attachment_8626\" aria-describedby=\"caption-attachment-8626\" style=\"width: 740px\" class=\"wp-caption aligncenter\"><img decoding=\"async\" class=\"wp-image-8626\" title=\"Tomates Hybrid con sabor fresco y bien definido\" src=\"https:\/\/www.adrianasbestrecipes.com\/wp-content\/uploads\/2016\/08\/Hybrid-tomato-tasty-and-beefy.jpg\" alt=\"Tomates Hybrid con sabor fresco y bien definido\" width=\"1000\" height=\"750\" srcset=\"https:\/\/www.adrianasbestrecipes.com\/wp-content\/uploads\/2016\/08\/Hybrid-tomato-tasty-and-beefy.jpg 1000w, https:\/\/www.adrianasbestrecipes.com\/wp-content\/uploads\/2016\/08\/Hybrid-tomato-tasty-and-beefy-300x225.jpg 300w, https:\/\/www.adrianasbestrecipes.com\/wp-content\/uploads\/2016\/08\/Hybrid-tomato-tasty-and-beefy-150x113.jpg 150w, https:\/\/www.adrianasbestrecipes.com\/wp-content\/uploads\/2016\/08\/Hybrid-tomato-tasty-and-beefy-600x450.jpg 600w, https:\/\/www.adrianasbestrecipes.com\/wp-content\/uploads\/2016\/08\/Hybrid-tomato-tasty-and-beefy-60x45.jpg 60w, https:\/\/www.adrianasbestrecipes.com\/wp-content\/uploads\/2016\/08\/Hybrid-tomato-tasty-and-beefy-610x458.jpg 610w\" sizes=\"(max-width: 1000px) 100vw, 1000px\" \/><figcaption id=\"caption-attachment-8626\" class=\"wp-caption-text\">Tomates Hybrid con sabor fresco y bien definido<\/figcaption><\/figure>\n<p>En los campos de prueba tuve la oportunidad saborear \u00a0diferentes clases de chiles\u00a0y tomates. Fue muy interesante conocer\u00a0que los tomates vienen en diferentes tama\u00f1os, colores y perfiles de sabor. Y que en su mayor\u00eda todos los tomates en los\u00a0Estados Unidos son\u00a0cultivados en\u00a0un invernadero o bien en un campo agr\u00edcola de\u00a0California.<\/p>\n<figure id=\"attachment_8620\" aria-describedby=\"caption-attachment-8620\" style=\"width: 740px\" class=\"wp-caption aligncenter\"><img decoding=\"async\" class=\"wp-image-8620\" title=\"El mel\u00f3n es parte de la familia de los pepinos y empieza con una flor\" src=\"https:\/\/www.adrianasbestrecipes.com\/wp-content\/uploads\/2016\/08\/A-melon-starts-with-a-flower-and-belongs-to-the-cucumber-family.jpg\" alt=\"El mel\u00f3n es parte de la familia de los pepinos y empieza con una flor\" width=\"1000\" height=\"750\" srcset=\"https:\/\/www.adrianasbestrecipes.com\/wp-content\/uploads\/2016\/08\/A-melon-starts-with-a-flower-and-belongs-to-the-cucumber-family.jpg 1000w, https:\/\/www.adrianasbestrecipes.com\/wp-content\/uploads\/2016\/08\/A-melon-starts-with-a-flower-and-belongs-to-the-cucumber-family-300x225.jpg 300w, https:\/\/www.adrianasbestrecipes.com\/wp-content\/uploads\/2016\/08\/A-melon-starts-with-a-flower-and-belongs-to-the-cucumber-family-150x113.jpg 150w, https:\/\/www.adrianasbestrecipes.com\/wp-content\/uploads\/2016\/08\/A-melon-starts-with-a-flower-and-belongs-to-the-cucumber-family-600x450.jpg 600w, https:\/\/www.adrianasbestrecipes.com\/wp-content\/uploads\/2016\/08\/A-melon-starts-with-a-flower-and-belongs-to-the-cucumber-family-60x45.jpg 60w, https:\/\/www.adrianasbestrecipes.com\/wp-content\/uploads\/2016\/08\/A-melon-starts-with-a-flower-and-belongs-to-the-cucumber-family-610x458.jpg 610w\" sizes=\"(max-width: 1000px) 100vw, 1000px\" \/><figcaption id=\"caption-attachment-8620\" class=\"wp-caption-text\">El mel\u00f3n es parte de la familia de los pepinos y empieza con una flor<\/figcaption><\/figure>\n<p>Tambi\u00e9n, fue interesante ver como una gran cantidad de los chiles que son sembrados en estos campos de prueba\u00a0terminan\u00a0en las estanter\u00edas del supermercado v\u00eda productos como Mezzetta. Esta marca trabaja con los desarrolladores\u00a0para crear mejores chiles\u00a0que se ajustan al perfil de sabor que esta marca necesita, as\u00ed como el\u00a0tama\u00f1o, color, y necesidades de procesamiento.<\/p>\n<figure id=\"attachment_8622\" aria-describedby=\"caption-attachment-8622\" style=\"width: 740px\" class=\"wp-caption aligncenter\"><img decoding=\"async\" class=\"wp-image-8622\" title=\"Se puede sabe que un mel\u00f3n est\u00e1 listo cuando tiene vetas de color amarillo\" src=\"https:\/\/www.adrianasbestrecipes.com\/wp-content\/uploads\/2016\/08\/You-know-a-melon-is-ready-when-you-see-more-yellow-rhan-green-in-the-skin.jpg\" alt=\"Se puede sabe que un mel\u00f3n est\u00e1 listo cuando tiene vetas de color amarillo\" width=\"1000\" height=\"750\" srcset=\"https:\/\/www.adrianasbestrecipes.com\/wp-content\/uploads\/2016\/08\/You-know-a-melon-is-ready-when-you-see-more-yellow-rhan-green-in-the-skin.jpg 1000w, https:\/\/www.adrianasbestrecipes.com\/wp-content\/uploads\/2016\/08\/You-know-a-melon-is-ready-when-you-see-more-yellow-rhan-green-in-the-skin-300x225.jpg 300w, https:\/\/www.adrianasbestrecipes.com\/wp-content\/uploads\/2016\/08\/You-know-a-melon-is-ready-when-you-see-more-yellow-rhan-green-in-the-skin-150x113.jpg 150w, https:\/\/www.adrianasbestrecipes.com\/wp-content\/uploads\/2016\/08\/You-know-a-melon-is-ready-when-you-see-more-yellow-rhan-green-in-the-skin-600x450.jpg 600w, https:\/\/www.adrianasbestrecipes.com\/wp-content\/uploads\/2016\/08\/You-know-a-melon-is-ready-when-you-see-more-yellow-rhan-green-in-the-skin-60x45.jpg 60w, https:\/\/www.adrianasbestrecipes.com\/wp-content\/uploads\/2016\/08\/You-know-a-melon-is-ready-when-you-see-more-yellow-rhan-green-in-the-skin-610x458.jpg 610w\" sizes=\"(max-width: 1000px) 100vw, 1000px\" \/><figcaption id=\"caption-attachment-8622\" class=\"wp-caption-text\">Se puede sabe que un mel\u00f3n est\u00e1 listo cuando tiene vetas de color amarillo<\/figcaption><\/figure>\n<p>Soy fan de los melones y las sand\u00edas, as\u00ed que conocer\u00a0c\u00f3mo se cultiva este fruto fue muy interesante. Yo tengo mi propio <a href=\"https:\/\/www.adrianasbestrecipes.com\/es\/sembrando-un-jardin-para-gatos\/\">jard\u00edn <\/a>en casa y los consejos proporcionados son\u00a0ciertamente \u00fatiles. Tener la oportunidad de probar el mel\u00f3n y la sand\u00eda reci\u00e9n cortada de la planta fue una experiencia de sabor inolvidable.<\/p>\n<figure id=\"attachment_8624\" aria-describedby=\"caption-attachment-8624\" style=\"width: 740px\" class=\"wp-caption aligncenter\"><img decoding=\"async\" class=\"wp-image-8624\" title=\"Mel\u00f3n reci\u00e9n cortado\" src=\"https:\/\/www.adrianasbestrecipes.com\/wp-content\/uploads\/2016\/08\/Cantaloupe-just-cut-from-the-vine.jpg\" alt=\"Mel\u00f3n reci\u00e9n cortado\" width=\"1000\" height=\"750\" srcset=\"https:\/\/www.adrianasbestrecipes.com\/wp-content\/uploads\/2016\/08\/Cantaloupe-just-cut-from-the-vine.jpg 1000w, https:\/\/www.adrianasbestrecipes.com\/wp-content\/uploads\/2016\/08\/Cantaloupe-just-cut-from-the-vine-300x225.jpg 300w, https:\/\/www.adrianasbestrecipes.com\/wp-content\/uploads\/2016\/08\/Cantaloupe-just-cut-from-the-vine-150x113.jpg 150w, https:\/\/www.adrianasbestrecipes.com\/wp-content\/uploads\/2016\/08\/Cantaloupe-just-cut-from-the-vine-600x450.jpg 600w, https:\/\/www.adrianasbestrecipes.com\/wp-content\/uploads\/2016\/08\/Cantaloupe-just-cut-from-the-vine-60x45.jpg 60w, https:\/\/www.adrianasbestrecipes.com\/wp-content\/uploads\/2016\/08\/Cantaloupe-just-cut-from-the-vine-610x458.jpg 610w\" sizes=\"(max-width: 1000px) 100vw, 1000px\" \/><figcaption id=\"caption-attachment-8624\" class=\"wp-caption-text\">Mel\u00f3n reci\u00e9n cortado<\/figcaption><\/figure>\n<p>Cada bocado me trajo de regreso a mi M\u00e9xico querido donde acostumbraba comer melones y sand\u00edas jugosas y dulces. Estos frutos que prob\u00e9 varios de ellos fueron desarrollados para mercados internacionales como M\u00e9xico. Y te puedo confirmar que sin duda esta mel\u00f3n que prob\u00e9 sabe igual al que com\u00eda en casa.<\/p>\n<figure id=\"attachment_8628\" aria-describedby=\"caption-attachment-8628\" style=\"width: 740px\" class=\"wp-caption aligncenter\"><img decoding=\"async\" class=\"wp-image-8628\" title=\"Flores que ayudan a atraer abejas y mariposas para polinizaci\u00f3n\" src=\"https:\/\/www.adrianasbestrecipes.com\/wp-content\/uploads\/2016\/08\/Pollinator-flowers-are-important-to-have-when-growing-vegetable-and-or-fruits.jpg\" alt=\"Flores que ayudan a atraer abejas y mariposas para polinizaci\u00f3n\" width=\"1000\" height=\"750\" srcset=\"https:\/\/www.adrianasbestrecipes.com\/wp-content\/uploads\/2016\/08\/Pollinator-flowers-are-important-to-have-when-growing-vegetable-and-or-fruits.jpg 1000w, https:\/\/www.adrianasbestrecipes.com\/wp-content\/uploads\/2016\/08\/Pollinator-flowers-are-important-to-have-when-growing-vegetable-and-or-fruits-300x225.jpg 300w, https:\/\/www.adrianasbestrecipes.com\/wp-content\/uploads\/2016\/08\/Pollinator-flowers-are-important-to-have-when-growing-vegetable-and-or-fruits-150x113.jpg 150w, https:\/\/www.adrianasbestrecipes.com\/wp-content\/uploads\/2016\/08\/Pollinator-flowers-are-important-to-have-when-growing-vegetable-and-or-fruits-600x450.jpg 600w, https:\/\/www.adrianasbestrecipes.com\/wp-content\/uploads\/2016\/08\/Pollinator-flowers-are-important-to-have-when-growing-vegetable-and-or-fruits-60x45.jpg 60w, https:\/\/www.adrianasbestrecipes.com\/wp-content\/uploads\/2016\/08\/Pollinator-flowers-are-important-to-have-when-growing-vegetable-and-or-fruits-610x458.jpg 610w\" sizes=\"(max-width: 1000px) 100vw, 1000px\" \/><figcaption id=\"caption-attachment-8628\" class=\"wp-caption-text\">Flores que ayudan a atraer abejas y mariposas para polinizaci\u00f3n<\/figcaption><\/figure>\n<p>A veces no nos damos cuenta, pero la biotecnolog\u00eda tiene un papel muy importante en la cadena alimentaria. Adem\u00e1s de que la ciencia es fundamental para la agricultura. La compa\u00f1\u00eda Monsanto ha estado comprometida con la conservaci\u00f3n de la tierra desde hace varios a\u00f1os. Ellos tienen como foco ayudar a los agricultores a lograr que los cultivos usen menos agua y sean m\u00e1s resistentes a las plagas, y de esta forma contar con agricultura sostenible. As\u00ed como crear\u00a0semillas que dan como resultado frutos\u00a0que no s\u00f3lo se ven bien, pero que tienen un perfil de sabor adecuado.<\/p>\n<figure id=\"attachment_8630\" aria-describedby=\"caption-attachment-8630\" style=\"width: 740px\" class=\"wp-caption aligncenter\"><img decoding=\"async\" class=\"wp-image-8630\" title=\"Calabacita Pattypan directa del huerto a la mesa\" src=\"https:\/\/www.adrianasbestrecipes.com\/wp-content\/uploads\/2016\/08\/Beautiful-Pattypan-Squash-For-the-Love-of-Produce.jpg\" alt=\"Calabacita Pattypan directa del huerto a la mesa\" width=\"1000\" height=\"1000\" srcset=\"https:\/\/www.adrianasbestrecipes.com\/wp-content\/uploads\/2016\/08\/Beautiful-Pattypan-Squash-For-the-Love-of-Produce.jpg 1000w, https:\/\/www.adrianasbestrecipes.com\/wp-content\/uploads\/2016\/08\/Beautiful-Pattypan-Squash-For-the-Love-of-Produce-180x180.jpg 180w, https:\/\/www.adrianasbestrecipes.com\/wp-content\/uploads\/2016\/08\/Beautiful-Pattypan-Squash-For-the-Love-of-Produce-300x300.jpg 300w, https:\/\/www.adrianasbestrecipes.com\/wp-content\/uploads\/2016\/08\/Beautiful-Pattypan-Squash-For-the-Love-of-Produce-150x150.jpg 150w, https:\/\/www.adrianasbestrecipes.com\/wp-content\/uploads\/2016\/08\/Beautiful-Pattypan-Squash-For-the-Love-of-Produce-600x600.jpg 600w, https:\/\/www.adrianasbestrecipes.com\/wp-content\/uploads\/2016\/08\/Beautiful-Pattypan-Squash-For-the-Love-of-Produce-60x60.jpg 60w, https:\/\/www.adrianasbestrecipes.com\/wp-content\/uploads\/2016\/08\/Beautiful-Pattypan-Squash-For-the-Love-of-Produce-400x400.jpg 400w, https:\/\/www.adrianasbestrecipes.com\/wp-content\/uploads\/2016\/08\/Beautiful-Pattypan-Squash-For-the-Love-of-Produce-125x125.jpg 125w, https:\/\/www.adrianasbestrecipes.com\/wp-content\/uploads\/2016\/08\/Beautiful-Pattypan-Squash-For-the-Love-of-Produce-610x610.jpg 610w\" sizes=\"(max-width: 1000px) 100vw, 1000px\" \/><figcaption id=\"caption-attachment-8630\" class=\"wp-caption-text\">Calabacita Pattypan directa del huerto a la mesa<\/figcaption><\/figure>\n<p>Les invito a conocer de d\u00f3nde vienen los alimentos que usan para sus recetas. Una forma de hacerlo es visitando las granjas y campos de siembra de su localidad. As\u00ed como preguntar a los agricultores c\u00f3mo crecen sus cultivos. Al final la decisi\u00f3n es individual, pues la comida es algo muy personal. Yo solo estoy compartiendo mis opiniones personales y lo que he aprendido en este \u00faltimo viaje con mis amigos expertos en biotecnolog\u00eda. Quienes tienen un compromiso de hacer un buen trabajo para acercar los productos del huerto a la mesa. Desarrollando frutos que no son solo lindos pero deliciosos.<\/p>\n","protected":false},"excerpt":{"rendered":"<p>Viaj\u00e9 a California para aprender acerca de c\u00f3mo la biotecnolog\u00eda tiene un papel muy importante en los productos tra\u00eddos del huerto a la mesa.<\/p>\n","protected":false},"author":2,"featured_media":8618,"comment_status":"open","ping_status":"closed","sticky":false,"template":"","format":"standard","meta":{"_seopress_robots_primary_cat":"","_seopress_titles_title":"","_seopress_titles_desc":"Viaj\u00e9 a California para aprender acerca de c\u00f3mo la biotecnolog\u00eda tiene un papel muy importante en los productos tra\u00eddos del huerto a la mesa","_seopress_robots_index":"","_uag_custom_page_level_css":"","wprm-recipe-roundup-name":"","wprm-recipe-roundup-description":"","_jetpack_memberships_contains_paid_content":false,"footnotes":""},"categories":[3536,1144],"tags":[],"class_list":["post-8610","post","type-post","status-publish","format-standard","has-post-thumbnail","hentry","category-agriculture","category-foodie-travels","generate-columns","tablet-grid-50","mobile-grid-100","grid-parent","grid-50"],"jetpack_featured_media_url":"https:\/\/www.adrianasbestrecipes.com\/wp-content\/uploads\/2016\/08\/Banana-Peppers.jpg","spectra_custom_meta":{"_edit_lock":["1473103505:2"],"_edit_last":["2"],"_alp_processed":["1470272969"],"_et_monarch_override":[""],"wpupg_custom_link_behaviour":["default"],"_yoast_wpseo_focuskw_text_input":["Huerto"],"_yoast_wpseo_focuskw":["Huerto"],"_yoast_wpseo_linkdex":["100"],"_yoast_wpseo_content_score":["30"],"_yoast_wpseo_primary_category":[""],"_wpml_media_duplicate":["1"],"_wpml_media_featured":["1"],"_thumbnail_id":["8618"],"_yoast_wpseo_metadesc":["Viaj\u00e9 a California para aprender acerca de c\u00f3mo la biotecnolog\u00eda tiene un papel muy importante en los productos tra\u00eddos del huerto a la mesa"],"_et_social_shares_facebook":["a:3:{s:12:\"force_update\";b:1;s:6:\"counts\";i:0;s:8:\"last_upd\";s:19:\"2016-08-22 17:51:29\";}"],"_et_social_shares_twitter":["a:3:{s:12:\"force_update\";b:1;s:6:\"counts\";i:0;s:8:\"last_upd\";s:19:\"2016-08-22 17:51:29\";}"],"_et_social_shares_googleplus":["a:3:{s:12:\"force_update\";b:1;s:6:\"counts\";i:0;s:8:\"last_upd\";s:19:\"2016-08-22 17:51:30\";}"],"_et_social_shares_pinterest":["a:3:{s:12:\"force_update\";b:1;s:6:\"counts\";i:0;s:8:\"last_upd\";s:19:\"2016-08-22 17:51:30\";}"],"_et_social_shares_printfriendly":["a:3:{s:12:\"force_update\";b:1;s:6:\"counts\";i:0;s:8:\"last_upd\";s:19:\"2016-08-22 17:51:30\";}"],"_totes":["76"],"bitly_link":["http:\/\/bit.ly\/2FzdU5o"],"_facebook_shares":["56"],"_twitter_shares":["0"],"_pinterest_shares":["20"],"_yummly_shares":["0"],"_whatsapp_shares":["0"],"_google_plus_shares":["0"],"_total_shares":["76"],"swp_pinterest_image_url":[""],"bitly_link_google_plus":["http:\/\/bit.ly\/2MfObpN"],"bitly_link_facebook":["http:\/\/bit.ly\/2vBYNFK"],"bitly_link_twitter":["http:\/\/bit.ly\/2vBYQBq"],"bitly_link_whatsapp":["http:\/\/bit.ly\/2vBYScw"],"bitly_link_yummly":["http:\/\/bit.ly\/2vBYRoY"],"swp_cache_timestamp":["427009"],"dpsp_networks_shares":["a:7:{s:8:\"facebook\";i:56;s:9:\"pinterest\";i:20;s:7:\"twitter\";i:0;s:6:\"yummly\";i:0;s:6:\"reddit\";i:0;s:6:\"buffer\";i:0;s:4:\"grow\";i:1;}"],"dpsp_networks_shares_total":["77"],"dpsp_networks_shares_last_updated":["1642092808"],"dpsp_cache_shares_twitter_2":["0"],"dpsp_short_link_bitly":["a:14:{s:18:\"facebook_short_url\";s:21:\"http:\/\/bit.ly\/2G9KZbm\";s:17:\"twitter_short_url\";s:21:\"http:\/\/bit.ly\/2GbJLwh\";s:18:\"whatsapp_short_url\";s:21:\"http:\/\/bit.ly\/2G9UgA0\";s:16:\"yummly_short_url\";s:21:\"http:\/\/bit.ly\/2G8YeJb\";s:15:\"email_short_url\";s:21:\"http:\/\/bit.ly\/2G8Cn4G\";s:13:\"mix_short_url\";s:21:\"http:\/\/bit.ly\/33yaU5q\";s:19:\"flipboard_short_url\";s:21:\"http:\/\/bit.ly\/32hDaJc\";s:18:\"linkedin_short_url\";s:21:\"http:\/\/bit.ly\/2MLc6eI\";s:16:\"reddit_short_url\";s:21:\"http:\/\/bit.ly\/35ANzBP\";s:16:\"buffer_short_url\";s:21:\"http:\/\/bit.ly\/2OM48of\";s:18:\"telegram_short_url\";s:21:\"http:\/\/bit.ly\/2MhGSwX\";s:14:\"grow_short_url\";s:22:\"https:\/\/bit.ly\/3xUaGoU\";s:17:\"threads_short_url\";s:22:\"https:\/\/bit.ly\/4b79r8l\";s:18:\"mastodon_short_url\";s:22:\"https:\/\/bit.ly\/3VtNoTq\";}"],"_jetpack_related_posts_cache":["a:1:{s:32:\"8f6677c9d6b0f903e98ad32ec61f8deb\";a:2:{s:7:\"expires\";i:1622278647;s:7:\"payload\";a:3:{i:0;a:1:{s:2:\"id\";i:8671;}i:1;a:1:{s:2:\"id\";i:12922;}i:2;a:1:{s:2:\"id\";i:8555;}}}}"],"dpsp_post_previous_urls":["a:1:{i:0;s:79:\"https:\/\/www.adrianasbestrecipes.com\/es\/2016\/08\/03\/productos-del-huerto-la-mesa\/\";}"],"dpsp_networks_shares_previous_urls":["a:6:{s:8:\"facebook\";i:1;s:7:\"twitter\";i:0;s:9:\"pinterest\";i:0;s:6:\"yummly\";i:0;s:6:\"reddit\";i:0;s:6:\"buffer\";i:0;}"],"_tbf_fix_details":["a:5:{s:6:\"fix_id\";s:4:\"5097\";s:19:\"changed_revision_id\";s:4:\"8610\";s:20:\"original_revision_id\";s:4:\"8610\";s:17:\"operation_set_ids\";s:36:\"images_performance_and_seo_optimizer\";s:10:\"operations\";a:1:{i:0;s:11:\"tag_replace\";}}"],"_yoast_wpseo_video_meta":["a:16:{s:2:\"id\";s:11:\"kPx2B7_TBrQ\";s:3:\"url\";s:28:\"https:\/\/youtu.be\/kPx2B7_TBrQ\";s:4:\"type\";s:7:\"youtube\";s:10:\"player_loc\";s:41:\"https:\/\/www.youtube.com\/embed\/kPx2B7_TBrQ\";s:13:\"thumbnail_loc\";s:78:\"https:\/\/www.adrianasbestrecipes.com\/wp-content\/uploads\/2016\/08\/kpx2b7_tbrq.jpg\";s:12:\"last_fetched\";i:1675898679;s:8:\"duration\";i:64;s:10:\"view_count\";s:2:\"41\";s:5:\"width\";i:480;s:6:\"height\";i:270;s:7:\"post_id\";i:8610;s:5:\"title\";s:64:\"Productos del Huerto a la Mesa - Adriana&amp;#039;s Best Recipes\";s:16:\"publication_date\";s:25:\"2016-08-03T23:34:34+00:00\";s:11:\"description\";s:144:\"Viaj\u00e9 a California para aprender acerca de c\u00f3mo la biotecnolog\u00eda tiene un papel muy importante en los productos tra\u00eddos del huerto a la mesa\";s:8:\"category\";s:11:\"Agricultura\";s:3:\"tag\";a:1:{i:0;s:6:\"Huerto\";}}"],"litespeed_vpi_list":["a:3:{i:0;s:37:\"ABRecipes-New-Logo-with-Trademark.jpg\";i:1;s:18:\"Banana-Peppers.jpg\";i:2;s:36:\"Adriana-Martin-TACOS-23-683x1024.jpg\";}"],"_seopress_titles_desc":["Viaj\u00e9 a California para aprender acerca de c\u00f3mo la biotecnolog\u00eda tiene un papel muy importante en los productos tra\u00eddos del huerto a la mesa"],"_seopress_analysis_target_kw":["Huerto"],"dpsp_networks_shares_json":["{\"facebook\":56,\"pinterest\":20,\"twitter\":0,\"yummly\":0,\"reddit\":0,\"buffer\":0,\"grow\":1}"],"wprm_rating_no_text_comments":["a:0:{}"],"_oembed_a14c1bf4036baedaa2cbfadbb0c174bf":["<iframe title=\"Farm to Table Tour\" width=\"1200\" height=\"675\" src=\"https:\/\/www.youtube.com\/embed\/kPx2B7_TBrQ?feature=oembed\" frameborder=\"0\" allow=\"accelerometer; autoplay; clipboard-write; encrypted-media; gyroscope; picture-in-picture; web-share\" referrerpolicy=\"strict-origin-when-cross-origin\" allowfullscreen><\/iframe>"],"_oembed_time_a14c1bf4036baedaa2cbfadbb0c174bf":["1766129686"],"_oembed_59c1cae6bf6eb199ab50dfea4eaaa5db":["<iframe title=\"Farm to Table Tour\" width=\"868\" height=\"488\" src=\"https:\/\/www.youtube.com\/embed\/kPx2B7_TBrQ?feature=oembed\" frameborder=\"0\" allow=\"accelerometer; autoplay; clipboard-write; encrypted-media; gyroscope; picture-in-picture; web-share\" referrerpolicy=\"strict-origin-when-cross-origin\" allowfullscreen><\/iframe>"],"_oembed_time_59c1cae6bf6eb199ab50dfea4eaaa5db":["1766205959"],"_uag_page_assets":["a:9:{s:3:\"css\";s:0:\"\";s:2:\"js\";s:0:\"\";s:18:\"current_block_list\";a:0:{}s:8:\"uag_flag\";b:0;s:11:\"uag_version\";s:10:\"1777523071\";s:6:\"gfonts\";a:0:{}s:10:\"gfonts_url\";s:0:\"\";s:12:\"gfonts_files\";a:0:{}s:14:\"uag_faq_layout\";b:0;}"]},"uagb_featured_image_src":{"full":["https:\/\/www.adrianasbestrecipes.com\/wp-content\/uploads\/2016\/08\/Banana-Peppers.jpg",1000,750,false],"thumbnail":["https:\/\/www.adrianasbestrecipes.com\/wp-content\/uploads\/2016\/08\/Banana-Peppers-180x180.jpg",180,180,true],"medium":["https:\/\/www.adrianasbestrecipes.com\/wp-content\/uploads\/2016\/08\/Banana-Peppers-300x225.jpg",300,225,true],"medium_large":["https:\/\/www.adrianasbestrecipes.com\/wp-content\/uploads\/2016\/08\/Banana-Peppers.jpg",1000,750,false],"large":["https:\/\/www.adrianasbestrecipes.com\/wp-content\/uploads\/2016\/08\/Banana-Peppers.jpg",1000,750,false],"1536x1536":["https:\/\/www.adrianasbestrecipes.com\/wp-content\/uploads\/2016\/08\/Banana-Peppers.jpg",1000,750,false],"2048x2048":["https:\/\/www.adrianasbestrecipes.com\/wp-content\/uploads\/2016\/08\/Banana-Peppers.jpg",1000,750,false],"wprm-metadata-1_1":["https:\/\/www.adrianasbestrecipes.com\/wp-content\/uploads\/2016\/08\/Banana-Peppers-500x500.jpg",500,500,true],"wprm-metadata-4_3":["https:\/\/www.adrianasbestrecipes.com\/wp-content\/uploads\/2016\/08\/Banana-Peppers-500x375.jpg",500,375,true],"wprm-metadata-16_9":["https:\/\/www.adrianasbestrecipes.com\/wp-content\/uploads\/2016\/08\/Banana-Peppers-480x270.jpg",480,270,true],"rpwe-thumbnail":["https:\/\/www.adrianasbestrecipes.com\/wp-content\/uploads\/2016\/08\/Banana-Peppers-45x45.jpg",45,45,true],"mailchimp":["https:\/\/www.adrianasbestrecipes.com\/wp-content\/uploads\/2016\/08\/Banana-Peppers-560x420.jpg",560,420,true],"web-stories-poster-portrait":["https:\/\/www.adrianasbestrecipes.com\/wp-content\/uploads\/2016\/08\/Banana-Peppers.jpg",640,480,false],"web-stories-publisher-logo":["https:\/\/www.adrianasbestrecipes.com\/wp-content\/uploads\/2016\/08\/Banana-Peppers.jpg",96,72,false],"web-stories-thumbnail":["https:\/\/www.adrianasbestrecipes.com\/wp-content\/uploads\/2016\/08\/Banana-Peppers.jpg",150,113,false]},"uagb_author_info":{"display_name":"Chef Adriana Martin","author_link":"https:\/\/www.adrianasbestrecipes.com\/es\/author\/adriana\/"},"uagb_comment_info":0,"uagb_excerpt":"Viaj\u00e9 a California para aprender acerca de c\u00f3mo la biotecnolog\u00eda tiene un papel muy importante en los productos tra\u00eddos del huerto a la mesa.","jetpack-related-posts":[{"id":8671,"url":"https:\/\/www.adrianasbestrecipes.com\/es\/conviertiendome-en-un-agente-de-cambio\/","url_meta":{"origin":8610,"position":0},"title":"Convierti\u00e9ndome en un Agente de Cambio","author":"Chef Adriana Martin","date":"8 de agosto de 2016","format":false,"excerpt":"Uniendo fuerzas con LATISM para ser un agente de cambio en el tema de los negocios, la pol\u00edtica, la educaci\u00f3n y la salud. \u00danete a nosotros en Orlando.","rel":"","context":"En \u00abAgricultura\u00bb","block_context":{"text":"Agricultura","link":"https:\/\/www.adrianasbestrecipes.com\/es\/category\/agricultura\/"},"img":{"alt_text":"Ma\u00edz especial para el alimento de ganado","src":"https:\/\/i0.wp.com\/www.adrianasbestrecipes.com\/wp-content\/uploads\/2016\/08\/Corn-intended-for-cattle-feed.jpg?resize=350%2C200&ssl=1","width":350,"height":200,"srcset":"https:\/\/i0.wp.com\/www.adrianasbestrecipes.com\/wp-content\/uploads\/2016\/08\/Corn-intended-for-cattle-feed.jpg?resize=350%2C200&ssl=1 1x, https:\/\/i0.wp.com\/www.adrianasbestrecipes.com\/wp-content\/uploads\/2016\/08\/Corn-intended-for-cattle-feed.jpg?resize=525%2C300&ssl=1 1.5x, https:\/\/i0.wp.com\/www.adrianasbestrecipes.com\/wp-content\/uploads\/2016\/08\/Corn-intended-for-cattle-feed.jpg?resize=700%2C400&ssl=1 2x"},"classes":[]},{"id":8555,"url":"https:\/\/www.adrianasbestrecipes.com\/es\/visitando-capay-valley-ranch\/","url_meta":{"origin":8610,"position":1},"title":"Visitando Capay Valley Ranch","author":"Chef Adriana Martin","date":"31 de julio de 2016","format":false,"excerpt":"Una deliciosa y educativa excursi\u00f3n a Capay Valley Ranch, parte de mi experiencia con la International Food Bloggers Conference en Sacramento, California","rel":"","context":"En \u00abAgriculture\u00bb","block_context":{"text":"Agriculture","link":"https:\/\/www.adrianasbestrecipes.com\/category\/agriculture\/"},"img":{"alt_text":"Capay Valley Ranches un hermoso lugar cercano a Esparto, California","src":"https:\/\/i0.wp.com\/www.adrianasbestrecipes.com\/wp-content\/uploads\/2016\/07\/Capay-Valley-Ranches-a-beautiful-place-few-minutes-from-Esparto-California.jpg?resize=350%2C200&ssl=1","width":350,"height":200,"srcset":"https:\/\/i0.wp.com\/www.adrianasbestrecipes.com\/wp-content\/uploads\/2016\/07\/Capay-Valley-Ranches-a-beautiful-place-few-minutes-from-Esparto-California.jpg?resize=350%2C200&ssl=1 1x, https:\/\/i0.wp.com\/www.adrianasbestrecipes.com\/wp-content\/uploads\/2016\/07\/Capay-Valley-Ranches-a-beautiful-place-few-minutes-from-Esparto-California.jpg?resize=525%2C300&ssl=1 1.5x, https:\/\/i0.wp.com\/www.adrianasbestrecipes.com\/wp-content\/uploads\/2016\/07\/Capay-Valley-Ranches-a-beautiful-place-few-minutes-from-Esparto-California.jpg?resize=700%2C400&ssl=1 2x"},"classes":[]},{"id":21596,"url":"https:\/\/www.adrianasbestrecipes.com\/es\/cosecha-del-trigo-en-kansas\/","url_meta":{"origin":8610,"position":2},"title":"Cosecha del Trigo en Kansas","author":"Chef Adriana Martin","date":"25 de junio de 2018","format":false,"excerpt":"Experimentando la cosecha del trigo y aprendiendo c\u00f3mo \u00e9ste se convierte en pan. Este evento fue patrocinado por Kansas Wheat y Red Star Yeast.","rel":"","context":"En \u00abAgricultura\u00bb","block_context":{"text":"Agricultura","link":"https:\/\/www.adrianasbestrecipes.com\/es\/category\/agricultura\/"},"img":{"alt_text":"La Cosecha del Trigo en Kansas","src":"https:\/\/i0.wp.com\/www.adrianasbestrecipes.com\/wp-content\/uploads\/2018\/06\/Wheat-Harvest-Tour-in-Kansas.jpg?resize=350%2C200&ssl=1","width":350,"height":200,"srcset":"https:\/\/i0.wp.com\/www.adrianasbestrecipes.com\/wp-content\/uploads\/2018\/06\/Wheat-Harvest-Tour-in-Kansas.jpg?resize=350%2C200&ssl=1 1x, https:\/\/i0.wp.com\/www.adrianasbestrecipes.com\/wp-content\/uploads\/2018\/06\/Wheat-Harvest-Tour-in-Kansas.jpg?resize=525%2C300&ssl=1 1.5x, https:\/\/i0.wp.com\/www.adrianasbestrecipes.com\/wp-content\/uploads\/2018\/06\/Wheat-Harvest-Tour-in-Kansas.jpg?resize=700%2C400&ssl=1 2x"},"classes":[]},{"id":5899,"url":"https:\/\/www.adrianasbestrecipes.com\/es\/dando-gracias-a-los-agricultores\/","url_meta":{"origin":8610,"position":3},"title":"Dando Gracias a los Agricultores","author":"Chef Adriana Martin","date":"24 de noviembre de 2015","format":false,"excerpt":"Este es un peque\u00f1o homenaje a los agricultores que son ahora mis amigos","rel":"","context":"En \u00abAgriculture\u00bb","block_context":{"text":"Agriculture","link":"https:\/\/www.adrianasbestrecipes.com\/category\/agriculture\/"},"img":{"alt_text":"","src":"https:\/\/i0.wp.com\/www.adrianasbestrecipes.com\/wp-content\/uploads\/2015\/11\/TY-Strawberry-Patch-Owners-at-Yolo-County-Calfornia.jpg?resize=350%2C200&ssl=1","width":350,"height":200,"srcset":"https:\/\/i0.wp.com\/www.adrianasbestrecipes.com\/wp-content\/uploads\/2015\/11\/TY-Strawberry-Patch-Owners-at-Yolo-County-Calfornia.jpg?resize=350%2C200&ssl=1 1x, https:\/\/i0.wp.com\/www.adrianasbestrecipes.com\/wp-content\/uploads\/2015\/11\/TY-Strawberry-Patch-Owners-at-Yolo-County-Calfornia.jpg?resize=525%2C300&ssl=1 1.5x"},"classes":[]},{"id":8898,"url":"https:\/\/www.adrianasbestrecipes.com\/es\/la-fiesta-de-la-hispanidad\/","url_meta":{"origin":8610,"position":4},"title":"Organizando la Fiesta de la Hispanidad","author":"Chef Adriana Martin","date":"24 de septiembre de 2016","format":false,"excerpt":"Organizando la Fiesta de la Hispanidad cocinado deliciosos platillos con la ayuda de algunos de nuestros productos favoritos de la marca NESTL\u00c9\u00ae.","rel":"","context":"En \u00abCena\u00bb","block_context":{"text":"Cena","link":"https:\/\/www.adrianasbestrecipes.com\/es\/category\/cena-2\/"},"img":{"alt_text":"Organizando la Fiesta de la Hispanidad con NESTLE","src":"https:\/\/i0.wp.com\/www.adrianasbestrecipes.com\/wp-content\/uploads\/2016\/09\/Hispanic-Heritage-Month-Party-Inspiration.jpg?resize=350%2C200&ssl=1","width":350,"height":200,"srcset":"https:\/\/i0.wp.com\/www.adrianasbestrecipes.com\/wp-content\/uploads\/2016\/09\/Hispanic-Heritage-Month-Party-Inspiration.jpg?resize=350%2C200&ssl=1 1x, https:\/\/i0.wp.com\/www.adrianasbestrecipes.com\/wp-content\/uploads\/2016\/09\/Hispanic-Heritage-Month-Party-Inspiration.jpg?resize=525%2C300&ssl=1 1.5x, https:\/\/i0.wp.com\/www.adrianasbestrecipes.com\/wp-content\/uploads\/2016\/09\/Hispanic-Heritage-Month-Party-Inspiration.jpg?resize=700%2C400&ssl=1 2x"},"classes":[]},{"id":10102,"url":"https:\/\/www.adrianasbestrecipes.com\/es\/frijoles-refritos-bayos\/","url_meta":{"origin":8610,"position":5},"title":"Frijoles Refritos Bayos para Tu Mesa","author":"Chef Adriana Martin","date":"30 de noviembre de 2016","format":false,"excerpt":"Para el men\u00fa para las Posadas necesitas la receta de los frijoles refritos f\u00e1ciles. Porque qui\u00e9n puede comer comida mexicana sin frijoles refritos.","rel":"","context":"En \u00abF\u00e1cil y R\u00e1pido\u00bb","block_context":{"text":"F\u00e1cil y R\u00e1pido","link":"https:\/\/www.adrianasbestrecipes.com\/es\/category\/facil-y-rapido\/"},"img":{"alt_text":"Frijoles Refritos Bayos para Tu Mesa","src":"https:\/\/i0.wp.com\/www.adrianasbestrecipes.com\/wp-content\/uploads\/2016\/11\/The-Easiest-Refried-Beans-Ever.jpg?resize=350%2C200&ssl=1","width":350,"height":200,"srcset":"https:\/\/i0.wp.com\/www.adrianasbestrecipes.com\/wp-content\/uploads\/2016\/11\/The-Easiest-Refried-Beans-Ever.jpg?resize=350%2C200&ssl=1 1x, https:\/\/i0.wp.com\/www.adrianasbestrecipes.com\/wp-content\/uploads\/2016\/11\/The-Easiest-Refried-Beans-Ever.jpg?resize=525%2C300&ssl=1 1.5x, https:\/\/i0.wp.com\/www.adrianasbestrecipes.com\/wp-content\/uploads\/2016\/11\/The-Easiest-Refried-Beans-Ever.jpg?resize=700%2C400&ssl=1 2x"},"classes":[]}],"jetpack_sharing_enabled":true,"_links":{"self":[{"href":"https:\/\/www.adrianasbestrecipes.com\/es\/wp-json\/wp\/v2\/posts\/8610","targetHints":{"allow":["GET"]}}],"collection":[{"href":"https:\/\/www.adrianasbestrecipes.com\/es\/wp-json\/wp\/v2\/posts"}],"about":[{"href":"https:\/\/www.adrianasbestrecipes.com\/es\/wp-json\/wp\/v2\/types\/post"}],"author":[{"embeddable":true,"href":"https:\/\/www.adrianasbestrecipes.com\/es\/wp-json\/wp\/v2\/users\/2"}],"replies":[{"embeddable":true,"href":"https:\/\/www.adrianasbestrecipes.com\/es\/wp-json\/wp\/v2\/comments?post=8610"}],"version-history":[{"count":0,"href":"https:\/\/www.adrianasbestrecipes.com\/es\/wp-json\/wp\/v2\/posts\/8610\/revisions"}],"wp:featuredmedia":[{"embeddable":true,"href":"https:\/\/www.adrianasbestrecipes.com\/es\/wp-json\/wp\/v2\/media\/8618"}],"wp:attachment":[{"href":"https:\/\/www.adrianasbestrecipes.com\/es\/wp-json\/wp\/v2\/media?parent=8610"}],"wp:term":[{"taxonomy":"category","embeddable":true,"href":"https:\/\/www.adrianasbestrecipes.com\/es\/wp-json\/wp\/v2\/categories?post=8610"},{"taxonomy":"post_tag","embeddable":true,"href":"https:\/\/www.adrianasbestrecipes.com\/es\/wp-json\/wp\/v2\/tags?post=8610"}],"curies":[{"name":"wp","href":"https:\/\/api.w.org\/{rel}","templated":true}]}}