{"id":572,"date":"2012-06-04T23:24:47","date_gmt":"2012-06-05T03:24:47","guid":{"rendered":"https:\/\/www.adrianasbestrecipes.com\/?p=572"},"modified":"2012-07-16T03:25:57","modified_gmt":"2012-07-16T07:25:57","slug":"pollo-asado-a-la-naranja","status":"publish","type":"post","link":"https:\/\/www.adrianasbestrecipes.com\/es\/pollo-asado-a-la-naranja\/","title":{"rendered":"Pollo Asado a la Naranja"},"content":{"rendered":"<figure id=\"attachment_559\" aria-describedby=\"caption-attachment-559\" style=\"width: 158px\" class=\"wp-caption alignright\"><img decoding=\"async\" class=\"size-medium wp-image-559\" title=\"Grilled Chicken a lorange\" src=\"https:\/\/adrianasbestrecipes.com\/wp-content\/uploads\/2012\/06\/Grilled-Chicken-a-lorange-168x300.jpg\" alt=\"Grilled Chicken a l'Orange\" width=\"168\" height=\"300\" srcset=\"https:\/\/www.adrianasbestrecipes.com\/wp-content\/uploads\/2012\/06\/Grilled-Chicken-a-lorange-168x300.jpg 168w, https:\/\/www.adrianasbestrecipes.com\/wp-content\/uploads\/2012\/06\/Grilled-Chicken-a-lorange-560x997.jpg 560w, https:\/\/www.adrianasbestrecipes.com\/wp-content\/uploads\/2012\/06\/Grilled-Chicken-a-lorange.jpg 575w\" sizes=\"(max-width: 168px) 100vw, 168px\" \/><figcaption id=\"caption-attachment-559\" class=\"wp-caption-text\">Pollo Asado a la Naranja<\/figcaption><\/figure>\n<p>El verano es una temporada que me inspira a cocinar platillos ligeros y saludables, por eso que hoy estoy compartiendo contigo mi mas reciente inspiraci\u00f3n usando naranjas frescas de la Florida, espinacas y ur\u00fagulas\u00a0tiernas y pollo org\u00e1nico.<\/p>\n<h2>INGREDIENTES<\/h2>\n<ul>\n<li>4 pechugas de pollo org\u00e1nico<\/li>\n<li>1 bolsa de espinacas y ur\u00fagula tiernas<\/li>\n<li>3 naranjas Navel en rodajas<\/li>\n<\/ul>\n<p><strong><span style=\"text-decoration: underline;\">Para la marinada:<\/span><\/strong><\/p>\n<ul>\n<li>1\/2 taza mermelada\u00a0de naranja<\/li>\n<li>1\/2 taza vinagre de arroz Nakano<\/li>\n<li>1\/3 taza de jugo de naranja<\/li>\n<li>2 cucharadas de mostaza picante<\/li>\n<li>1\/2 cucharadita de ajo en polvo<\/li>\n<li>1\/3 cucharadita de pimienta molida<\/li>\n<li>1\/2 cucharadita de piment\u00f3n ahumado (paprika)<\/li>\n<li>1\/3 cucharadita de sal\u00a0marina<\/li>\n<\/ul>\n<p><em>Combina todos los ingredientes hasta tener una consistencia uniforme, reserva para marinar el pollo.<\/em><\/p>\n<p>&nbsp;<\/p>\n<p><strong><span style=\"text-decoration: underline;\">Para el aderezo:<\/span><\/strong><\/p>\n<ul>\n<li>1\/3 taza de jugo de naranja<\/li>\n<li>1\/2 taza de vinagre de arroz Balsamico Nakano<\/li>\n<li>1 taza de aceite de oliva Sal y pimienta<\/li>\n<\/ul>\n<p><em>Combina todos los ingredientes, reserva para aderezar la ensalada.<\/em><\/p>\n<p>&nbsp;<\/p>\n<p><span style=\"text-decoration: underline;\">Tiempo de preparaci\u00f3n:<\/span> 45 minutos. Necesitar\u00e1s un grill o parrilla, utensilios y spray para asar, un taz\u00f3n y un recipiente de pl\u00e1stico con tapa.<\/p>\n<p>Vierte la marinada sobre las pechugas de pollo, aseg\u00farate \u00a0de cubrir generosamente, despu\u00e9s coloca las pechugas en un recipiente de pl\u00e1stico, tapa y deja reposar dentro del refrigerador por 20-30 minutos.<\/p>\n<p>En el mientras tanto roc\u00eda la parrilla del grill con el spray para asados para evitar que la carne se pegue, calienta tu grill hasta llegar a una temperatura de 250 F. Asa las pechugas durante 10-15 minutos por ambos lados. Coloca las rodajas de naranja en el grill y asa durante 3-5 minutos.<\/p>\n<p>Para servir coloca en un plato una camita de espinacas frescas y ur\u00fagula tierna, \u00a0rocia con el aderezo hecho en casa. rebana la pechuga y sirve encima de la ensalada. Decora con rodajas asadas de naranja. Disfruta este platillo con una copa de vino blanco bien fr\u00edo, puede ser Pinot Grigio o Riesling.<\/p>\n<p>Este plato es bajo en calor\u00edas y muy f\u00e1cil de preparar, si lo deseas puedes utilizar chuletas o lomo de cerdo, esta marinada c\u00edtrica va bien tanto con pollo como con cerdo.<\/p>\n<p>\u00a1Felices parriladas de verano!<\/p>\n","protected":false},"excerpt":{"rendered":"<p>Dale mas sabor a tu verano con esta receta sabrosa y saludable<\/p>\n","protected":false},"author":2,"featured_media":5278,"comment_status":"open","ping_status":"closed","sticky":false,"template":"","format":"standard","meta":{"_seopress_robots_primary_cat":"","_seopress_titles_title":"","_seopress_titles_desc":"","_seopress_robots_index":"","_uag_custom_page_level_css":"","wprm-recipe-roundup-name":"","wprm-recipe-roundup-description":"","_jetpack_memberships_contains_paid_content":false,"footnotes":""},"categories":[325,66,73],"tags":[265,61,116,390,400],"class_list":["post-572","post","type-post","status-publish","format-standard","has-post-thumbnail","hentry","category-almuerzo-es","category-cena-2","category-facil-y-rapido","tag-asados","tag-espanol","tag-facil","tag-nakano","tag-verano","generate-columns","tablet-grid-50","mobile-grid-100","grid-parent","grid-50"],"jetpack_featured_media_url":"https:\/\/www.adrianasbestrecipes.com\/wp-content\/uploads\/Grilled-Chicken-a-lorange-168x300.jpg","spectra_custom_meta":{"_edit_last":["2"],"_edit_lock":["1342423557:2"],"image":["https:\/\/adrianasbestrecipes.com\/wp-content\/uploads\/2012\/06\/Grilled-Chicken-a-lorange-2.jpg"],"seo_follow":["false"],"seo_noindex":["false"],"_alp_processed":["1342423557"],"dsq_thread_id":["1930441461"],"_thumbnail_id":["5278"],"_et_social_shares_facebook":["a:3:{s:12:\"force_update\";b:1;s:6:\"counts\";i:0;s:8:\"last_upd\";s:19:\"2016-05-29 12:34:17\";}"],"_et_social_shares_twitter":["a:3:{s:12:\"force_update\";b:1;s:6:\"counts\";i:0;s:8:\"last_upd\";s:19:\"2016-05-29 12:34:17\";}"],"_et_social_shares_googleplus":["a:3:{s:12:\"force_update\";b:1;s:6:\"counts\";i:0;s:8:\"last_upd\";s:19:\"2016-05-29 12:34:17\";}"],"_et_social_shares_pinterest":["a:3:{s:12:\"force_update\";b:1;s:6:\"counts\";i:0;s:8:\"last_upd\";s:19:\"2016-05-29 12:34:17\";}"],"_et_social_shares_delicious":["a:3:{s:12:\"force_update\";b:1;s:6:\"counts\";i:0;s:8:\"last_upd\";s:19:\"2016-05-29 12:34:17\";}"],"_et_social_shares_digg":["a:3:{s:12:\"force_update\";b:1;s:6:\"counts\";i:0;s:8:\"last_upd\";s:19:\"2016-05-29 12:34:17\";}"],"_totes":["215"],"bitly_link":["http:\/\/bit.ly\/2E4cClY"],"_google_plus_shares":["0"],"bitly_link_google_plus":["http:\/\/bit.ly\/2Ml43qL"],"swp_open_graph_image_data":["false"],"swp_open_graph_image_url":[""],"_facebook_shares":["0"],"_pinterest_shares":["215"],"_buffer_shares":["0"],"_yummly_shares":["0"],"_twitter_shares":["0"],"_whatsapp_shares":["0"],"_flipboard_shares":["0"],"_mix_shares":["0"],"_email_shares":["0"],"_total_shares":["215"],"bitly_link_facebook":["http:\/\/bit.ly\/2MiYWHK"],"bitly_link_twitter":["http:\/\/bit.ly\/2vE0mTP"],"bitly_link_mix":["http:\/\/bit.ly\/2E3m4VK"],"bitly_link_buffer":["http:\/\/bit.ly\/2E2eY3S"],"bitly_link_flipboard":["http:\/\/bit.ly\/2E1Rc81"],"bitly_link_email":["http:\/\/bit.ly\/2E257ea"],"bitly_link_whatsapp":["http:\/\/bit.ly\/2vyqvmT"],"bitly_link_yummly":["http:\/\/bit.ly\/2vA9okI"],"swp_cache_timestamp":["431179"],"dpsp_networks_shares":["a:7:{s:9:\"pinterest\";i:215;s:8:\"facebook\";i:0;s:7:\"twitter\";i:0;s:6:\"yummly\";i:0;s:6:\"reddit\";i:0;s:6:\"buffer\";i:0;s:4:\"grow\";i:1;}"],"dpsp_networks_shares_total":["216"],"dpsp_networks_shares_last_updated":["1642344911"],"dpsp_cache_shares_twitter_2":["0"],"dpsp_short_link_bitly":["a:14:{s:18:\"facebook_short_url\";s:21:\"http:\/\/bit.ly\/2Gad02n\";s:17:\"twitter_short_url\";s:21:\"http:\/\/bit.ly\/2G7j9MO\";s:18:\"whatsapp_short_url\";s:21:\"http:\/\/bit.ly\/2GbUfMd\";s:16:\"yummly_short_url\";s:21:\"http:\/\/bit.ly\/2G8GvkY\";s:15:\"email_short_url\";s:21:\"http:\/\/bit.ly\/2G7APb3\";s:13:\"mix_short_url\";s:21:\"http:\/\/bit.ly\/35DbsbO\";s:19:\"flipboard_short_url\";s:21:\"http:\/\/bit.ly\/2Bg7Pe5\";s:18:\"linkedin_short_url\";s:21:\"http:\/\/bit.ly\/35A1aJz\";s:16:\"reddit_short_url\";s:21:\"http:\/\/bit.ly\/31jyX6i\";s:16:\"buffer_short_url\";s:21:\"http:\/\/bit.ly\/2nMiqKv\";s:18:\"telegram_short_url\";s:21:\"http:\/\/bit.ly\/2IQriWO\";s:14:\"grow_short_url\";s:22:\"https:\/\/bit.ly\/2RtuT4u\";s:17:\"threads_short_url\";s:22:\"https:\/\/bit.ly\/45zncvs\";s:18:\"mastodon_short_url\";s:22:\"https:\/\/bit.ly\/4blKt5a\";}"],"_jetpack_related_posts_cache":["a:1:{s:32:\"8f6677c9d6b0f903e98ad32ec61f8deb\";a:2:{s:7:\"expires\";i:1621680028;s:7:\"payload\";a:3:{i:0;a:1:{s:2:\"id\";i:2180;}i:1;a:1:{s:2:\"id\";i:1579;}i:2;a:1:{s:2:\"id\";i:1722;}}}}"],"dpsp_post_previous_urls":["a:1:{i:0;s:75:\"https:\/\/www.adrianasbestrecipes.com\/es\/2012\/06\/04\/pollo-asado-a-la-naranja\/\";}"],"dpsp_networks_shares_previous_urls":["a:5:{s:8:\"facebook\";i:0;s:7:\"twitter\";i:0;s:9:\"pinterest\";i:0;s:6:\"yummly\";i:0;s:6:\"reddit\";i:0;}"],"_tbf_fix_details":["a:5:{s:6:\"fix_id\";s:2:\"16\";s:19:\"changed_revision_id\";s:3:\"572\";s:20:\"original_revision_id\";s:3:\"572\";s:17:\"operation_set_ids\";s:16:\"image_unlink_fix\";s:10:\"operations\";a:1:{i:0;s:17:\"regex_link_remove\";}}"],"litespeed_vpi_list":["a:3:{i:0;s:37:\"ABRecipes-New-Logo-with-Trademark.jpg\";i:1;s:37:\"Grilled-Chicken-a-lorange-168x300.jpg\";i:2;s:36:\"Adriana-Martin-TACOS-23-683x1024.jpg\";}"],"dpsp_networks_shares_json":["{\"pinterest\":215,\"facebook\":0,\"twitter\":0,\"yummly\":0,\"reddit\":0,\"buffer\":0,\"grow\":1}"],"wprm_rating_no_text_comments":["a:0:{}"],"copied_media_ids":["a:0:{}"],"referenced_media_ids":["a:1:{i:0;i:5278;}"],"_uag_page_assets":["a:9:{s:3:\"css\";s:0:\"\";s:2:\"js\";s:0:\"\";s:18:\"current_block_list\";a:0:{}s:8:\"uag_flag\";b:0;s:11:\"uag_version\";s:10:\"1777399541\";s:6:\"gfonts\";a:0:{}s:10:\"gfonts_url\";s:0:\"\";s:12:\"gfonts_files\";a:0:{}s:14:\"uag_faq_layout\";b:0;}"]},"uagb_featured_image_src":{"full":["https:\/\/www.adrianasbestrecipes.com\/wp-content\/uploads\/Grilled-Chicken-a-lorange-168x300.jpg",0,0,false],"thumbnail":["https:\/\/www.adrianasbestrecipes.com\/wp-content\/uploads\/Grilled-Chicken-a-lorange-168x300.jpg",1,1,false],"medium":["https:\/\/www.adrianasbestrecipes.com\/wp-content\/uploads\/Grilled-Chicken-a-lorange-168x300.jpg",1,1,false],"medium_large":["https:\/\/www.adrianasbestrecipes.com\/wp-content\/uploads\/Grilled-Chicken-a-lorange-168x300.jpg",0,0,false],"large":["https:\/\/www.adrianasbestrecipes.com\/wp-content\/uploads\/Grilled-Chicken-a-lorange-168x300.jpg",1,1,false],"1536x1536":["https:\/\/www.adrianasbestrecipes.com\/wp-content\/uploads\/Grilled-Chicken-a-lorange-168x300.jpg",1,1,false],"2048x2048":["https:\/\/www.adrianasbestrecipes.com\/wp-content\/uploads\/Grilled-Chicken-a-lorange-168x300.jpg",1,1,false],"wprm-metadata-1_1":["https:\/\/www.adrianasbestrecipes.com\/wp-content\/uploads\/Grilled-Chicken-a-lorange-168x300.jpg",1,1,false],"wprm-metadata-4_3":["https:\/\/www.adrianasbestrecipes.com\/wp-content\/uploads\/Grilled-Chicken-a-lorange-168x300.jpg",1,1,false],"wprm-metadata-16_9":["https:\/\/www.adrianasbestrecipes.com\/wp-content\/uploads\/Grilled-Chicken-a-lorange-168x300.jpg",1,1,false],"rpwe-thumbnail":["https:\/\/www.adrianasbestrecipes.com\/wp-content\/uploads\/Grilled-Chicken-a-lorange-168x300.jpg",1,1,false],"mailchimp":["https:\/\/www.adrianasbestrecipes.com\/wp-content\/uploads\/Grilled-Chicken-a-lorange-168x300.jpg",1,1,false],"web-stories-poster-portrait":["https:\/\/www.adrianasbestrecipes.com\/wp-content\/uploads\/Grilled-Chicken-a-lorange-168x300.jpg",1,1,false],"web-stories-publisher-logo":["https:\/\/www.adrianasbestrecipes.com\/wp-content\/uploads\/Grilled-Chicken-a-lorange-168x300.jpg",1,1,false],"web-stories-thumbnail":["https:\/\/www.adrianasbestrecipes.com\/wp-content\/uploads\/Grilled-Chicken-a-lorange-168x300.jpg",1,1,false]},"uagb_author_info":{"display_name":"Chef Adriana Martin","author_link":"https:\/\/www.adrianasbestrecipes.com\/es\/author\/adriana\/"},"uagb_comment_info":0,"uagb_excerpt":"Dale mas sabor a tu verano con esta receta sabrosa y saludable","jetpack-related-posts":[{"id":12882,"url":"https:\/\/www.adrianasbestrecipes.com\/es\/ensalada-de-frambuesas-y-pollo-asado\/","url_meta":{"origin":572,"position":0},"title":"Ensalada de Frambuesas y Pollo Asado","author":"Chef Adriana Martin","date":"29 de abril de 2017","format":false,"excerpt":"Ensalada de frambuesas y pollo asado con aderezo casero picante de Sriracha. Una opci\u00f3n f\u00e1cil y lista en cuesti\u00f3n de minutos.","rel":"","context":"En \u00abAlmuerzo\u00bb","block_context":{"text":"Almuerzo","link":"https:\/\/www.adrianasbestrecipes.com\/es\/category\/almuerzo-es\/"},"img":{"alt_text":"Ensalada de frambuesas y pollo asado con aderezo picante de Sriracha","src":"https:\/\/i0.wp.com\/www.adrianasbestrecipes.com\/wp-content\/uploads\/2017\/04\/Sriracha-Raspberry-Chicken-Salad-Recipe.jpg?resize=350%2C200&ssl=1","width":350,"height":200,"srcset":"https:\/\/i0.wp.com\/www.adrianasbestrecipes.com\/wp-content\/uploads\/2017\/04\/Sriracha-Raspberry-Chicken-Salad-Recipe.jpg?resize=350%2C200&ssl=1 1x, https:\/\/i0.wp.com\/www.adrianasbestrecipes.com\/wp-content\/uploads\/2017\/04\/Sriracha-Raspberry-Chicken-Salad-Recipe.jpg?resize=525%2C300&ssl=1 1.5x, https:\/\/i0.wp.com\/www.adrianasbestrecipes.com\/wp-content\/uploads\/2017\/04\/Sriracha-Raspberry-Chicken-Salad-Recipe.jpg?resize=700%2C400&ssl=1 2x"},"classes":[]},{"id":105,"url":"https:\/\/www.adrianasbestrecipes.com\/es\/ensalada-de-fresas\/","url_meta":{"origin":572,"position":1},"title":"Ensalada de Fresas","author":"Chef Adriana Martin","date":"29 de junio de 2011","format":false,"excerpt":"Las fresas son excelente combinaci\u00f3n con espinacas tiernas y queso de cabra, una ensalada diferente pero deliciosa.","rel":"","context":"En \u00abAlmuerzo\u00bb","block_context":{"text":"Almuerzo","link":"https:\/\/www.adrianasbestrecipes.com\/es\/category\/almuerzo-es\/"},"img":{"alt_text":"Strawberry Salad with feta cheese and walnuts","src":"https:\/\/i0.wp.com\/www.adrianasbestrecipes.com\/wp-content\/uploads\/2011\/06\/Strawberry-Salad-2.jpg?resize=350%2C200&ssl=1","width":350,"height":200,"srcset":"https:\/\/i0.wp.com\/www.adrianasbestrecipes.com\/wp-content\/uploads\/2011\/06\/Strawberry-Salad-2.jpg?resize=350%2C200&ssl=1 1x, https:\/\/i0.wp.com\/www.adrianasbestrecipes.com\/wp-content\/uploads\/2011\/06\/Strawberry-Salad-2.jpg?resize=525%2C300&ssl=1 1.5x, https:\/\/i0.wp.com\/www.adrianasbestrecipes.com\/wp-content\/uploads\/2011\/06\/Strawberry-Salad-2.jpg?resize=700%2C400&ssl=1 2x"},"classes":[]},{"id":11763,"url":"https:\/\/www.adrianasbestrecipes.com\/es\/naranjas-chinas-confitadas-con-panal\/","url_meta":{"origin":572,"position":2},"title":"Naranjas Chinas Confitadas con Panal","author":"Chef Adriana Martin","date":"3 de febrero de 2017","format":false,"excerpt":"Las naranjas chinas confitadas con panal son muy sencillas de preparar. La t\u00e9cnica de confitado es perfecta para cocinar kumquats o naranjas chinas frescas en casa.","rel":"","context":"En \u00abF\u00e1cil y R\u00e1pido\u00bb","block_context":{"text":"F\u00e1cil y R\u00e1pido","link":"https:\/\/www.adrianasbestrecipes.com\/es\/category\/facil-y-rapido\/"},"img":{"alt_text":"Naranjas Chinas Confitadas con Panal","src":"https:\/\/i0.wp.com\/www.adrianasbestrecipes.com\/wp-content\/uploads\/2017\/02\/Honeycomb-Kumquat-Confit.jpg?resize=350%2C200&ssl=1","width":350,"height":200,"srcset":"https:\/\/i0.wp.com\/www.adrianasbestrecipes.com\/wp-content\/uploads\/2017\/02\/Honeycomb-Kumquat-Confit.jpg?resize=350%2C200&ssl=1 1x, https:\/\/i0.wp.com\/www.adrianasbestrecipes.com\/wp-content\/uploads\/2017\/02\/Honeycomb-Kumquat-Confit.jpg?resize=525%2C300&ssl=1 1.5x, https:\/\/i0.wp.com\/www.adrianasbestrecipes.com\/wp-content\/uploads\/2017\/02\/Honeycomb-Kumquat-Confit.jpg?resize=700%2C400&ssl=1 2x"},"classes":[]},{"id":2163,"url":"https:\/\/www.adrianasbestrecipes.com\/es\/martini-de-naranjas-chinas-o-kumquats\/","url_meta":{"origin":572,"position":3},"title":"Martini de Naranjas Chinas o Kumquats","author":"Chef Adriana Martin","date":"28 de diciembre de 2013","format":false,"excerpt":"El mejor coctel para recibir el a\u00f1o nuevo: Martini de Naranjas Chinas o Kumquats","rel":"","context":"En \u00abBebidas y Cocteles\u00bb","block_context":{"text":"Bebidas y Cocteles","link":"https:\/\/www.adrianasbestrecipes.com\/es\/category\/beverages-es\/"},"img":{"alt_text":"Kumquat Martini #ABRecipes","src":"https:\/\/i0.wp.com\/www.adrianasbestrecipes.com\/wp-content\/uploads\/2013\/12\/Kumquat-Martini-ABRecipes-vertical-1200-with-label.jpg?resize=350%2C200&ssl=1","width":350,"height":200,"srcset":"https:\/\/i0.wp.com\/www.adrianasbestrecipes.com\/wp-content\/uploads\/2013\/12\/Kumquat-Martini-ABRecipes-vertical-1200-with-label.jpg?resize=350%2C200&ssl=1 1x, https:\/\/i0.wp.com\/www.adrianasbestrecipes.com\/wp-content\/uploads\/2013\/12\/Kumquat-Martini-ABRecipes-vertical-1200-with-label.jpg?resize=525%2C300&ssl=1 1.5x, https:\/\/i0.wp.com\/www.adrianasbestrecipes.com\/wp-content\/uploads\/2013\/12\/Kumquat-Martini-ABRecipes-vertical-1200-with-label.jpg?resize=700%2C400&ssl=1 2x"},"classes":[]},{"id":23132,"url":"https:\/\/www.adrianasbestrecipes.com\/es\/tacos-de-lomo-de-cerdo-al-pastor\/","url_meta":{"origin":572,"position":4},"title":"Tacos de Lomo de Cerdo al Pastor","author":"Chef Adriana Martin","date":"11 de julio de 2018","format":false,"excerpt":"Del\u00e9itate con los Tacos de Lomo de Cerdo al Pastor en esta temporada de la parrilladas. \u00a1Te enamorar\u00e1s al primer bocado!","rel":"","context":"En \u00abCena\u00bb","block_context":{"text":"Cena","link":"https:\/\/www.adrianasbestrecipes.com\/es\/category\/cena-2\/"},"img":{"alt_text":"Deleite de tacos de lomo al pastor","src":"https:\/\/i0.wp.com\/www.adrianasbestrecipes.com\/wp-content\/uploads\/2018\/07\/Indulging-on-exquisite-pork-tacos-al-pastor.jpg?resize=350%2C200&ssl=1","width":350,"height":200,"srcset":"https:\/\/i0.wp.com\/www.adrianasbestrecipes.com\/wp-content\/uploads\/2018\/07\/Indulging-on-exquisite-pork-tacos-al-pastor.jpg?resize=350%2C200&ssl=1 1x, https:\/\/i0.wp.com\/www.adrianasbestrecipes.com\/wp-content\/uploads\/2018\/07\/Indulging-on-exquisite-pork-tacos-al-pastor.jpg?resize=525%2C300&ssl=1 1.5x, https:\/\/i0.wp.com\/www.adrianasbestrecipes.com\/wp-content\/uploads\/2018\/07\/Indulging-on-exquisite-pork-tacos-al-pastor.jpg?resize=700%2C400&ssl=1 2x"},"classes":[]},{"id":79,"url":"https:\/\/www.adrianasbestrecipes.com\/es\/ensalada-verde\/","url_meta":{"origin":572,"position":5},"title":"Ensalada Verde","author":"Chef Adriana Martin","date":"3 de junio de 2011","format":false,"excerpt":"Las ensaladas son una excelente forma de comenzar una comida y preparar el paladar para el plato fuerte.","rel":"","context":"En \u00abAlmuerzo\u00bb","block_context":{"text":"Almuerzo","link":"https:\/\/www.adrianasbestrecipes.com\/es\/category\/almuerzo-es\/"},"img":{"alt_text":"","src":"https:\/\/i0.wp.com\/www.adrianasbestrecipes.com\/wp-content\/uploads\/2011\/06\/green-salad.jpg?resize=350%2C200&ssl=1","width":350,"height":200,"srcset":"https:\/\/i0.wp.com\/www.adrianasbestrecipes.com\/wp-content\/uploads\/2011\/06\/green-salad.jpg?resize=350%2C200&ssl=1 1x, https:\/\/i0.wp.com\/www.adrianasbestrecipes.com\/wp-content\/uploads\/2011\/06\/green-salad.jpg?resize=525%2C300&ssl=1 1.5x, https:\/\/i0.wp.com\/www.adrianasbestrecipes.com\/wp-content\/uploads\/2011\/06\/green-salad.jpg?resize=700%2C400&ssl=1 2x"},"classes":[]}],"jetpack_sharing_enabled":true,"_links":{"self":[{"href":"https:\/\/www.adrianasbestrecipes.com\/es\/wp-json\/wp\/v2\/posts\/572","targetHints":{"allow":["GET"]}}],"collection":[{"href":"https:\/\/www.adrianasbestrecipes.com\/es\/wp-json\/wp\/v2\/posts"}],"about":[{"href":"https:\/\/www.adrianasbestrecipes.com\/es\/wp-json\/wp\/v2\/types\/post"}],"author":[{"embeddable":true,"href":"https:\/\/www.adrianasbestrecipes.com\/es\/wp-json\/wp\/v2\/users\/2"}],"replies":[{"embeddable":true,"href":"https:\/\/www.adrianasbestrecipes.com\/es\/wp-json\/wp\/v2\/comments?post=572"}],"version-history":[{"count":0,"href":"https:\/\/www.adrianasbestrecipes.com\/es\/wp-json\/wp\/v2\/posts\/572\/revisions"}],"wp:featuredmedia":[{"embeddable":true,"href":"https:\/\/www.adrianasbestrecipes.com\/es\/wp-json\/wp\/v2\/media\/5278"}],"wp:attachment":[{"href":"https:\/\/www.adrianasbestrecipes.com\/es\/wp-json\/wp\/v2\/media?parent=572"}],"wp:term":[{"taxonomy":"category","embeddable":true,"href":"https:\/\/www.adrianasbestrecipes.com\/es\/wp-json\/wp\/v2\/categories?post=572"},{"taxonomy":"post_tag","embeddable":true,"href":"https:\/\/www.adrianasbestrecipes.com\/es\/wp-json\/wp\/v2\/tags?post=572"}],"curies":[{"name":"wp","href":"https:\/\/api.w.org\/{rel}","templated":true}]}}