{"id":3832,"date":"2015-05-20T17:59:40","date_gmt":"2015-05-20T21:59:40","guid":{"rendered":"https:\/\/www.adrianasbestrecipes.com\/?p=3832"},"modified":"2016-10-27T01:49:46","modified_gmt":"2016-10-27T05:49:46","slug":"menu-para-la-parrillada-del-verano","status":"publish","type":"post","link":"https:\/\/www.adrianasbestrecipes.com\/es\/menu-para-la-parrillada-del-verano\/","title":{"rendered":"Men\u00fa para la Parrillada del Verano"},"content":{"rendered":"<h6 style=\"text-align: center;\">Esta campa\u00f1a ha sido compensada por Collective Bias, Inc. y su anunciante. Todas las opiniones son s\u00f3lo m\u00edas. #FlavorYourSummer #CollectiveBias<\/h6>\n<figure id=\"attachment_3833\" aria-describedby=\"caption-attachment-3833\" style=\"width: 630px\" class=\"wp-caption aligncenter\"><img decoding=\"async\" class=\"wp-image-3833 size-full\" title=\"Summer Grilling Party Menu #FlavorYourSummer #ad\" src=\"https:\/\/www.adrianasbestrecipes.com\/wp-content\/uploads\/2015\/05\/Summer-Grilling-Party-Menu.jpg\" alt=\"Summer Grilling Party Menu #FlavorYourSummer #ad\" width=\"640\" height=\"360\" srcset=\"https:\/\/www.adrianasbestrecipes.com\/wp-content\/uploads\/2015\/05\/Summer-Grilling-Party-Menu.jpg 640w, https:\/\/www.adrianasbestrecipes.com\/wp-content\/uploads\/2015\/05\/Summer-Grilling-Party-Menu-300x169.jpg 300w, https:\/\/www.adrianasbestrecipes.com\/wp-content\/uploads\/2015\/05\/Summer-Grilling-Party-Menu-480x270.jpg 480w, https:\/\/www.adrianasbestrecipes.com\/wp-content\/uploads\/2015\/05\/Summer-Grilling-Party-Menu-560x315.jpg 560w\" sizes=\"(max-width: 640px) 100vw, 640px\" \/><figcaption id=\"caption-attachment-3833\" class=\"wp-caption-text\">Men\u00fa para la Parrillada del Verano<\/figcaption><\/figure>\n<p><span style=\"line-height: 1.5;\">El verano ya casi llega as\u00ed como la temporada de las parrilladas por eso pens\u00e9 ser\u00eda apropiado compartir el\u00a0Men\u00fa para la Parrillada del Verano y as\u00ed\u00a0inspirarte a organizar\u00a0una reuni\u00f3n familiar con estilo latino usando los productos de<a href=\"http:\/\/cbi.as\/3myx\" target=\"_blank\" rel=\"nofollow\"> Nestl\u00e9<\/a>, mismos que son f\u00e1ciles de usar y\u00a0econ\u00f3micos.<\/span><\/p>\n<figure id=\"attachment_3834\" aria-describedby=\"caption-attachment-3834\" style=\"width: 630px\" class=\"wp-caption aligncenter\"><img decoding=\"async\" class=\"wp-image-3834 size-full\" title=\"Nestl\u00e9 Summer Products #FlavorYourSummer #ad\" src=\"https:\/\/www.adrianasbestrecipes.com\/wp-content\/uploads\/2015\/05\/Nestl\u00e9-Summer-Products-.jpg\" alt=\"Nestl\u00e9 Summer Products #FlavorYourSummer #ad\" width=\"640\" height=\"360\" srcset=\"https:\/\/www.adrianasbestrecipes.com\/wp-content\/uploads\/2015\/05\/Nestl\u00e9-Summer-Products-.jpg 640w, https:\/\/www.adrianasbestrecipes.com\/wp-content\/uploads\/2015\/05\/Nestl\u00e9-Summer-Products--300x169.jpg 300w, https:\/\/www.adrianasbestrecipes.com\/wp-content\/uploads\/2015\/05\/Nestl\u00e9-Summer-Products--480x270.jpg 480w, https:\/\/www.adrianasbestrecipes.com\/wp-content\/uploads\/2015\/05\/Nestl\u00e9-Summer-Products--560x315.jpg 560w\" sizes=\"(max-width: 640px) 100vw, 640px\" \/><figcaption id=\"caption-attachment-3834\" class=\"wp-caption-text\">Los productos de Nestl\u00e9 nunca faltan en mi despensa<\/figcaption><\/figure>\n<p>Cocinar platos sabrosos es una de las caracter\u00edsticas de nuestro estilo de cocina latina y acostumbramos servir platillos\u00a0llenos de sabor y con mucha personalidad. Recuerdo que cuando viv\u00eda en M\u00e9xico en la cocina de mi madre nunca faltaban en la despensa\u00a0los productos como NESCAF\u00c9\u00ae CL\u00c1SICO \u2122, la salsa MAGGI\u00ae Seasoning\u00a0y el caldo de pollo en polvo MAGGI\u00ae Bouillon.<\/p>\n<figure id=\"attachment_3835\" aria-describedby=\"caption-attachment-3835\" style=\"width: 630px\" class=\"wp-caption aligncenter\"><img decoding=\"async\" class=\"wp-image-3835 size-full\" title=\"Shopping at Walmart for Nestl\u00e9 Summer Products #FlavorYourSummer #ad\" src=\"https:\/\/www.adrianasbestrecipes.com\/wp-content\/uploads\/2015\/05\/Shopping-at-Walmart-for-Nestl\u00e9-Summer-Products-.jpg\" alt=\"Shopping at Walmart for Nestl\u00e9 Summer Products #FlavorYourSummer #ad\" width=\"640\" height=\"914\" srcset=\"https:\/\/www.adrianasbestrecipes.com\/wp-content\/uploads\/2015\/05\/Shopping-at-Walmart-for-Nestl\u00e9-Summer-Products-.jpg 640w, https:\/\/www.adrianasbestrecipes.com\/wp-content\/uploads\/2015\/05\/Shopping-at-Walmart-for-Nestl\u00e9-Summer-Products--210x300.jpg 210w, https:\/\/www.adrianasbestrecipes.com\/wp-content\/uploads\/2015\/05\/Shopping-at-Walmart-for-Nestl\u00e9-Summer-Products--560x800.jpg 560w\" sizes=\"(max-width: 640px) 100vw, 640px\" \/><figcaption id=\"caption-attachment-3835\" class=\"wp-caption-text\">De compras en Walmart donde por suerte encontr\u00e9 los productos de Nestl\u00e9 para mis recetas<\/figcaption><\/figure>\n<p>Cuando me vine a vivir\u00a0a\u00a0los Estados Unidos me preocupaba sobre\u00a0c\u00f3mo iba a ser capaz de recrear las recetas de mi madre sin contar con la salsa y el caldo de pollo MAGGI\u00ae. As\u00ed que me puse muy feliz cuando encontr\u00e9 estos productos en mi tienda Walmart.<\/p>\n<figure id=\"attachment_3836\" aria-describedby=\"caption-attachment-3836\" style=\"width: 630px\" class=\"wp-caption aligncenter\"><img decoding=\"async\" class=\"wp-image-3836 size-full\" title=\"Adriana Martin happy to find products from her childhood #FlavorYourSummer #ad\" src=\"https:\/\/www.adrianasbestrecipes.com\/wp-content\/uploads\/2015\/05\/Adriana-Martin-happy-to-find-products-from-her-childhood.jpg\" alt=\"Adriana Martin happy to find products from her childhood #FlavorYourSummer #ad\" width=\"640\" height=\"360\" srcset=\"https:\/\/www.adrianasbestrecipes.com\/wp-content\/uploads\/2015\/05\/Adriana-Martin-happy-to-find-products-from-her-childhood.jpg 640w, https:\/\/www.adrianasbestrecipes.com\/wp-content\/uploads\/2015\/05\/Adriana-Martin-happy-to-find-products-from-her-childhood-300x169.jpg 300w, https:\/\/www.adrianasbestrecipes.com\/wp-content\/uploads\/2015\/05\/Adriana-Martin-happy-to-find-products-from-her-childhood-480x270.jpg 480w, https:\/\/www.adrianasbestrecipes.com\/wp-content\/uploads\/2015\/05\/Adriana-Martin-happy-to-find-products-from-her-childhood-560x315.jpg 560w\" sizes=\"(max-width: 640px) 100vw, 640px\" \/><figcaption id=\"caption-attachment-3836\" class=\"wp-caption-text\">Adriana Martin feliz de haber encontrado los productos con los que creci\u00f3 en M\u00e9xico<\/figcaption><\/figure>\n<p>Con NESCAF\u00c9\u00ae CL\u00c1SICO \u2122 crec\u00ed. Cada ma\u00f1ana me tomaba un caf\u00e9 con leche calientito antes de ir a la escuela, y s\u00ed los ni\u00f1os en M\u00e9xico tomamos caf\u00e9 pero en muy peque\u00f1as porciones y agregamos bastante\u00a0leche. Cuando los fines de semana me quedaba en casa de mi abuela ella me preparaba caf\u00e9\u00a0fr\u00edo con\u00a0leche. Era\u00a0muy divertido beber caf\u00e9 con leche fr\u00edo acompa\u00f1ado de\u00a0pan de dulce en la cama. Mi abuelita dec\u00eda que ten\u00edamos un picnic en la cama mientras ve\u00edamos pel\u00edculas viejas en la tele. Pero NESCAF\u00c9\u00ae CL\u00c1SICO \u2122 no s\u00f3lo es rico para preparar el caf\u00e9 o postres tambi\u00e9n se puede usar\u00a0en platillos salados y me encanta usar para condimentar las carnes.<\/p>\n<figure id=\"attachment_3837\" aria-describedby=\"caption-attachment-3837\" style=\"width: 630px\" class=\"wp-caption aligncenter\"><img decoding=\"async\" class=\"size-full wp-image-3837\" src=\"https:\/\/www.adrianasbestrecipes.com\/wp-content\/uploads\/2015\/05\/Grilled-Pork-Loin-with-a-NESCAF\u00c9-CL\u00c1SICO.jpg\" alt=\"Grilled Pork Loin with NESCAF\u00c9 CL\u00c1SICO #FlavorYourSummer #ad\" width=\"640\" height=\"360\" srcset=\"https:\/\/www.adrianasbestrecipes.com\/wp-content\/uploads\/2015\/05\/Grilled-Pork-Loin-with-a-NESCAF\u00c9-CL\u00c1SICO.jpg 640w, https:\/\/www.adrianasbestrecipes.com\/wp-content\/uploads\/2015\/05\/Grilled-Pork-Loin-with-a-NESCAF\u00c9-CL\u00c1SICO-300x169.jpg 300w, https:\/\/www.adrianasbestrecipes.com\/wp-content\/uploads\/2015\/05\/Grilled-Pork-Loin-with-a-NESCAF\u00c9-CL\u00c1SICO-480x270.jpg 480w, https:\/\/www.adrianasbestrecipes.com\/wp-content\/uploads\/2015\/05\/Grilled-Pork-Loin-with-a-NESCAF\u00c9-CL\u00c1SICO-560x315.jpg 560w\" sizes=\"(max-width: 640px) 100vw, 640px\" \/><figcaption id=\"caption-attachment-3837\" class=\"wp-caption-text\">Lomo de Cerdo a la Parrilla sazonado con NESCAF\u00c9\u00ae CL\u00c1SICO\u2122<\/figcaption><\/figure>\n<p>Por eso, mi primera sugerencia para el Men\u00fa para la Parrillada del Verano es un <strong>Lomo de Cerdo a la Parrilla\u00a0sazonado con\u00a0NESCAF\u00c9\u00ae CL\u00c1SICO\u2122<\/strong>.<\/p>\n<figure id=\"attachment_3838\" aria-describedby=\"caption-attachment-3838\" style=\"width: 630px\" class=\"wp-caption aligncenter\"><img decoding=\"async\" class=\"wp-image-3838 size-full\" title=\"Ingredients for the NESCAF\u00c9 CL\u00c1SICO rub #FlavorYourSummer #ad\" src=\"https:\/\/www.adrianasbestrecipes.com\/wp-content\/uploads\/2015\/05\/Ingredients-for-the-NESCAF\u00c9-CL\u00c1SICO-rub.jpg\" alt=\"Ingredients for the NESCAF\u00c9 CL\u00c1SICO rub #FlavorYourSummer #ad\" width=\"640\" height=\"519\" srcset=\"https:\/\/www.adrianasbestrecipes.com\/wp-content\/uploads\/2015\/05\/Ingredients-for-the-NESCAF\u00c9-CL\u00c1SICO-rub.jpg 640w, https:\/\/www.adrianasbestrecipes.com\/wp-content\/uploads\/2015\/05\/Ingredients-for-the-NESCAF\u00c9-CL\u00c1SICO-rub-300x243.jpg 300w, https:\/\/www.adrianasbestrecipes.com\/wp-content\/uploads\/2015\/05\/Ingredients-for-the-NESCAF\u00c9-CL\u00c1SICO-rub-560x454.jpg 560w\" sizes=\"(max-width: 640px) 100vw, 640px\" \/><figcaption id=\"caption-attachment-3838\" class=\"wp-caption-text\">Ingredientes para preparar el saz\u00f3n con NESCAF\u00c9\u00ae CL\u00c1SICO\u2122<\/figcaption><\/figure>\n<h2>INGREDIENTES<\/h2>\n<ul>\n<li>1 lomo de cerdo\u00a0mediano<\/li>\n<li>2 cucharadas de aceite de oliva<\/li>\n<li>2 cucharadas de NESCAF\u00c9\u00ae CL\u00c1SICO \u2122<\/li>\n<li>1 cucharada de caldo de pollo MAGGI\u00ae Bouillon<\/li>\n<li>1 cucharadita de pimienta negra<\/li>\n<li>1 cucharadita de ajo en polvo<\/li>\n<li>1 cucharadita de or\u00e9gano mexicano<\/li>\n<\/ul>\n<figure id=\"attachment_3839\" aria-describedby=\"caption-attachment-3839\" style=\"width: 630px\" class=\"wp-caption aligncenter\"><img decoding=\"async\" class=\"wp-image-3839 size-full\" title=\"How to Make Grilled Pork Loin with NESCAF\u00c9 CL\u00c1SICO #FlavorYourSummer #ad\" src=\"https:\/\/www.adrianasbestrecipes.com\/wp-content\/uploads\/2015\/05\/How-to-Make-Grilled-Pork-Loin-with-a-NESCAF\u00c9-CL\u00c1SICO.jpg\" alt=\"How to Make Grilled Pork Loin with NESCAF\u00c9 CL\u00c1SICO #FlavorYourSummer #ad\" width=\"640\" height=\"914\" srcset=\"https:\/\/www.adrianasbestrecipes.com\/wp-content\/uploads\/2015\/05\/How-to-Make-Grilled-Pork-Loin-with-a-NESCAF\u00c9-CL\u00c1SICO.jpg 640w, https:\/\/www.adrianasbestrecipes.com\/wp-content\/uploads\/2015\/05\/How-to-Make-Grilled-Pork-Loin-with-a-NESCAF\u00c9-CL\u00c1SICO-210x300.jpg 210w, https:\/\/www.adrianasbestrecipes.com\/wp-content\/uploads\/2015\/05\/How-to-Make-Grilled-Pork-Loin-with-a-NESCAF\u00c9-CL\u00c1SICO-560x800.jpg 560w\" sizes=\"(max-width: 640px) 100vw, 640px\" \/><figcaption id=\"caption-attachment-3839\" class=\"wp-caption-text\">C\u00f3mo preparar el lomo de cerdo a la parrilla con NESCAF\u00c9\u00ae CL\u00c1SICO\u2122<\/figcaption><\/figure>\n<p>Sigue estas instrucciones paso a paso para preparar el lomo de cerdo a la parrilla con NESCAF\u00c9\u00ae CL\u00c1SICO \u2122:<\/p>\n<ol>\n<li>Coloca el lomo de cerdo en un sart\u00e9n o platon para asar y cubre bien con el aceite de oliva. Esto permitir\u00e1 que los condimentos se adhieran f\u00e1cilmente a la carne.<\/li>\n<li>Agrega todos los ingredientes restantes en un taz\u00f3n\u00a0y mezcla bien con un batidor.<\/li>\n<li>Sazona el lomo de cerdo por\u00a0ambos lados con este condimento de caf\u00e9\u00a0y dora en la parrilla hasta conseguir las marcas de la parrilla en ambos lados.<\/li>\n<li>Termina la cocci\u00f3n del lomo de cerdo en el horno durante 20 minutos a 400 grados Fahrenheit hasta conseguir una temperatura interna de 150 grados Fahrenheit.<\/li>\n<li>Deja que el lomo de cerdo cocido descanse unos minutos antes de cortar.<\/li>\n<\/ol>\n<figure id=\"attachment_3840\" aria-describedby=\"caption-attachment-3840\" style=\"width: 630px\" class=\"wp-caption aligncenter\"><img decoding=\"async\" class=\"wp-image-3840 size-full\" title=\"Grilled Pork Loin with NESCAF\u00c9 CL\u00c1SICO and garnished with grilled grapes #FlavorYourSummer #ad\" src=\"https:\/\/www.adrianasbestrecipes.com\/wp-content\/uploads\/2015\/05\/Grilled-Pork-Loin-with-a-NESCAF\u00c9-CL\u00c1SICO-and-garnished-with-grilled-grapes.jpg\" alt=\"Grilled Pork Loin with NESCAF\u00c9 CL\u00c1SICO and garnished with grilled grapes #FlavorYourSummer #ad\" width=\"640\" height=\"410\" srcset=\"https:\/\/www.adrianasbestrecipes.com\/wp-content\/uploads\/2015\/05\/Grilled-Pork-Loin-with-a-NESCAF\u00c9-CL\u00c1SICO-and-garnished-with-grilled-grapes.jpg 640w, https:\/\/www.adrianasbestrecipes.com\/wp-content\/uploads\/2015\/05\/Grilled-Pork-Loin-with-a-NESCAF\u00c9-CL\u00c1SICO-and-garnished-with-grilled-grapes-300x192.jpg 300w, https:\/\/www.adrianasbestrecipes.com\/wp-content\/uploads\/2015\/05\/Grilled-Pork-Loin-with-a-NESCAF\u00c9-CL\u00c1SICO-and-garnished-with-grilled-grapes-560x359.jpg 560w\" sizes=\"(max-width: 640px) 100vw, 640px\" \/><figcaption id=\"caption-attachment-3840\" class=\"wp-caption-text\">Este lomo de puerco a la parrilla con NESCAF\u00c9\u00ae CL\u00c1SICO\u2122 va muy bien acompa\u00f1ado de uvas asadas<\/figcaption><\/figure>\n<p>Se puede acompa\u00f1ar\u00a0el lomo de cerdo a la parrilla con NESCAF\u00c9\u00ae CL\u00c1SICO \u2122 con uvas frescas cocinadas en la parilla. La dulzura de las uvas ir\u00e1 muy bien pues contrasta con lo amargo del\u00a0caf\u00e9. Para asar las uvas simplemente col\u00f3calas por unos minutos en la parrilla caliente y sirve\u00a0junto con la carne de cerdo.<\/p>\n<figure id=\"attachment_3841\" aria-describedby=\"caption-attachment-3841\" style=\"width: 630px\" class=\"wp-caption aligncenter\"><img decoding=\"async\" class=\"wp-image-3841 size-full\" title=\"Spinach and Kale Salad with Mustard Vinaigrette #FlavorYourSummer #ad\" src=\"https:\/\/www.adrianasbestrecipes.com\/wp-content\/uploads\/2015\/05\/Spinach-and-Kale-Salad-with-Mustard-Vinaigrette.jpg\" alt=\"Spinach and Kale Salad with Mustard Vinaigrette #FlavorYourSummer #ad\" width=\"640\" height=\"360\" srcset=\"https:\/\/www.adrianasbestrecipes.com\/wp-content\/uploads\/2015\/05\/Spinach-and-Kale-Salad-with-Mustard-Vinaigrette.jpg 640w, https:\/\/www.adrianasbestrecipes.com\/wp-content\/uploads\/2015\/05\/Spinach-and-Kale-Salad-with-Mustard-Vinaigrette-300x169.jpg 300w, https:\/\/www.adrianasbestrecipes.com\/wp-content\/uploads\/2015\/05\/Spinach-and-Kale-Salad-with-Mustard-Vinaigrette-480x270.jpg 480w, https:\/\/www.adrianasbestrecipes.com\/wp-content\/uploads\/2015\/05\/Spinach-and-Kale-Salad-with-Mustard-Vinaigrette-560x315.jpg 560w\" sizes=\"(max-width: 640px) 100vw, 640px\" \/><figcaption id=\"caption-attachment-3841\" class=\"wp-caption-text\">Ensalada de espinaca con col rizada fresca y aderezo de vinagreta de mostaza<\/figcaption><\/figure>\n<p>Mi segunda selecci\u00f3n de men\u00fa para acompa\u00f1ar el lomo de cerdo a la parrilla con NESCAF\u00c9\u00ae CL\u00c1SICO \u2122 es una Ensalada de espinaca fresca y col rizada\u00a0acompa\u00f1ada de tomates cherry, cebolla morada, aguacates y una vinagreta\u00a0muy especial receta de mi mam\u00e1. La <strong>Vinagreta de Mostaza con MAGGI\u00ae Bouillon<\/strong>, jugo de lim\u00f3n y aceite de oliva.<\/p>\n<figure id=\"attachment_3842\" aria-describedby=\"caption-attachment-3842\" style=\"width: 630px\" class=\"wp-caption aligncenter\"><img decoding=\"async\" class=\"wp-image-3842 size-full\" title=\"Ingredients for making the Mustard Vinaigrette with MAGGI Bouillon #FlavorYourSummer #ad\" src=\"https:\/\/www.adrianasbestrecipes.com\/wp-content\/uploads\/2015\/05\/Ingredients-for-making-the-Mustard-Vinaigrette-with-MAGGI-Bouillon.jpg\" alt=\"Ingredients for making the Mustard Vinaigrette with MAGGI Bouillon #FlavorYourSummer #ad\" width=\"640\" height=\"360\" srcset=\"https:\/\/www.adrianasbestrecipes.com\/wp-content\/uploads\/2015\/05\/Ingredients-for-making-the-Mustard-Vinaigrette-with-MAGGI-Bouillon.jpg 640w, https:\/\/www.adrianasbestrecipes.com\/wp-content\/uploads\/2015\/05\/Ingredients-for-making-the-Mustard-Vinaigrette-with-MAGGI-Bouillon-300x169.jpg 300w, https:\/\/www.adrianasbestrecipes.com\/wp-content\/uploads\/2015\/05\/Ingredients-for-making-the-Mustard-Vinaigrette-with-MAGGI-Bouillon-480x270.jpg 480w, https:\/\/www.adrianasbestrecipes.com\/wp-content\/uploads\/2015\/05\/Ingredients-for-making-the-Mustard-Vinaigrette-with-MAGGI-Bouillon-560x315.jpg 560w\" sizes=\"(max-width: 640px) 100vw, 640px\" \/><figcaption id=\"caption-attachment-3842\" class=\"wp-caption-text\">Ingredientes para preparar la vinagreta de mostaza con MAGGI\u00ae Bouillon<\/figcaption><\/figure>\n<h2>INGREDIENTES<\/h2>\n<ul>\n<li>4 tazas de espinaca y\u00a0col rizada tierna<\/li>\n<li>1 aguacate Hass<\/li>\n<li>Media cebolla morada cortada en rodajas<\/li>\n<li>1 taza de tomates cherry<\/li>\n<\/ul>\n<p>Para la vinagreta:<\/p>\n<ul>\n<li>1 cucharada de mostaza de Dijon<\/li>\n<li>1\/3 taza de jugo de lim\u00f3n<\/li>\n<li>1 cucharadita de MAGGI\u00ae Bouillon<\/li>\n<li>1 cucharadita de pimienta negro<\/li>\n<li>1 taza de aceite de oliva<\/li>\n<\/ul>\n<figure id=\"attachment_3843\" aria-describedby=\"caption-attachment-3843\" style=\"width: 630px\" class=\"wp-caption aligncenter\"><img decoding=\"async\" class=\"wp-image-3843 size-full\" title=\"How to make the Mustard Vinaigrette with MAGGI Bouillon #FlavorYourSummer #ad\" src=\"https:\/\/www.adrianasbestrecipes.com\/wp-content\/uploads\/2015\/05\/How-to-make-the-Mustard-Vinaigrette-with-MAGGI-Bouillon.jpg\" alt=\"How to make the Mustard Vinaigrette with MAGGI Bouillon #FlavorYourSummer #ad\" width=\"640\" height=\"914\" srcset=\"https:\/\/www.adrianasbestrecipes.com\/wp-content\/uploads\/2015\/05\/How-to-make-the-Mustard-Vinaigrette-with-MAGGI-Bouillon.jpg 640w, https:\/\/www.adrianasbestrecipes.com\/wp-content\/uploads\/2015\/05\/How-to-make-the-Mustard-Vinaigrette-with-MAGGI-Bouillon-210x300.jpg 210w, https:\/\/www.adrianasbestrecipes.com\/wp-content\/uploads\/2015\/05\/How-to-make-the-Mustard-Vinaigrette-with-MAGGI-Bouillon-560x800.jpg 560w\" sizes=\"(max-width: 640px) 100vw, 640px\" \/><figcaption id=\"caption-attachment-3843\" class=\"wp-caption-text\">C\u00f3mo hacer la vinagreta de mostaza con MAGGI\u00ae Bouillon<\/figcaption><\/figure>\n<p>Sigue estas instrucciones paso a paso para preparar la Vinagreta de Mostaza con MAGGI\u00ae Bouillon:<\/p>\n<ol>\n<li>En un recipiente agrega la mostaza, el caldo de pollo en polvo MAGGI\u00ae Bouillon y el jugo de lim\u00f3n y mezcla bien con un batidor.<\/li>\n<li>A\u00f1ade el aceite de oliva y la pimienta negra y revuelve. Vierte la vinagreta en un recipiente para servir en\u00a0la mesa.<\/li>\n<li>Coloca las verduras en una ensaladera junto con\u00a0los tomates y las cebollas. A\u00f1ade las rodajas de aguacate y sirve de estilo familiar.<\/li>\n<\/ol>\n<figure id=\"attachment_3844\" aria-describedby=\"caption-attachment-3844\" style=\"width: 630px\" class=\"wp-caption aligncenter\"><img decoding=\"async\" class=\"wp-image-3844 size-full\" title=\"It is always nice to have a fresh option to offer as a side dish #FlavorYourSummer #ad\" src=\"https:\/\/www.adrianasbestrecipes.com\/wp-content\/uploads\/2015\/05\/It-is-always-nice-to-have-a-fresh-option-to-offer-as-a-side-dish.jpg\" alt=\"It is always nice to have a fresh option to offer as a side dish #FlavorYourSummer #ad\" width=\"640\" height=\"360\" srcset=\"https:\/\/www.adrianasbestrecipes.com\/wp-content\/uploads\/2015\/05\/It-is-always-nice-to-have-a-fresh-option-to-offer-as-a-side-dish.jpg 640w, https:\/\/www.adrianasbestrecipes.com\/wp-content\/uploads\/2015\/05\/It-is-always-nice-to-have-a-fresh-option-to-offer-as-a-side-dish-300x169.jpg 300w, https:\/\/www.adrianasbestrecipes.com\/wp-content\/uploads\/2015\/05\/It-is-always-nice-to-have-a-fresh-option-to-offer-as-a-side-dish-480x270.jpg 480w, https:\/\/www.adrianasbestrecipes.com\/wp-content\/uploads\/2015\/05\/It-is-always-nice-to-have-a-fresh-option-to-offer-as-a-side-dish-560x315.jpg 560w\" sizes=\"(max-width: 640px) 100vw, 640px\" \/><figcaption id=\"caption-attachment-3844\" class=\"wp-caption-text\">Siempre es muy sabroso agregar al men\u00fa una opci\u00f3n fresca<\/figcaption><\/figure>\n<p>Permite que tus\u00a0invitados agreguen\u00a0tanto aderezo para ensaladas como deseen. Siempre es bueno tener una opci\u00f3n fresca para ofrecer como acompa\u00f1amiento a nuestros invitados y una ensalada siempre es una buena elecci\u00f3n.<\/p>\n<figure id=\"attachment_3845\" aria-describedby=\"caption-attachment-3845\" style=\"width: 630px\" class=\"wp-caption aligncenter\"><img decoding=\"async\" class=\"wp-image-3845 size-full\" title=\"Rice N Roni Mediterranean Style #FlavorYourSummer #ad\" src=\"https:\/\/www.adrianasbestrecipes.com\/wp-content\/uploads\/2015\/05\/Rice-N-Roni-Mediterranean-Style.jpg\" alt=\"Rice N Roni Mediterranean Style #FlavorYourSummer #ad\" width=\"640\" height=\"360\" srcset=\"https:\/\/www.adrianasbestrecipes.com\/wp-content\/uploads\/2015\/05\/Rice-N-Roni-Mediterranean-Style.jpg 640w, https:\/\/www.adrianasbestrecipes.com\/wp-content\/uploads\/2015\/05\/Rice-N-Roni-Mediterranean-Style-300x169.jpg 300w, https:\/\/www.adrianasbestrecipes.com\/wp-content\/uploads\/2015\/05\/Rice-N-Roni-Mediterranean-Style-480x270.jpg 480w, https:\/\/www.adrianasbestrecipes.com\/wp-content\/uploads\/2015\/05\/Rice-N-Roni-Mediterranean-Style-560x315.jpg 560w\" sizes=\"(max-width: 640px) 100vw, 640px\" \/><figcaption id=\"caption-attachment-3845\" class=\"wp-caption-text\">Arroz con fideo estilo mediterr\u00e1neo<\/figcaption><\/figure>\n<p>En nuestra mesa latina el arroz es un platillo\u00a0b\u00e1sico y que no debe faltar, as\u00ed que tambi\u00e9n estoy sugiriendo cocinar una de mis recetas favoritas <a href=\"https:\/\/www.adrianasbestrecipes.com\/es\/arroz-y-fideos-estilo-mediterraneo\/\">\u00a0Arroz con Fideo<\/a> estilo mediterr\u00e1neo con arroz basmati, fideos y menta.<\/p>\n<figure id=\"attachment_3851\" aria-describedby=\"caption-attachment-3851\" style=\"width: 630px\" class=\"wp-caption aligncenter\"><a href=\"https:\/\/www.adrianasbestrecipes.com\/es\/arroz-y-fideos-estilo-mediterraneo\/\" rel=\"attachment wp-att-3851\"><img decoding=\"async\" class=\"wp-image-3851\" title=\"Basmati Rice Vermicelli Chickpeas and Fresh Mint #FlavorYourSummer #ad\" src=\"https:\/\/www.adrianasbestrecipes.com\/wp-content\/uploads\/2015\/05\/Basmati-Rice-Vermicelli-Chickpeas-and-Fresh-Mint.jpg\" alt=\"Basmati Rice Vermicelli Chickpeas and Fresh Mint #FlavorYourSummer #ad\" width=\"576\" height=\"1024\" srcset=\"https:\/\/www.adrianasbestrecipes.com\/wp-content\/uploads\/2015\/05\/Basmati-Rice-Vermicelli-Chickpeas-and-Fresh-Mint.jpg 576w, https:\/\/www.adrianasbestrecipes.com\/wp-content\/uploads\/2015\/05\/Basmati-Rice-Vermicelli-Chickpeas-and-Fresh-Mint-169x300.jpg 169w, https:\/\/www.adrianasbestrecipes.com\/wp-content\/uploads\/2015\/05\/Basmati-Rice-Vermicelli-Chickpeas-and-Fresh-Mint-560x996.jpg 560w\" sizes=\"(max-width: 576px) 100vw, 576px\" \/><\/a><figcaption id=\"caption-attachment-3851\" class=\"wp-caption-text\">Arroz basmati, fideos fritos, garbanzos y menta para aromatizar el platillo<\/figcaption><\/figure>\n<p>Este era un plato tradicional que\u00a0disfrut\u00e1bamos en casa y que celebra mi herencia libanesa. Es una receta muy simple pero muy sabrosa\u00a0y va perfecto con este men\u00fa para la parrillada del verano. Dale clic a la imagen para los detalles de la receta.<\/p>\n<figure id=\"attachment_3846\" aria-describedby=\"caption-attachment-3846\" style=\"width: 630px\" class=\"wp-caption aligncenter\"><a href=\"https:\/\/www.adrianasbestrecipes.com\/es\/agua-de-jamaica\/\" rel=\"attachment wp-att-3846\"><img decoding=\"async\" class=\"wp-image-3846 size-full\" title=\"Jamaica Agua Fresca #ABRecipes\" src=\"https:\/\/www.adrianasbestrecipes.com\/wp-content\/uploads\/2015\/05\/Jamaica-Agua-Fresca.jpg\" alt=\"Jamaica Agua Fresca #ABRecipes\" width=\"640\" height=\"928\" srcset=\"https:\/\/www.adrianasbestrecipes.com\/wp-content\/uploads\/2015\/05\/Jamaica-Agua-Fresca.jpg 640w, https:\/\/www.adrianasbestrecipes.com\/wp-content\/uploads\/2015\/05\/Jamaica-Agua-Fresca-207x300.jpg 207w, https:\/\/www.adrianasbestrecipes.com\/wp-content\/uploads\/2015\/05\/Jamaica-Agua-Fresca-560x812.jpg 560w\" sizes=\"(max-width: 640px) 100vw, 640px\" \/><\/a><figcaption id=\"caption-attachment-3846\" class=\"wp-caption-text\">Agua Fresca de Jamaica<\/figcaption><\/figure>\n<p>Cada comida requiere de\u00a0una bebida as\u00ed que una Agua Fresca de\u00a0Jamaica apta para toda la familia es ideal. Dale clic<a href=\"https:\/\/www.adrianasbestrecipes.com\/es\/agua-de-jamaica\/\">\u00a0aqu\u00ed<\/a> para la receta.<\/p>\n<figure id=\"attachment_3847\" aria-describedby=\"caption-attachment-3847\" style=\"width: 630px\" class=\"wp-caption aligncenter\"><img decoding=\"async\" class=\"wp-image-3847 size-full\" title=\"Tablescape for a Summer Grilling Party Outdoors #FlavorYourSummer #ad\" src=\"https:\/\/www.adrianasbestrecipes.com\/wp-content\/uploads\/2015\/05\/Tablescape-for-a-Summer-Grilling-Party-Outdoors.jpg\" alt=\"Tablescape for a Summer Grilling Party Outdoors #FlavorYourSummer #ad\" width=\"640\" height=\"368\" srcset=\"https:\/\/www.adrianasbestrecipes.com\/wp-content\/uploads\/2015\/05\/Tablescape-for-a-Summer-Grilling-Party-Outdoors.jpg 640w, https:\/\/www.adrianasbestrecipes.com\/wp-content\/uploads\/2015\/05\/Tablescape-for-a-Summer-Grilling-Party-Outdoors-300x173.jpg 300w, https:\/\/www.adrianasbestrecipes.com\/wp-content\/uploads\/2015\/05\/Tablescape-for-a-Summer-Grilling-Party-Outdoors-560x322.jpg 560w\" sizes=\"(max-width: 640px) 100vw, 640px\" \/><figcaption id=\"caption-attachment-3847\" class=\"wp-caption-text\">Mesa decorada para una velada en el jard\u00edn<\/figcaption><\/figure>\n<p>Me encantan los colores brillantes para mi\u00a0mesa, por lo que estoy sugiriendo azul, blanco y verde as\u00ed como telas y fibras naturales.<\/p>\n<figure id=\"attachment_3848\" aria-describedby=\"caption-attachment-3848\" style=\"width: 630px\" class=\"wp-caption aligncenter\"><img decoding=\"async\" class=\"wp-image-3848\" title=\"Blues and greens are my color selections for this summer #FlavorYourSummer #ad\" src=\"https:\/\/www.adrianasbestrecipes.com\/wp-content\/uploads\/2015\/05\/Blues-and-greens-are-my-color-selections-for-this-summer.jpg\" alt=\"Blues and greens are my color selections for this summer #FlavorYourSummer #ad\" width=\"576\" height=\"1024\" srcset=\"https:\/\/www.adrianasbestrecipes.com\/wp-content\/uploads\/2015\/05\/Blues-and-greens-are-my-color-selections-for-this-summer.jpg 576w, https:\/\/www.adrianasbestrecipes.com\/wp-content\/uploads\/2015\/05\/Blues-and-greens-are-my-color-selections-for-this-summer-169x300.jpg 169w, https:\/\/www.adrianasbestrecipes.com\/wp-content\/uploads\/2015\/05\/Blues-and-greens-are-my-color-selections-for-this-summer-560x996.jpg 560w\" sizes=\"(max-width: 576px) 100vw, 576px\" \/><figcaption id=\"caption-attachment-3848\" class=\"wp-caption-text\">Colores verdes y azules me parecen muy apropiados para la ocasi\u00f3n<\/figcaption><\/figure>\n<p>Como se trata de una fiesta al aire libre estoy incluyendo una vela de citronela para mantener a los mosquitos alejados y usando un centro de mesa con plantas de\u00a0cactus de mi propio jard\u00edn.<\/p>\n<figure id=\"attachment_3849\" aria-describedby=\"caption-attachment-3849\" style=\"width: 630px\" class=\"wp-caption aligncenter\"><img decoding=\"async\" class=\"wp-image-3849 size-full\" title=\"Summer Grilling Party Set-Up #FlavorYourSummer #ad\" src=\"https:\/\/www.adrianasbestrecipes.com\/wp-content\/uploads\/2015\/05\/Summer-Grilling-Party-Set-Up.jpg\" alt=\"Summer Grilling Party Set-Up #FlavorYourSummer #ad\" width=\"640\" height=\"914\" srcset=\"https:\/\/www.adrianasbestrecipes.com\/wp-content\/uploads\/2015\/05\/Summer-Grilling-Party-Set-Up.jpg 640w, https:\/\/www.adrianasbestrecipes.com\/wp-content\/uploads\/2015\/05\/Summer-Grilling-Party-Set-Up-210x300.jpg 210w, https:\/\/www.adrianasbestrecipes.com\/wp-content\/uploads\/2015\/05\/Summer-Grilling-Party-Set-Up-560x800.jpg 560w\" sizes=\"(max-width: 640px) 100vw, 640px\" \/><figcaption id=\"caption-attachment-3849\" class=\"wp-caption-text\">Una mesa sencilla pero linda para una parrillada de verano<\/figcaption><\/figure>\n<p>Creo que la adici\u00f3n de componentes naturales en la decoraci\u00f3n de la mesa\u00a0a\u00f1ade alma y una personalidad especial a la fiesta. Mira este video para ver en vivo la mesa y el men\u00fa.<\/p>\n<p><iframe src=\"https:\/\/www.youtube.com\/embed\/VEaZExIJhwo\" width=\"640\" height=\"480\" frameborder=\"0\" allowfullscreen=\"allowfullscreen\"><\/iframe><\/p>\n<p>Espero que estas ideas te hayan\u00a0inspirado a organizar tu pr\u00f3ximaParrillada del Verano. Te\u00a0invito a utilizar la variedad de <a href=\"http:\/\/cbi.as\/3myx\" target=\"_blank\" rel=\"nofollow\">los productos que Nestl\u00e9 ofrece para el verano<\/a>, mismos que resaltan \u00a0el sabor las comidas\u00a0y que est\u00e1n disponibles en tu tienda\u00a0Walmart.<\/p>\n","protected":false},"excerpt":{"rendered":"<p>Ricos platillos sazonados con los productos de Nestl\u00e9<\/p>\n","protected":false},"author":2,"featured_media":5626,"comment_status":"open","ping_status":"closed","sticky":false,"template":"","format":"standard","meta":{"_seopress_robots_primary_cat":"","_seopress_titles_title":"Men\u00fa para la Parrillada del Verano","_seopress_titles_desc":"El verano ya casi llega as\u00ed como la temporada de las parrilladas por eso pens\u00e9 ser\u00eda apropiado compartir el Men\u00fa para la Parrillada del Verano.","_seopress_robots_index":"","_uag_custom_page_level_css":"","wprm-recipe-roundup-name":"","wprm-recipe-roundup-description":"","_jetpack_memberships_contains_paid_content":false,"footnotes":""},"categories":[66,628,513],"tags":[],"class_list":["post-3832","post","type-post","status-publish","format-standard","has-post-thumbnail","hentry","category-cena-2","category-cultura","category-videos","generate-columns","tablet-grid-50","mobile-grid-100","grid-parent","grid-50"],"jetpack_featured_media_url":"https:\/\/www.adrianasbestrecipes.com\/wp-content\/uploads\/2015\/05\/Summer-Grilling-Party-Menu-with-Nestle-Summer-Products-1.jpg","spectra_custom_meta":{"_edit_lock":["1477547388:2"],"_edit_last":["2"],"_alp_processed":["1477547388"],"image":["https:\/\/www.adrianasbestrecipes.com\/wp-content\/uploads\/2015\/05\/Summer-Grilling-Party-Menu-with-Nestle-Summer-Products.jpg"],"pinType":["movie"],"pinName":[""],"pinDescription":[""],"pinRating":[""],"pinRatingMax":[""],"pinContent":["G"],"pinDate":[""],"numDirectors":["0"],"numActors":["0"],"_yoast_wpseo_focuskw":["Men\u00fa para la Parrillada del Verano"],"_yoast_wpseo_title":["Men\u00fa para la Parrillada del Verano"],"_yoast_wpseo_linkdex":["79"],"_yoast_wpseo_metadesc":["El verano ya casi llega as\u00ed como la temporada de las parrilladas por eso pens\u00e9 ser\u00eda apropiado compartir el Men\u00fa para la Parrillada del Verano."],"_image_alignment":["c"],"dsq_thread_id":["3780850144"],"_thumbnail_id":["5626"],"_et_social_shares_facebook":["a:3:{s:12:\"force_update\";b:1;s:6:\"counts\";i:4;s:8:\"last_upd\";s:19:\"2016-08-30 13:13:39\";}"],"_et_social_shares_twitter":["a:3:{s:12:\"force_update\";b:1;s:6:\"counts\";i:0;s:8:\"last_upd\";s:19:\"2016-08-30 13:13:39\";}"],"_et_social_shares_googleplus":["a:3:{s:12:\"force_update\";b:1;s:6:\"counts\";i:0;s:8:\"last_upd\";s:19:\"2016-08-30 13:13:40\";}"],"_et_social_shares_pinterest":["a:3:{s:12:\"force_update\";b:1;s:6:\"counts\";i:0;s:8:\"last_upd\";s:19:\"2016-08-30 13:13:40\";}"],"_et_social_shares_delicious":["a:3:{s:12:\"force_update\";b:1;s:6:\"counts\";i:0;s:8:\"last_upd\";s:19:\"2016-05-28 02:39:17\";}"],"_et_social_shares_digg":["a:3:{s:12:\"force_update\";b:1;s:6:\"counts\";i:0;s:8:\"last_upd\";s:19:\"2016-05-28 02:39:17\";}"],"_et_social_shares_printfriendly":["a:3:{s:12:\"force_update\";b:1;s:6:\"counts\";i:0;s:8:\"last_upd\";s:19:\"2016-08-30 13:13:40\";}"],"_totes":["0"],"bitly_link":["http:\/\/bit.ly\/2FGuiAW"],"_google_plus_shares":["0"],"bitly_link_google_plus":["http:\/\/bit.ly\/2vBOrpc"],"swp_open_graph_image_data":["false"],"swp_open_graph_image_url":[""],"_facebook_shares":["4"],"_pinterest_shares":["0"],"_buffer_shares":["0"],"_yummly_shares":["0"],"_twitter_shares":["0"],"_whatsapp_shares":["0"],"_flipboard_shares":["0"],"_mix_shares":["0"],"_email_shares":["0"],"_total_shares":["4"],"bitly_link_facebook":["http:\/\/bit.ly\/2uapUH0"],"bitly_link_twitter":["http:\/\/bit.ly\/2u6xUIT"],"bitly_link_mix":["http:\/\/bit.ly\/2u7da3N"],"bitly_link_buffer":["http:\/\/bit.ly\/2u5uaHA"],"bitly_link_flipboard":["http:\/\/bit.ly\/2u4MDUI"],"bitly_link_email":["http:\/\/bit.ly\/2ugtBel"],"bitly_link_whatsapp":["http:\/\/bit.ly\/2u8Xjlg"],"bitly_link_yummly":["http:\/\/bit.ly\/2u6xZfF"],"swp_cache_timestamp":["431275"],"dpsp_networks_shares":["a:7:{s:8:\"facebook\";i:4;s:7:\"twitter\";i:0;s:9:\"pinterest\";i:0;s:6:\"yummly\";i:0;s:6:\"reddit\";i:0;s:6:\"buffer\";i:0;s:4:\"grow\";i:1;}"],"dpsp_networks_shares_total":["5"],"dpsp_networks_shares_last_updated":["1643559159"],"dpsp_cache_shares_twitter_2":["0"],"dpsp_short_link_bitly":["a:14:{s:18:\"facebook_short_url\";s:21:\"http:\/\/bit.ly\/2uJ8525\";s:17:\"twitter_short_url\";s:21:\"http:\/\/bit.ly\/2uCTmpk\";s:18:\"whatsapp_short_url\";s:21:\"http:\/\/bit.ly\/2uJ87XL\";s:16:\"yummly_short_url\";s:21:\"http:\/\/bit.ly\/2uJ89Pn\";s:15:\"email_short_url\";s:21:\"http:\/\/bit.ly\/2uB4d35\";s:13:\"mix_short_url\";s:21:\"http:\/\/bit.ly\/2Mmosee\";s:19:\"flipboard_short_url\";s:21:\"http:\/\/bit.ly\/31sr0fv\";s:18:\"linkedin_short_url\";s:21:\"http:\/\/bit.ly\/32lHQOk\";s:16:\"reddit_short_url\";s:21:\"http:\/\/bit.ly\/2VQAKii\";s:16:\"buffer_short_url\";s:21:\"http:\/\/bit.ly\/35FTeXf\";s:18:\"telegram_short_url\";s:21:\"http:\/\/bit.ly\/33IC35H\";s:14:\"grow_short_url\";s:22:\"https:\/\/bit.ly\/3uq7eR5\";s:17:\"threads_short_url\";s:22:\"https:\/\/bit.ly\/4beV6qu\";s:18:\"mastodon_short_url\";s:22:\"https:\/\/bit.ly\/45Blr0F\";}"],"_jetpack_related_posts_cache":["a:1:{s:32:\"8f6677c9d6b0f903e98ad32ec61f8deb\";a:2:{s:7:\"expires\";i:1621763102;s:7:\"payload\";a:3:{i:0;a:1:{s:2:\"id\";i:6728;}i:1;a:1:{s:2:\"id\";i:8898;}i:2;a:1:{s:2:\"id\";i:2766;}}}}"],"dpsp_post_previous_urls":["a:1:{i:0;s:85:\"https:\/\/www.adrianasbestrecipes.com\/es\/2015\/05\/20\/menu-para-la-parrillada-del-verano\/\";}"],"dpsp_networks_shares_previous_urls":["a:5:{s:8:\"facebook\";i:4;s:7:\"twitter\";i:0;s:9:\"pinterest\";i:0;s:6:\"yummly\";i:0;s:6:\"reddit\";i:0;}"],"_tbf_fix_details":["a:5:{s:6:\"fix_id\";s:4:\"5097\";s:19:\"changed_revision_id\";s:4:\"3832\";s:20:\"original_revision_id\";s:4:\"3832\";s:17:\"operation_set_ids\";s:36:\"images_performance_and_seo_optimizer\";s:10:\"operations\";a:1:{i:0;s:11:\"tag_replace\";}}"],"_wpml_media_duplicate":["1"],"_yoast_wpseo_video_meta":["a:16:{s:2:\"id\";s:11:\"VEaZExIJhwo\";s:3:\"url\";s:41:\"https:\/\/www.youtube.com\/embed\/VEaZExIJhwo\";s:4:\"type\";s:7:\"youtube\";s:10:\"player_loc\";s:41:\"https:\/\/www.youtube.com\/embed\/VEaZExIJhwo\";s:13:\"thumbnail_loc\";s:80:\"https:\/\/www.adrianasbestrecipes.com\/wp-content\/uploads\/2015\/05\/veazexijhwo-1.jpg\";s:12:\"last_fetched\";i:1678314692;s:8:\"duration\";i:58;s:10:\"view_count\";s:3:\"163\";s:5:\"width\";i:480;s:6:\"height\";i:270;s:7:\"post_id\";i:3832;s:5:\"title\";s:35:\"Men\u00fa para la Parrillada del Verano\";s:16:\"publication_date\";s:25:\"2015-05-20T21:59:40+00:00\";s:11:\"description\";s:147:\"El verano ya casi llega as\u00ed como la temporada de las parrilladas por eso pens\u00e9 ser\u00eda apropiado compartir el Men\u00fa para la Parrillada del Verano.\";s:8:\"category\";s:4:\"Cena\";s:3:\"tag\";a:1:{i:0;s:35:\"Men\u00fa para la Parrillada del Verano\";}}"],"_seopress_titles_title":["Men\u00fa para la Parrillada del Verano"],"_seopress_titles_desc":["El verano ya casi llega as\u00ed como la temporada de las parrilladas por eso pens\u00e9 ser\u00eda apropiado compartir el Men\u00fa para la Parrillada del Verano."],"_seopress_analysis_target_kw":["Men\u00fa para la Parrillada del Verano"],"dpsp_networks_shares_json":["{\"facebook\":4,\"twitter\":0,\"pinterest\":0,\"yummly\":0,\"reddit\":0,\"buffer\":0,\"grow\":1}"],"wprm_rating_no_text_comments":["a:0:{}"],"copied_media_ids":["a:18:{i:0;i:219954;i:1;i:219955;i:2;i:219956;i:3;i:219957;i:4;i:219958;i:5;i:219959;i:6;i:219960;i:7;i:219961;i:8;i:219962;i:9;i:219963;i:10;i:219964;i:11;i:219965;i:12;i:219966;i:13;i:219971;i:14;i:219967;i:15;i:219968;i:16;i:219969;i:17;i:219970;}"],"referenced_media_ids":["a:1:{i:0;i:5626;}"]},"uagb_featured_image_src":{"full":["https:\/\/www.adrianasbestrecipes.com\/wp-content\/uploads\/2015\/05\/Summer-Grilling-Party-Menu-with-Nestle-Summer-Products-1.jpg",640,360,false],"thumbnail":["https:\/\/www.adrianasbestrecipes.com\/wp-content\/uploads\/2015\/05\/Summer-Grilling-Party-Menu-with-Nestle-Summer-Products-1-180x180.jpg",180,180,true],"medium":["https:\/\/www.adrianasbestrecipes.com\/wp-content\/uploads\/2015\/05\/Summer-Grilling-Party-Menu-with-Nestle-Summer-Products-1-300x169.jpg",300,169,true],"medium_large":["https:\/\/www.adrianasbestrecipes.com\/wp-content\/uploads\/2015\/05\/Summer-Grilling-Party-Menu-with-Nestle-Summer-Products-1.jpg",640,360,false],"large":["https:\/\/www.adrianasbestrecipes.com\/wp-content\/uploads\/2015\/05\/Summer-Grilling-Party-Menu-with-Nestle-Summer-Products-1.jpg",640,360,false],"1536x1536":["https:\/\/www.adrianasbestrecipes.com\/wp-content\/uploads\/2015\/05\/Summer-Grilling-Party-Menu-with-Nestle-Summer-Products-1.jpg",640,360,false],"2048x2048":["https:\/\/www.adrianasbestrecipes.com\/wp-content\/uploads\/2015\/05\/Summer-Grilling-Party-Menu-with-Nestle-Summer-Products-1.jpg",640,360,false],"wprm-metadata-1_1":["https:\/\/www.adrianasbestrecipes.com\/wp-content\/uploads\/2015\/05\/Summer-Grilling-Party-Menu-with-Nestle-Summer-Products-1-500x360.jpg",500,360,true],"wprm-metadata-4_3":["https:\/\/www.adrianasbestrecipes.com\/wp-content\/uploads\/2015\/05\/Summer-Grilling-Party-Menu-with-Nestle-Summer-Products-1-500x360.jpg",500,360,true],"wprm-metadata-16_9":["https:\/\/www.adrianasbestrecipes.com\/wp-content\/uploads\/2015\/05\/Summer-Grilling-Party-Menu-with-Nestle-Summer-Products-1-480x270.jpg",480,270,true],"rpwe-thumbnail":["https:\/\/www.adrianasbestrecipes.com\/wp-content\/uploads\/2015\/05\/Summer-Grilling-Party-Menu-with-Nestle-Summer-Products-1-45x45.jpg",45,45,true],"mailchimp":["https:\/\/www.adrianasbestrecipes.com\/wp-content\/uploads\/2015\/05\/Summer-Grilling-Party-Menu-with-Nestle-Summer-Products-1-560x315.jpg",560,315,true],"web-stories-poster-portrait":["https:\/\/www.adrianasbestrecipes.com\/wp-content\/uploads\/2015\/05\/Summer-Grilling-Party-Menu-with-Nestle-Summer-Products-1.jpg",640,360,false],"web-stories-publisher-logo":["https:\/\/www.adrianasbestrecipes.com\/wp-content\/uploads\/2015\/05\/Summer-Grilling-Party-Menu-with-Nestle-Summer-Products-1.jpg",96,54,false],"web-stories-thumbnail":["https:\/\/www.adrianasbestrecipes.com\/wp-content\/uploads\/2015\/05\/Summer-Grilling-Party-Menu-with-Nestle-Summer-Products-1.jpg",150,84,false]},"uagb_author_info":{"display_name":"Chef Adriana Martin","author_link":"https:\/\/www.adrianasbestrecipes.com\/es\/author\/adriana\/"},"uagb_comment_info":0,"uagb_excerpt":"Ricos platillos sazonados con los productos de Nestl\u00e9","jetpack-related-posts":[{"id":6350,"url":"https:\/\/www.adrianasbestrecipes.com\/es\/alambres-de-puerco-en-chipotle\/","url_meta":{"origin":3832,"position":0},"title":"Alambres de Puerco en Chipotle","author":"Chef Adriana Martin","date":"18 de mayo de 2016","format":false,"excerpt":"Prende el sabor del verano con la receta de los Alambres de Puerco en Chipotle, un platillo sencillo pero delicioso y listo en solo 20 minutos. Con esta receta seguro tendr\u00e1s un verano inolvidable.","rel":"","context":"En \u00abCena\u00bb","block_context":{"text":"Cena","link":"https:\/\/www.adrianasbestrecipes.com\/es\/category\/cena-2\/"},"img":{"alt_text":"","src":"https:\/\/i0.wp.com\/www.adrianasbestrecipes.com\/wp-content\/uploads\/2016\/05\/Ignite-the-taste-of-summer-with-this-recipe-for-Chipotle-Pork-Loin-Alambres.jpg?resize=350%2C200&ssl=1","width":350,"height":200,"srcset":"https:\/\/i0.wp.com\/www.adrianasbestrecipes.com\/wp-content\/uploads\/2016\/05\/Ignite-the-taste-of-summer-with-this-recipe-for-Chipotle-Pork-Loin-Alambres.jpg?resize=350%2C200&ssl=1 1x, https:\/\/i0.wp.com\/www.adrianasbestrecipes.com\/wp-content\/uploads\/2016\/05\/Ignite-the-taste-of-summer-with-this-recipe-for-Chipotle-Pork-Loin-Alambres.jpg?resize=525%2C300&ssl=1 1.5x, https:\/\/i0.wp.com\/www.adrianasbestrecipes.com\/wp-content\/uploads\/2016\/05\/Ignite-the-taste-of-summer-with-this-recipe-for-Chipotle-Pork-Loin-Alambres.jpg?resize=700%2C400&ssl=1 2x"},"classes":[]},{"id":2766,"url":"https:\/\/www.adrianasbestrecipes.com\/es\/goza-el-verano-con-recetas-faciles-comidakraft-ad\/","url_meta":{"origin":3832,"position":1},"title":"\u00a1Goza el Verano con Recetas F\u00e1ciles! #ComidaKraft #ad","author":"Chef Adriana Martin","date":"4 de agosto de 2014","format":false,"excerpt":"El verano invita a preparar recetas f\u00e1ciles para evadir el calor de la cocina.","rel":"","context":"En \u00abF\u00e1cil y R\u00e1pido\u00bb","block_context":{"text":"F\u00e1cil y R\u00e1pido","link":"https:\/\/www.adrianasbestrecipes.com\/es\/category\/facil-y-rapido\/"},"img":{"alt_text":"Grilled-Shrimp-Tacos-with-KRAFT-Classic-Ranch-Dressing-part-of-the-Summer-easy-recipes","src":"https:\/\/i0.wp.com\/www.adrianasbestrecipes.com\/wp-content\/uploads\/2014\/08\/Grilled-Shrimp-Tacos-with-KRAFT-Classic-Ranch-Dressing-part-of-the-Summer-easy-recipes-1.jpg?resize=350%2C200&ssl=1","width":350,"height":200,"srcset":"https:\/\/i0.wp.com\/www.adrianasbestrecipes.com\/wp-content\/uploads\/2014\/08\/Grilled-Shrimp-Tacos-with-KRAFT-Classic-Ranch-Dressing-part-of-the-Summer-easy-recipes-1.jpg?resize=350%2C200&ssl=1 1x, https:\/\/i0.wp.com\/www.adrianasbestrecipes.com\/wp-content\/uploads\/2014\/08\/Grilled-Shrimp-Tacos-with-KRAFT-Classic-Ranch-Dressing-part-of-the-Summer-easy-recipes-1.jpg?resize=525%2C300&ssl=1 1.5x"},"classes":[]},{"id":6728,"url":"https:\/\/www.adrianasbestrecipes.com\/es\/organizando-la-parrillada-perfecta\/","url_meta":{"origin":3832,"position":2},"title":"Organizando la Parrillada Perfecta","author":"Chef Adriana Martin","date":"25 de mayo de 2016","format":false,"excerpt":"La primer parrillada del a\u00f1o se celebrar\u00e1 este fin de semana para conmemorar Memorial Day por eso quiero mostrarles c\u00f3mo estoy organizando la parrillada perfecta para este fin de semana en casa.","rel":"","context":"En \u00abCena\u00bb","block_context":{"text":"Cena","link":"https:\/\/www.adrianasbestrecipes.com\/es\/category\/cena-2\/"},"img":{"alt_text":"Organizando la Parrillada Perfecta","src":"https:\/\/i0.wp.com\/www.adrianasbestrecipes.com\/wp-content\/uploads\/2016\/05\/Throwing-the-perfect-grilling-party-this-weekend.jpg?resize=350%2C200&ssl=1","width":350,"height":200,"srcset":"https:\/\/i0.wp.com\/www.adrianasbestrecipes.com\/wp-content\/uploads\/2016\/05\/Throwing-the-perfect-grilling-party-this-weekend.jpg?resize=350%2C200&ssl=1 1x, https:\/\/i0.wp.com\/www.adrianasbestrecipes.com\/wp-content\/uploads\/2016\/05\/Throwing-the-perfect-grilling-party-this-weekend.jpg?resize=525%2C300&ssl=1 1.5x, https:\/\/i0.wp.com\/www.adrianasbestrecipes.com\/wp-content\/uploads\/2016\/05\/Throwing-the-perfect-grilling-party-this-weekend.jpg?resize=700%2C400&ssl=1 2x"},"classes":[]},{"id":8353,"url":"https:\/\/www.adrianasbestrecipes.com\/es\/perros-calientes-de-pollo\/","url_meta":{"origin":3832,"position":3},"title":"Perros Calientes de Pollo","author":"Chef Adriana Martin","date":"27 de julio de 2016","format":false,"excerpt":"Las parrilladas y el verano merecen unos ricos perros calientes de pollo a la parrilla y cervezas heladas para disfrutar con la familia y los amigos.","rel":"","context":"En \u00abCena\u00bb","block_context":{"text":"Cena","link":"https:\/\/www.adrianasbestrecipes.com\/es\/category\/cena-2\/"},"img":{"alt_text":"Ricos perros calientes de pollo a la parrilla y cervezas heladas","src":"https:\/\/i0.wp.com\/www.adrianasbestrecipes.com\/wp-content\/uploads\/2016\/07\/Pairing-the-Chicken-Dogs-with-Guinness-NITRO-IPA-and-Guinness-Chips-perfect-balance-of-flavors.jpg?resize=350%2C200&ssl=1","width":350,"height":200,"srcset":"https:\/\/i0.wp.com\/www.adrianasbestrecipes.com\/wp-content\/uploads\/2016\/07\/Pairing-the-Chicken-Dogs-with-Guinness-NITRO-IPA-and-Guinness-Chips-perfect-balance-of-flavors.jpg?resize=350%2C200&ssl=1 1x, https:\/\/i0.wp.com\/www.adrianasbestrecipes.com\/wp-content\/uploads\/2016\/07\/Pairing-the-Chicken-Dogs-with-Guinness-NITRO-IPA-and-Guinness-Chips-perfect-balance-of-flavors.jpg?resize=525%2C300&ssl=1 1.5x, https:\/\/i0.wp.com\/www.adrianasbestrecipes.com\/wp-content\/uploads\/2016\/07\/Pairing-the-Chicken-Dogs-with-Guinness-NITRO-IPA-and-Guinness-Chips-perfect-balance-of-flavors.jpg?resize=700%2C400&ssl=1 2x"},"classes":[]},{"id":23813,"url":"https:\/\/www.adrianasbestrecipes.com\/es\/ensalada-de-chuletas-de-cerdo\/","url_meta":{"origin":3832,"position":4},"title":"Ensalada de Chuletas de Cerdo a la Parrilla","author":"Chef Adriana Martin","date":"31 de julio de 2018","format":false,"excerpt":"Exquisita ensalada de chuletas de cerdo a la parrilla con sand\u00eda. Opci\u00f3n fresca y perfecta para el men\u00fa del verano.","rel":"","context":"En \u00abCena\u00bb","block_context":{"text":"Cena","link":"https:\/\/www.adrianasbestrecipes.com\/es\/category\/cena-2\/"},"img":{"alt_text":"Exquisita ensalada de chuletas de cerdo a la parrilla con sand\u00eda","src":"https:\/\/i0.wp.com\/www.adrianasbestrecipes.com\/wp-content\/uploads\/2018\/07\/A-Tasty-grilled-pork-chops-watermelon-salad-for-the-summer.jpg?resize=350%2C200&ssl=1","width":350,"height":200,"srcset":"https:\/\/i0.wp.com\/www.adrianasbestrecipes.com\/wp-content\/uploads\/2018\/07\/A-Tasty-grilled-pork-chops-watermelon-salad-for-the-summer.jpg?resize=350%2C200&ssl=1 1x, https:\/\/i0.wp.com\/www.adrianasbestrecipes.com\/wp-content\/uploads\/2018\/07\/A-Tasty-grilled-pork-chops-watermelon-salad-for-the-summer.jpg?resize=525%2C300&ssl=1 1.5x, https:\/\/i0.wp.com\/www.adrianasbestrecipes.com\/wp-content\/uploads\/2018\/07\/A-Tasty-grilled-pork-chops-watermelon-salad-for-the-summer.jpg?resize=700%2C400&ssl=1 2x"},"classes":[]},{"id":13864,"url":"https:\/\/www.adrianasbestrecipes.com\/es\/arroz-con-leche-coco-y-pina\/","url_meta":{"origin":3832,"position":5},"title":"Arroz con Leche Coco y Pi\u00f1a","author":"Chef Adriana Martin","date":"27 de mayo de 2017","format":false,"excerpt":"Delicioso arroz con leche coco y pi\u00f1a para celebrar las parrilladas del verano. Un postre cl\u00e1sico de la cocina Mexicana y latina. Y favorito de la infancia.","rel":"","context":"En \u00abPostres y Panader\u00eda\u00bb","block_context":{"text":"Postres y Panader\u00eda","link":"https:\/\/www.adrianasbestrecipes.com\/es\/category\/postres\/"},"img":{"alt_text":"two pineapple bowls with rice pudding","src":"https:\/\/i0.wp.com\/www.adrianasbestrecipes.com\/wp-content\/uploads\/2017\/05\/Pineapple-Coconut-Rice-Pudding-Recipe.jpg?resize=350%2C200&ssl=1","width":350,"height":200,"srcset":"https:\/\/i0.wp.com\/www.adrianasbestrecipes.com\/wp-content\/uploads\/2017\/05\/Pineapple-Coconut-Rice-Pudding-Recipe.jpg?resize=350%2C200&ssl=1 1x, https:\/\/i0.wp.com\/www.adrianasbestrecipes.com\/wp-content\/uploads\/2017\/05\/Pineapple-Coconut-Rice-Pudding-Recipe.jpg?resize=525%2C300&ssl=1 1.5x, https:\/\/i0.wp.com\/www.adrianasbestrecipes.com\/wp-content\/uploads\/2017\/05\/Pineapple-Coconut-Rice-Pudding-Recipe.jpg?resize=700%2C400&ssl=1 2x"},"classes":[]}],"jetpack_sharing_enabled":true,"_links":{"self":[{"href":"https:\/\/www.adrianasbestrecipes.com\/es\/wp-json\/wp\/v2\/posts\/3832","targetHints":{"allow":["GET"]}}],"collection":[{"href":"https:\/\/www.adrianasbestrecipes.com\/es\/wp-json\/wp\/v2\/posts"}],"about":[{"href":"https:\/\/www.adrianasbestrecipes.com\/es\/wp-json\/wp\/v2\/types\/post"}],"author":[{"embeddable":true,"href":"https:\/\/www.adrianasbestrecipes.com\/es\/wp-json\/wp\/v2\/users\/2"}],"replies":[{"embeddable":true,"href":"https:\/\/www.adrianasbestrecipes.com\/es\/wp-json\/wp\/v2\/comments?post=3832"}],"version-history":[{"count":0,"href":"https:\/\/www.adrianasbestrecipes.com\/es\/wp-json\/wp\/v2\/posts\/3832\/revisions"}],"wp:featuredmedia":[{"embeddable":true,"href":"https:\/\/www.adrianasbestrecipes.com\/es\/wp-json\/wp\/v2\/media\/5626"}],"wp:attachment":[{"href":"https:\/\/www.adrianasbestrecipes.com\/es\/wp-json\/wp\/v2\/media?parent=3832"}],"wp:term":[{"taxonomy":"category","embeddable":true,"href":"https:\/\/www.adrianasbestrecipes.com\/es\/wp-json\/wp\/v2\/categories?post=3832"},{"taxonomy":"post_tag","embeddable":true,"href":"https:\/\/www.adrianasbestrecipes.com\/es\/wp-json\/wp\/v2\/tags?post=3832"}],"curies":[{"name":"wp","href":"https:\/\/api.w.org\/{rel}","templated":true}]}}