{"id":3488,"date":"2015-02-27T03:26:48","date_gmt":"2015-02-27T08:26:48","guid":{"rendered":"https:\/\/www.adrianasbestrecipes.com\/?p=3488"},"modified":"2016-10-27T01:23:10","modified_gmt":"2016-10-27T05:23:10","slug":"ensalada-verde-con-manzana-comidakraft-ad","status":"publish","type":"post","link":"https:\/\/www.adrianasbestrecipes.com\/es\/ensalada-verde-con-manzana-comidakraft-ad\/","title":{"rendered":"Ensalada Verde con Manzana"},"content":{"rendered":"<figure id=\"attachment_3489\" aria-describedby=\"caption-attachment-3489\" style=\"width: 630px\" class=\"wp-caption aligncenter\"><img decoding=\"async\" class=\"wp-image-3489 size-full\" title=\"Green Apple Salad Recipe with Athenos Feta Cheese to get inspired for Spring #ComidaKraft #ad\" src=\"https:\/\/www.adrianasbestrecipes.com\/wp-content\/uploads\/2015\/02\/Green-Apple-Salad-recipe-with-Athenos-Feta-Cheese-to-get-inspired-for-Spring.jpg\" alt=\"Green Apple Salad Recipe with Athenos Feta Cheese to get inspired for Spring #ComidaKraft #ad\" width=\"640\" height=\"359\" srcset=\"https:\/\/www.adrianasbestrecipes.com\/wp-content\/uploads\/2015\/02\/Green-Apple-Salad-recipe-with-Athenos-Feta-Cheese-to-get-inspired-for-Spring.jpg 640w, https:\/\/www.adrianasbestrecipes.com\/wp-content\/uploads\/2015\/02\/Green-Apple-Salad-recipe-with-Athenos-Feta-Cheese-to-get-inspired-for-Spring-300x168.jpg 300w, https:\/\/www.adrianasbestrecipes.com\/wp-content\/uploads\/2015\/02\/Green-Apple-Salad-recipe-with-Athenos-Feta-Cheese-to-get-inspired-for-Spring-480x270.jpg 480w, https:\/\/www.adrianasbestrecipes.com\/wp-content\/uploads\/2015\/02\/Green-Apple-Salad-recipe-with-Athenos-Feta-Cheese-to-get-inspired-for-Spring-560x314.jpg 560w\" sizes=\"(max-width: 640px) 100vw, 640px\" \/><figcaption id=\"caption-attachment-3489\" class=\"wp-caption-text\">Insp\u00edrate para la llegada de la primavera con esta ensalada verde con manzana y queso feta<\/figcaption><\/figure>\n<p>Me encantan las ensaladas con fruta y estoy segura de que esta receta de <a title=\"Receta para la Ensalada Verde con Manzana y Queso Feta\" href=\"http:\/\/www.comidakraft.com\/sp\/recetas\/ensalada-verde-con-manzana-y-queso-feta-athenos-175336.aspx?cm_sp=ADCK-_-SP-_-Green_Apple_Salad_with_ATHENOS_Traditional_Crumbled_Feta_Cheese\" target=\"_blank\" rel=\"nofollow\">Ensalada Verde con Manzana y Queso Feta<\/a> que reci\u00e9n\u00a0publiqu\u00e9 en el sitio <a title=\"Adriana Martin y sus recetas en Amigas de Comida Kraft\" href=\"http:\/\/www.comidakraft.com\/sp\/comunidad-kraft\/amigas-de-comida-kraft\/adriana-martin\/Una-ensalada-verde-para-darle-la-bienvenida-a-la-primavera.aspx\" target=\"_blank\" rel=\"nofollow\">Amigas de Comida Kraft<\/a>\u00a0te va a gustar. Esta receta tan sabrosa que te dar\u00e1 inspiraci\u00f3n para empezar a pensar en la primavera, hacer planes de vacaciones y comenzar a idear esas actividades especiales para disfrutar con la familia.<\/p>\n<p>Las ensaladas y las frutas son una opci\u00f3n fresca para empezar a prepararse para el clima m\u00e1s c\u00e1lido, as\u00ed que estoy sugiriendo esta receta de ensalada verde con\u00a0manzana y queso feta de\u00a0Athenos. Yo no s\u00e9 qu\u00e9 piensen ustedes pero yo ya estoy lista para la primavera, los d\u00edas de sol, plantar\u00a0flores nuevas y trabajar en mi jard\u00edn de vegetales.<\/p>\n<figure id=\"attachment_3490\" aria-describedby=\"caption-attachment-3490\" style=\"width: 630px\" class=\"wp-caption aligncenter\"><a href=\"http:\/\/www.comidakraft.com\/sp\/recetas\/ensalada-verde-con-manzana-y-queso-feta-athenos-175336.aspx?cm_sp=ADCK-_-SP-_-Green_Apple_Salad_with_ATHENOS_Traditional_Crumbled_Feta_Cheese\" rel=\"nofollow attachment wp-att-3490\" target=\"_blank\"><img decoding=\"async\" class=\"wp-image-3490 size-full\" title=\"Green Apple Salad recipe with Athenos Feta Cheese #ComidaKraft #ad\" src=\"https:\/\/www.adrianasbestrecipes.com\/wp-content\/uploads\/2015\/02\/Green-Apple-Salad-recipe-with-Athenos-Feta-Cheese.jpg\" alt=\"Green Apple Salad recipe with Athenos Feta Cheese #ComidaKraft #ad\" width=\"640\" height=\"360\" srcset=\"https:\/\/www.adrianasbestrecipes.com\/wp-content\/uploads\/2015\/02\/Green-Apple-Salad-recipe-with-Athenos-Feta-Cheese.jpg 640w, https:\/\/www.adrianasbestrecipes.com\/wp-content\/uploads\/2015\/02\/Green-Apple-Salad-recipe-with-Athenos-Feta-Cheese-300x169.jpg 300w, https:\/\/www.adrianasbestrecipes.com\/wp-content\/uploads\/2015\/02\/Green-Apple-Salad-recipe-with-Athenos-Feta-Cheese-480x270.jpg 480w, https:\/\/www.adrianasbestrecipes.com\/wp-content\/uploads\/2015\/02\/Green-Apple-Salad-recipe-with-Athenos-Feta-Cheese-560x315.jpg 560w\" sizes=\"(max-width: 640px) 100vw, 640px\" \/><\/a><figcaption id=\"caption-attachment-3490\" class=\"wp-caption-text\">Receta para la ensalada verde con manzana y queso feta de Athenos<\/figcaption><\/figure>\n<p>Durante el tiempo de calor me encantan los alimentos frescos como esta ensalada verde con manzana que combina la acidez del queso feta, con la dulzura de un aderezo bals\u00e1mico casero, y las pasas. Estos\u00a0sabores\u00a0van\u00a0perfectamente con la manzana verde \u00a0y las pepitas para proporcionar una textura crujiente.<\/p>\n<p>Esta ensalada es f\u00e1cil de hacer y se puede preparar para toda la\u00a0familia como una opci\u00f3n r\u00e1pida de comida con ingredientes que est\u00e1n ahora de\u00a0temporada. Realmente no tienes que pasar mucho tiempo en la cocina para preparar algo\u00a0rico\u00a0para el almuerzo o la cena. Es s\u00f3lo una cuesti\u00f3n de elegir lo que puedes encontrar en el supermercado y hacer algo f\u00e1cil como esta ensalada de verde con manzana, que es tambi\u00e9n una buena\u00a0opci\u00f3n para la <a title=\"Recetas Favoritas para la Cuaresma\" href=\"https:\/\/www.adrianasbestrecipes.com\/es\/recetas-favoritas-para-la-cuaresma\/\">Cuaresma<\/a>.<\/p>\n<figure id=\"attachment_3491\" aria-describedby=\"caption-attachment-3491\" style=\"width: 630px\" class=\"wp-caption aligncenter\"><img decoding=\"async\" class=\"wp-image-3491\" title=\"Green Apple Salad Recipe #ComidaKraft #ad\" src=\"https:\/\/www.adrianasbestrecipes.com\/wp-content\/uploads\/2015\/02\/Green-Apple-Salad-Recipe.jpg\" alt=\"Green Apple Salad Recipe #ComidaKraft #ad\" width=\"576\" height=\"1024\" srcset=\"https:\/\/www.adrianasbestrecipes.com\/wp-content\/uploads\/2015\/02\/Green-Apple-Salad-Recipe.jpg 576w, https:\/\/www.adrianasbestrecipes.com\/wp-content\/uploads\/2015\/02\/Green-Apple-Salad-Recipe-169x300.jpg 169w, https:\/\/www.adrianasbestrecipes.com\/wp-content\/uploads\/2015\/02\/Green-Apple-Salad-Recipe-560x996.jpg 560w\" sizes=\"(max-width: 576px) 100vw, 576px\" \/><figcaption id=\"caption-attachment-3491\" class=\"wp-caption-text\">Ensalada verde con manzana, queso feta, aderezo bals\u00e1mico, pasitas y pepitas<\/figcaption><\/figure>\n<p>Kraft tiene una gran variedad de productos que nos ayudan a preparar comidas f\u00e1ciles r\u00e1pidamente. En el\u00a0sitio Amigas de Comida Kraft puedes inspirarte con recetas de mi autor\u00eda, as\u00ed como encontrar\u00a0otras ideas de los chefs Comida Kraft y de las colegas blogueras latinas que son parte del equipo Amigas de Comida Kraft.<\/p>\n<p>El queso feta tradicional desmenuzado de Athenos se puede encontrar en las principales tiendas de autoservicio. Es sabroso y va muy bien con muchos platos como la <a title=\"Conchitas Rellenas para Halloween #ComidaKraft #ad\" href=\"https:\/\/www.adrianasbestrecipes.com\/es\/conchitas-rellenas-para-halloween\/\">pasta<\/a>, <a title=\"Sopa Cremosa de Coliflor Asada #LentenRecipes\" href=\"https:\/\/www.adrianasbestrecipes.com\/es\/sopa-cremosa-de-coliflor-asada\/\">sopas<\/a> e incluso favoritos de la cocina mexicana como las <a title=\"Tostadas de Pollo\" href=\"https:\/\/www.adrianasbestrecipes.com\/es\/tostadas-de-pollo\/\">tostadas<\/a>.<\/p>\n<p>Te invito a que te inspires junto conmigo para la primavera mientras disfrutas de una fresca ensalada verde con manzana como esta que hoy d\u00eda te presento.<\/p>\n<p>\u00a1Buen provecho!<\/p>\n","protected":false},"excerpt":{"rendered":"<p>Inspir\u00e9monos con esta ensalada verde de manzana y queso feta<\/p>\n","protected":false},"author":2,"featured_media":5683,"comment_status":"open","ping_status":"closed","sticky":false,"template":"","format":"standard","meta":{"_seopress_robots_primary_cat":"","_seopress_titles_title":"Ensalada Verde con Manzana","_seopress_titles_desc":"Las ensaladas son una opci\u00f3n fresca para empezar a prepararse para el clima m\u00e1s c\u00e1lido, y la sugerencia es esta receta Ensalada Verde con Manzana y Feta","_seopress_robots_index":"","_uag_custom_page_level_css":"","wprm-recipe-roundup-name":"","wprm-recipe-roundup-description":"","_jetpack_memberships_contains_paid_content":false,"footnotes":""},"categories":[325,1784],"tags":[],"class_list":["post-3488","post","type-post","status-publish","format-standard","has-post-thumbnail","hentry","category-almuerzo-es","category-cuaresma-es","generate-columns","tablet-grid-50","mobile-grid-100","grid-parent","grid-50"],"jetpack_featured_media_url":"https:\/\/www.adrianasbestrecipes.com\/wp-content\/uploads\/2015\/02\/Green-Apple-Salad-recipe-with-Athenos-Feta-Cheese-to-get-inspired-for-Spring-1.jpg","spectra_custom_meta":{"_edit_lock":["1477545792:2"],"_edit_last":["2"],"_alp_processed":["1477545792"],"image":["https:\/\/www.adrianasbestrecipes.com\/wp-content\/uploads\/2015\/02\/Green-Apple-Salad-recipe-with-Athenos-Feta-Cheese-to-get-inspired-for-Spring.jpg"],"pinType":["movie"],"pinName":[""],"pinDescription":[""],"pinRating":[""],"pinRatingMax":[""],"pinContent":["G"],"pinDate":[""],"numDirectors":["0"],"numActors":["0"],"_yoast_wpseo_focuskw":["Ensalada Verde con Manzana"],"_yoast_wpseo_linkdex":["86"],"_yoast_wpseo_metadesc":["Las ensaladas son una opci\u00f3n fresca para empezar a prepararse para el clima m\u00e1s c\u00e1lido, y la sugerencia es esta receta Ensalada Verde con Manzana y Feta"],"_image_alignment":["c"],"dsq_thread_id":["3552469006"],"_yoast_wpseo_title":["Ensalada Verde con Manzana"],"_thumbnail_id":["5683"],"_et_social_shares_facebook":["a:3:{s:12:\"force_update\";b:1;s:6:\"counts\";i:0;s:8:\"last_upd\";s:19:\"2016-08-10 03:26:35\";}"],"_et_social_shares_twitter":["a:3:{s:12:\"force_update\";b:1;s:6:\"counts\";i:0;s:8:\"last_upd\";s:19:\"2016-08-10 03:26:35\";}"],"_et_social_shares_googleplus":["a:3:{s:12:\"force_update\";b:1;s:6:\"counts\";i:0;s:8:\"last_upd\";s:19:\"2016-08-10 03:26:37\";}"],"_et_social_shares_pinterest":["a:3:{s:12:\"force_update\";b:0;s:6:\"counts\";i:2;s:8:\"last_upd\";s:19:\"2016-08-10 00:40:50\";}"],"_et_social_shares_delicious":["a:3:{s:12:\"force_update\";b:1;s:6:\"counts\";i:0;s:8:\"last_upd\";s:19:\"2016-05-24 19:18:38\";}"],"_et_social_shares_digg":["a:3:{s:12:\"force_update\";b:1;s:6:\"counts\";i:0;s:8:\"last_upd\";s:19:\"2016-05-24 19:18:38\";}"],"_et_social_shares_printfriendly":["a:3:{s:12:\"force_update\";b:1;s:6:\"counts\";i:0;s:8:\"last_upd\";s:19:\"2016-08-10 03:26:37\";}"],"_totes":["29"],"bitly_link":["http:\/\/bit.ly\/2FK2TOB"],"_google_plus_shares":["0"],"swp_open_graph_image_data":["false"],"swp_open_graph_image_url":[""],"bitly_link_google_plus":["http:\/\/bit.ly\/2KZ6RVZ"],"_facebook_shares":["4"],"_pinterest_shares":["25"],"_buffer_shares":["0"],"_yummly_shares":["0"],"_twitter_shares":["0"],"_whatsapp_shares":["0"],"_flipboard_shares":["0"],"_mix_shares":["0"],"_email_shares":["0"],"_total_shares":["29"],"bitly_link_facebook":["http:\/\/bit.ly\/2KTKa5z"],"bitly_link_twitter":["http:\/\/bit.ly\/2OD9yi6"],"bitly_link_mix":["http:\/\/bit.ly\/2u0xO5t"],"bitly_link_buffer":["http:\/\/bit.ly\/2u0yRm4"],"bitly_link_flipboard":["http:\/\/bit.ly\/2VMx53K"],"bitly_link_email":["http:\/\/bit.ly\/2VVratr"],"bitly_link_whatsapp":["http:\/\/bit.ly\/2KYhbxq"],"bitly_link_yummly":["http:\/\/bit.ly\/2KTKf9n"],"swp_cache_timestamp":["431190"],"dpsp_networks_shares":["a:7:{s:8:\"facebook\";i:4;s:9:\"pinterest\";i:25;s:7:\"twitter\";i:0;s:6:\"yummly\";i:0;s:6:\"reddit\";i:0;s:6:\"buffer\";i:0;s:4:\"grow\";i:1;}"],"dpsp_networks_shares_total":["30"],"dpsp_networks_shares_last_updated":["1643534216"],"dpsp_cache_shares_twitter_2":["0"],"dpsp_short_link_bitly":["a:14:{s:18:\"facebook_short_url\";s:21:\"http:\/\/bit.ly\/2uBkULv\";s:17:\"twitter_short_url\";s:21:\"http:\/\/bit.ly\/2uwqjng\";s:18:\"whatsapp_short_url\";s:21:\"http:\/\/bit.ly\/2uAocyM\";s:16:\"yummly_short_url\";s:21:\"http:\/\/bit.ly\/2uzIIPV\";s:15:\"email_short_url\";s:21:\"http:\/\/bit.ly\/2uAFegj\";s:13:\"mix_short_url\";s:21:\"http:\/\/bit.ly\/2MjmLhO\";s:19:\"flipboard_short_url\";s:21:\"http:\/\/bit.ly\/2OSieEK\";s:18:\"linkedin_short_url\";s:21:\"http:\/\/bit.ly\/2VJXTmi\";s:16:\"reddit_short_url\";s:21:\"http:\/\/bit.ly\/2pnISKW\";s:16:\"buffer_short_url\";s:21:\"http:\/\/bit.ly\/2oLVEmr\";s:18:\"telegram_short_url\";s:21:\"http:\/\/bit.ly\/2MEHQSQ\";s:14:\"grow_short_url\";s:22:\"https:\/\/bit.ly\/3h6GVeJ\";s:17:\"threads_short_url\";s:22:\"https:\/\/bit.ly\/3XtzIug\";s:18:\"mastodon_short_url\";s:22:\"https:\/\/bit.ly\/3L2aImp\";}"],"_jetpack_related_posts_cache":["a:1:{s:32:\"37550b67d263a3ce789993dc25046c5f\";a:2:{s:7:\"expires\";i:1622294727;s:7:\"payload\";a:6:{i:0;a:1:{s:2:\"id\";i:3312;}i:1;a:1:{s:2:\"id\";i:10823;}i:2;a:1:{s:2:\"id\";i:4799;}i:3;a:1:{s:2:\"id\";i:3998;}i:4;a:1:{s:2:\"id\";i:4518;}i:5;a:1:{s:2:\"id\";i:4337;}}}}"],"dpsp_post_previous_urls":["a:1:{i:0;s:92:\"https:\/\/www.adrianasbestrecipes.com\/es\/2015\/02\/27\/ensalada-verde-con-manzana-comidakraft-ad\/\";}"],"dpsp_networks_shares_previous_urls":["a:5:{s:8:\"facebook\";i:0;s:7:\"twitter\";i:0;s:9:\"pinterest\";i:6;s:6:\"yummly\";i:0;s:6:\"reddit\";i:0;}"],"_tbf_fix_details":["a:5:{s:6:\"fix_id\";s:4:\"5097\";s:19:\"changed_revision_id\";s:4:\"3488\";s:20:\"original_revision_id\";s:4:\"3488\";s:17:\"operation_set_ids\";s:36:\"images_performance_and_seo_optimizer\";s:10:\"operations\";a:1:{i:0;s:11:\"tag_replace\";}}"],"litespeed_vpi_list":["a:4:{i:0;s:37:\"ABRecipes-New-Logo-with-Trademark.jpg\";i:1;s:82:\"Green-Apple-Salad-recipe-with-Athenos-Feta-Cheese-to-get-inspired-for-Spring-1.jpg\";i:2;s:80:\"Green-Apple-Salad-recipe-with-Athenos-Feta-Cheese-to-get-inspired-for-Spring.jpg\";i:3;s:36:\"Adriana-Martin-TACOS-23-683x1024.jpg\";}"],"_seopress_titles_title":["Ensalada Verde con Manzana"],"_seopress_titles_desc":["Las ensaladas son una opci\u00f3n fresca para empezar a prepararse para el clima m\u00e1s c\u00e1lido, y la sugerencia es esta receta Ensalada Verde con Manzana y Feta"],"_seopress_analysis_target_kw":["Ensalada Verde con Manzana"],"dpsp_networks_shares_json":["{\"facebook\":4,\"pinterest\":25,\"twitter\":0,\"yummly\":0,\"reddit\":0,\"buffer\":0,\"grow\":1}"],"wprm_rating_no_text_comments":["a:0:{}"],"copied_media_ids":["a:3:{i:0;i:219783;i:1;i:219784;i:2;i:219785;}"],"referenced_media_ids":["a:1:{i:0;i:5683;}"],"_uag_page_assets":["a:9:{s:3:\"css\";s:0:\"\";s:2:\"js\";s:0:\"\";s:18:\"current_block_list\";a:0:{}s:8:\"uag_flag\";b:0;s:11:\"uag_version\";s:10:\"1777786307\";s:6:\"gfonts\";a:0:{}s:10:\"gfonts_url\";s:0:\"\";s:12:\"gfonts_files\";a:0:{}s:14:\"uag_faq_layout\";b:0;}"]},"uagb_featured_image_src":{"full":["https:\/\/www.adrianasbestrecipes.com\/wp-content\/uploads\/2015\/02\/Green-Apple-Salad-recipe-with-Athenos-Feta-Cheese-to-get-inspired-for-Spring-1.jpg",640,359,false],"thumbnail":["https:\/\/www.adrianasbestrecipes.com\/wp-content\/uploads\/2015\/02\/Green-Apple-Salad-recipe-with-Athenos-Feta-Cheese-to-get-inspired-for-Spring-1-180x180.jpg",180,180,true],"medium":["https:\/\/www.adrianasbestrecipes.com\/wp-content\/uploads\/2015\/02\/Green-Apple-Salad-recipe-with-Athenos-Feta-Cheese-to-get-inspired-for-Spring-1-300x168.jpg",300,168,true],"medium_large":["https:\/\/www.adrianasbestrecipes.com\/wp-content\/uploads\/2015\/02\/Green-Apple-Salad-recipe-with-Athenos-Feta-Cheese-to-get-inspired-for-Spring-1.jpg",640,359,false],"large":["https:\/\/www.adrianasbestrecipes.com\/wp-content\/uploads\/2015\/02\/Green-Apple-Salad-recipe-with-Athenos-Feta-Cheese-to-get-inspired-for-Spring-1.jpg",640,359,false],"1536x1536":["https:\/\/www.adrianasbestrecipes.com\/wp-content\/uploads\/2015\/02\/Green-Apple-Salad-recipe-with-Athenos-Feta-Cheese-to-get-inspired-for-Spring-1.jpg",640,359,false],"2048x2048":["https:\/\/www.adrianasbestrecipes.com\/wp-content\/uploads\/2015\/02\/Green-Apple-Salad-recipe-with-Athenos-Feta-Cheese-to-get-inspired-for-Spring-1.jpg",640,359,false],"wprm-metadata-1_1":["https:\/\/www.adrianasbestrecipes.com\/wp-content\/uploads\/2015\/02\/Green-Apple-Salad-recipe-with-Athenos-Feta-Cheese-to-get-inspired-for-Spring-1-500x359.jpg",500,359,true],"wprm-metadata-4_3":["https:\/\/www.adrianasbestrecipes.com\/wp-content\/uploads\/2015\/02\/Green-Apple-Salad-recipe-with-Athenos-Feta-Cheese-to-get-inspired-for-Spring-1-500x359.jpg",500,359,true],"wprm-metadata-16_9":["https:\/\/www.adrianasbestrecipes.com\/wp-content\/uploads\/2015\/02\/Green-Apple-Salad-recipe-with-Athenos-Feta-Cheese-to-get-inspired-for-Spring-1-480x270.jpg",480,270,true],"rpwe-thumbnail":["https:\/\/www.adrianasbestrecipes.com\/wp-content\/uploads\/2015\/02\/Green-Apple-Salad-recipe-with-Athenos-Feta-Cheese-to-get-inspired-for-Spring-1-45x45.jpg",45,45,true],"mailchimp":["https:\/\/www.adrianasbestrecipes.com\/wp-content\/uploads\/2015\/02\/Green-Apple-Salad-recipe-with-Athenos-Feta-Cheese-to-get-inspired-for-Spring-1-560x314.jpg",560,314,true],"web-stories-poster-portrait":["https:\/\/www.adrianasbestrecipes.com\/wp-content\/uploads\/2015\/02\/Green-Apple-Salad-recipe-with-Athenos-Feta-Cheese-to-get-inspired-for-Spring-1.jpg",640,359,false],"web-stories-publisher-logo":["https:\/\/www.adrianasbestrecipes.com\/wp-content\/uploads\/2015\/02\/Green-Apple-Salad-recipe-with-Athenos-Feta-Cheese-to-get-inspired-for-Spring-1.jpg",96,54,false],"web-stories-thumbnail":["https:\/\/www.adrianasbestrecipes.com\/wp-content\/uploads\/2015\/02\/Green-Apple-Salad-recipe-with-Athenos-Feta-Cheese-to-get-inspired-for-Spring-1.jpg",150,84,false]},"uagb_author_info":{"display_name":"Chef Adriana Martin","author_link":"https:\/\/www.adrianasbestrecipes.com\/es\/author\/adriana\/"},"uagb_comment_info":0,"uagb_excerpt":"Inspir\u00e9monos con esta ensalada verde de manzana y queso feta","jetpack-related-posts":[{"id":10823,"url":"https:\/\/www.adrianasbestrecipes.com\/es\/endivias-rellenas-de-ensalada-de-manzana\/","url_meta":{"origin":3488,"position":0},"title":"Endivias Rellenas de Ensalada de Manzana","author":"Chef Adriana Martin","date":"23 de diciembre de 2016","format":false,"excerpt":"Las Endivias Rellenas de Ensalada de Manzana es una adici\u00f3n fabulosa para las fiestas de a\u00f1o nuevo o para un aperitivo para el d\u00eda del juego de futbol.","rel":"","context":"En \u00abF\u00e1cil y R\u00e1pido\u00bb","block_context":{"text":"F\u00e1cil y R\u00e1pido","link":"https:\/\/www.adrianasbestrecipes.com\/es\/category\/facil-y-rapido\/"},"img":{"alt_text":"Perfecto balance de texturas y sabores en estas envidias rellenas","src":"https:\/\/i0.wp.com\/www.adrianasbestrecipes.com\/wp-content\/uploads\/2016\/12\/Perfect-balance-of-sweet-creamy-and-savory-is-this-endive-apple-salad-with-walnuts-.jpg?resize=350%2C200&ssl=1","width":350,"height":200,"srcset":"https:\/\/i0.wp.com\/www.adrianasbestrecipes.com\/wp-content\/uploads\/2016\/12\/Perfect-balance-of-sweet-creamy-and-savory-is-this-endive-apple-salad-with-walnuts-.jpg?resize=350%2C200&ssl=1 1x, https:\/\/i0.wp.com\/www.adrianasbestrecipes.com\/wp-content\/uploads\/2016\/12\/Perfect-balance-of-sweet-creamy-and-savory-is-this-endive-apple-salad-with-walnuts-.jpg?resize=525%2C300&ssl=1 1.5x, https:\/\/i0.wp.com\/www.adrianasbestrecipes.com\/wp-content\/uploads\/2016\/12\/Perfect-balance-of-sweet-creamy-and-savory-is-this-endive-apple-salad-with-walnuts-.jpg?resize=700%2C400&ssl=1 2x"},"classes":[]},{"id":3312,"url":"https:\/\/www.adrianasbestrecipes.com\/es\/recetas-de-ensaladas-para-el-ano-nuevo\/","url_meta":{"origin":3488,"position":1},"title":"Recetas de Ensaladas para el A\u00f1o Nuevo","author":"Chef Adriana Martin","date":"30 de diciembre de 2014","format":false,"excerpt":"Recetas de ensaladas para comenzar 2015 con el pie derecho","rel":"","context":"En \u00abF\u00e1cil y R\u00e1pido\u00bb","block_context":{"text":"F\u00e1cil y R\u00e1pido","link":"https:\/\/www.adrianasbestrecipes.com\/es\/category\/facil-y-rapido\/"},"img":{"alt_text":"Pear Salad","src":"https:\/\/i0.wp.com\/www.adrianasbestrecipes.com\/wp-content\/uploads\/2014\/12\/Pear-Salad-.jpg?resize=350%2C200&ssl=1","width":350,"height":200,"srcset":"https:\/\/i0.wp.com\/www.adrianasbestrecipes.com\/wp-content\/uploads\/2014\/12\/Pear-Salad-.jpg?resize=350%2C200&ssl=1 1x, https:\/\/i0.wp.com\/www.adrianasbestrecipes.com\/wp-content\/uploads\/2014\/12\/Pear-Salad-.jpg?resize=525%2C300&ssl=1 1.5x"},"classes":[]},{"id":4337,"url":"https:\/\/www.adrianasbestrecipes.com\/es\/ensalada-con-aguaymantos-y-espinacas\/","url_meta":{"origin":3488,"position":2},"title":"Ensalada con Aguaymantos y Espinacas","author":"Chef Adriana Martin","date":"19 de octubre de 2015","format":false,"excerpt":"Una opci\u00f3n fresca para un almuerzo o cena especial","rel":"","context":"En \u00abAlmuerzo\u00bb","block_context":{"text":"Almuerzo","link":"https:\/\/www.adrianasbestrecipes.com\/es\/category\/almuerzo-es\/"},"img":{"alt_text":"","src":"https:\/\/i0.wp.com\/www.adrianasbestrecipes.com\/wp-content\/uploads\/2015\/10\/Gooseberries-and-Spinach-Salad-1.jpg?resize=350%2C200&ssl=1","width":350,"height":200,"srcset":"https:\/\/i0.wp.com\/www.adrianasbestrecipes.com\/wp-content\/uploads\/2015\/10\/Gooseberries-and-Spinach-Salad-1.jpg?resize=350%2C200&ssl=1 1x, https:\/\/i0.wp.com\/www.adrianasbestrecipes.com\/wp-content\/uploads\/2015\/10\/Gooseberries-and-Spinach-Salad-1.jpg?resize=525%2C300&ssl=1 1.5x"},"classes":[]},{"id":21096,"url":"https:\/\/www.adrianasbestrecipes.com\/es\/perros-calientes-vegetarianos\/","url_meta":{"origin":3488,"position":3},"title":"Perros Calientes Vegetarianos","author":"Chef Adriana Martin","date":"25 de mayo de 2018","format":false,"excerpt":"\u00a1Perros Calientes Vegetarianos, Un Verdadero Fest\u00edn de Sabor para Todos los Gustos!","rel":"","context":"En \u00abCena\u00bb","block_context":{"text":"Cena","link":"https:\/\/www.adrianasbestrecipes.com\/es\/category\/cena-2\/"},"img":{"alt_text":"Fest\u00edn de perros calientes vegetarianos","src":"https:\/\/i0.wp.com\/www.adrianasbestrecipes.com\/wp-content\/uploads\/2018\/05\/A-tasty-vegetarian-hot-dogs-feast.jpg?resize=350%2C200&ssl=1","width":350,"height":200,"srcset":"https:\/\/i0.wp.com\/www.adrianasbestrecipes.com\/wp-content\/uploads\/2018\/05\/A-tasty-vegetarian-hot-dogs-feast.jpg?resize=350%2C200&ssl=1 1x, https:\/\/i0.wp.com\/www.adrianasbestrecipes.com\/wp-content\/uploads\/2018\/05\/A-tasty-vegetarian-hot-dogs-feast.jpg?resize=525%2C300&ssl=1 1.5x, https:\/\/i0.wp.com\/www.adrianasbestrecipes.com\/wp-content\/uploads\/2018\/05\/A-tasty-vegetarian-hot-dogs-feast.jpg?resize=700%2C400&ssl=1 2x"},"classes":[]},{"id":3998,"url":"https:\/\/www.adrianasbestrecipes.com\/es\/ensalada-de-orzo-estilo-griego\/","url_meta":{"origin":3488,"position":4},"title":"Ensalada de Orzo Estilo Griego","author":"Chef Adriana Martin","date":"30 de junio de 2015","format":false,"excerpt":"El orzo es una sabrosa guarnici\u00f3n para cualquier platillo.","rel":"","context":"En \u00abCena\u00bb","block_context":{"text":"Cena","link":"https:\/\/www.adrianasbestrecipes.com\/es\/category\/cena-2\/"},"img":{"alt_text":"Greek Style Orzo Salad Recipe","src":"https:\/\/i0.wp.com\/www.adrianasbestrecipes.com\/wp-content\/uploads\/2015\/06\/Greek-Style-Orzo-Salad-Recipe-1.jpg?resize=350%2C200&ssl=1","width":350,"height":200,"srcset":"https:\/\/i0.wp.com\/www.adrianasbestrecipes.com\/wp-content\/uploads\/2015\/06\/Greek-Style-Orzo-Salad-Recipe-1.jpg?resize=350%2C200&ssl=1 1x, https:\/\/i0.wp.com\/www.adrianasbestrecipes.com\/wp-content\/uploads\/2015\/06\/Greek-Style-Orzo-Salad-Recipe-1.jpg?resize=525%2C300&ssl=1 1.5x"},"classes":[]},{"id":4799,"url":"https:\/\/www.adrianasbestrecipes.com\/es\/ensalada-toscana-con-pan-y-tomates\/","url_meta":{"origin":3488,"position":5},"title":"Ensalada Toscana con Pan y Tomates","author":"Chef Adriana Martin","date":"30 de marzo de 2016","format":false,"excerpt":"Una idea para usar el pan del d\u00eda anterior","rel":"","context":"En \u00abF\u00e1cil y R\u00e1pido\u00bb","block_context":{"text":"F\u00e1cil y R\u00e1pido","link":"https:\/\/www.adrianasbestrecipes.com\/es\/category\/facil-y-rapido\/"},"img":{"alt_text":"Panzanella Salad recipe","src":"https:\/\/i0.wp.com\/www.adrianasbestrecipes.com\/wp-content\/uploads\/2016\/03\/Panzanella-Salad-recipe-1.jpg?resize=350%2C200&ssl=1","width":350,"height":200,"srcset":"https:\/\/i0.wp.com\/www.adrianasbestrecipes.com\/wp-content\/uploads\/2016\/03\/Panzanella-Salad-recipe-1.jpg?resize=350%2C200&ssl=1 1x, https:\/\/i0.wp.com\/www.adrianasbestrecipes.com\/wp-content\/uploads\/2016\/03\/Panzanella-Salad-recipe-1.jpg?resize=525%2C300&ssl=1 1.5x"},"classes":[]}],"jetpack_sharing_enabled":true,"_links":{"self":[{"href":"https:\/\/www.adrianasbestrecipes.com\/es\/wp-json\/wp\/v2\/posts\/3488","targetHints":{"allow":["GET"]}}],"collection":[{"href":"https:\/\/www.adrianasbestrecipes.com\/es\/wp-json\/wp\/v2\/posts"}],"about":[{"href":"https:\/\/www.adrianasbestrecipes.com\/es\/wp-json\/wp\/v2\/types\/post"}],"author":[{"embeddable":true,"href":"https:\/\/www.adrianasbestrecipes.com\/es\/wp-json\/wp\/v2\/users\/2"}],"replies":[{"embeddable":true,"href":"https:\/\/www.adrianasbestrecipes.com\/es\/wp-json\/wp\/v2\/comments?post=3488"}],"version-history":[{"count":0,"href":"https:\/\/www.adrianasbestrecipes.com\/es\/wp-json\/wp\/v2\/posts\/3488\/revisions"}],"wp:featuredmedia":[{"embeddable":true,"href":"https:\/\/www.adrianasbestrecipes.com\/es\/wp-json\/wp\/v2\/media\/5683"}],"wp:attachment":[{"href":"https:\/\/www.adrianasbestrecipes.com\/es\/wp-json\/wp\/v2\/media?parent=3488"}],"wp:term":[{"taxonomy":"category","embeddable":true,"href":"https:\/\/www.adrianasbestrecipes.com\/es\/wp-json\/wp\/v2\/categories?post=3488"},{"taxonomy":"post_tag","embeddable":true,"href":"https:\/\/www.adrianasbestrecipes.com\/es\/wp-json\/wp\/v2\/tags?post=3488"}],"curies":[{"name":"wp","href":"https:\/\/api.w.org\/{rel}","templated":true}]}}