{"id":3442,"date":"2015-02-16T15:11:36","date_gmt":"2015-02-16T20:11:36","guid":{"rendered":"https:\/\/www.adrianasbestrecipes.com\/?p=3442"},"modified":"2019-03-22T00:35:13","modified_gmt":"2019-03-22T04:35:13","slug":"recetas-favoritas-para-la-cuaresma","status":"publish","type":"post","link":"https:\/\/www.adrianasbestrecipes.com\/es\/recetas-favoritas-para-la-cuaresma\/","title":{"rendered":"Recetas Favoritas para la Cuaresma"},"content":{"rendered":"<figure id=\"attachment_3443\" aria-describedby=\"caption-attachment-3443\" style=\"width: 630px\" class=\"wp-caption aligncenter\"><img decoding=\"async\" class=\"wp-image-3443 size-full\" title=\"Favorite Recipes for Lent #LentenRecipes #ABRecipes\" src=\"https:\/\/www.adrianasbestrecipes.com\/wp-content\/uploads\/2015\/02\/Favorite-Recipes-for-Lent.jpg\" alt=\"Favorite Recipes for Lent #LentenRecipes #ABRecipes\" width=\"640\" height=\"640\" srcset=\"https:\/\/www.adrianasbestrecipes.com\/wp-content\/uploads\/2015\/02\/Favorite-Recipes-for-Lent.jpg 640w, https:\/\/www.adrianasbestrecipes.com\/wp-content\/uploads\/2015\/02\/Favorite-Recipes-for-Lent-300x300.jpg 300w, https:\/\/www.adrianasbestrecipes.com\/wp-content\/uploads\/2015\/02\/Favorite-Recipes-for-Lent-180x180.jpg 180w, https:\/\/www.adrianasbestrecipes.com\/wp-content\/uploads\/2015\/02\/Favorite-Recipes-for-Lent-500x500.jpg 500w, https:\/\/www.adrianasbestrecipes.com\/wp-content\/uploads\/2015\/02\/Favorite-Recipes-for-Lent-45x45.jpg 45w, https:\/\/www.adrianasbestrecipes.com\/wp-content\/uploads\/2015\/02\/Favorite-Recipes-for-Lent-560x560.jpg 560w, https:\/\/www.adrianasbestrecipes.com\/wp-content\/uploads\/2015\/02\/Favorite-Recipes-for-Lent-400x400.jpg 400w, https:\/\/www.adrianasbestrecipes.com\/wp-content\/uploads\/2015\/02\/Favorite-Recipes-for-Lent-125x125.jpg 125w\" sizes=\"(max-width: 640px) 100vw, 640px\" \/><figcaption id=\"caption-attachment-3443\" class=\"wp-caption-text\">Recetas Favoritas para la Cuaresma<\/figcaption><\/figure>\n<p>Si profesas la f\u00e9 cat\u00f3lica ha llegado el momento para prepararnos para la Cuaresma ya que esta semana los cat\u00f3licos celebramos el mi\u00e9rcoles de ceniza. As\u00ed que para facilitarte el men\u00fa para los pr\u00f3ximos d\u00edas de ayuno quiero compartir contigo mis recetas favoritas para la Cuaresma las cuales estar\u00e9 publicando una cada semana para que t\u00fa te puedas preparar en casa para ofrecer una comida sin carne cada viernes de cuaresma.<\/p>\n<figure id=\"attachment_3444\" aria-describedby=\"caption-attachment-3444\" style=\"width: 630px\" class=\"wp-caption aligncenter\"><img decoding=\"async\" class=\"wp-image-3444 size-full\" title=\"Seven Weeks of Lenten Recipes 2015 #lentenrecipes #ABRecipes\" src=\"https:\/\/www.adrianasbestrecipes.com\/wp-content\/uploads\/2015\/02\/Seven-Weeks-of-Lenten-Recipes-2015.jpg\" alt=\"Seven Weeks of Lenten Recipes 2015 #lentenrecipes #ABRecipes\" width=\"640\" height=\"480\" srcset=\"https:\/\/www.adrianasbestrecipes.com\/wp-content\/uploads\/2015\/02\/Seven-Weeks-of-Lenten-Recipes-2015.jpg 640w, https:\/\/www.adrianasbestrecipes.com\/wp-content\/uploads\/2015\/02\/Seven-Weeks-of-Lenten-Recipes-2015-300x225.jpg 300w, https:\/\/www.adrianasbestrecipes.com\/wp-content\/uploads\/2015\/02\/Seven-Weeks-of-Lenten-Recipes-2015-500x375.jpg 500w, https:\/\/www.adrianasbestrecipes.com\/wp-content\/uploads\/2015\/02\/Seven-Weeks-of-Lenten-Recipes-2015-560x420.jpg 560w\" sizes=\"(max-width: 640px) 100vw, 640px\" \/><figcaption id=\"caption-attachment-3444\" class=\"wp-caption-text\">Siete Semanas de Recetas de Cuaresma Edici\u00f3n 2015<\/figcaption><\/figure>\n<p>Todos los a\u00f1os durante esta \u00e9poca me uno con mis hermanas\u00a0blogueras latinas para compartir nuestras\u00a0recetas favoritas para la cuaresma dando como resultado un grupo de recetas diversas sin carne para que puedas elegir tu men\u00fa para los viernes de cuaresma. O bien para los de gusto vegetariano este tiempo es excelente\u00a0para contar con ideas de recetas sin carne para cocinar en casa con un toque latino.<\/p>\n<p>Como cada a\u00f1o me uno al grupo denominado <a title=\"Celebrando la Cuaresma con 7 Semanas de Recetas\" href=\"https:\/\/www.adrianasbestrecipes.com\/es\/celebrando-la-cuaresma-con-7-semanas-de-recetas\/\" rel=\"noopener\">\"Siete Semanas de Recetas de Cuaresma\"<\/a> con blogueras latinas muy talentosas<\/p>\n<figure id=\"attachment_3441\" aria-describedby=\"caption-attachment-3441\" style=\"width: 630px\" class=\"wp-caption aligncenter\"><img decoding=\"async\" class=\"wp-image-3441 size-full\" title=\"Iglesia de la Conchita at Coyoacan Mexico\" src=\"https:\/\/www.adrianasbestrecipes.com\/wp-content\/uploads\/2015\/02\/Iglesia-de-la-Conchita-Coyoacan-Mexico.jpg\" alt=\"Iglesia de la Conchita at Coyoacan Mexico\" width=\"640\" height=\"480\" srcset=\"https:\/\/www.adrianasbestrecipes.com\/wp-content\/uploads\/2015\/02\/Iglesia-de-la-Conchita-Coyoacan-Mexico.jpg 640w, https:\/\/www.adrianasbestrecipes.com\/wp-content\/uploads\/2015\/02\/Iglesia-de-la-Conchita-Coyoacan-Mexico-300x225.jpg 300w, https:\/\/www.adrianasbestrecipes.com\/wp-content\/uploads\/2015\/02\/Iglesia-de-la-Conchita-Coyoacan-Mexico-500x375.jpg 500w, https:\/\/www.adrianasbestrecipes.com\/wp-content\/uploads\/2015\/02\/Iglesia-de-la-Conchita-Coyoacan-Mexico-560x420.jpg 560w\" sizes=\"(max-width: 640px) 100vw, 640px\" \/><figcaption id=\"caption-attachment-3441\" class=\"wp-caption-text\">Iglesia de la Conchita en Coyoac\u00e1n, M\u00e9xico, DF<\/figcaption><\/figure>\n<p>Durante mi vida en M\u00e9xico siempre como familia observ\u00e1bamos la \u00e9poca de la cuaresma y hay muchos platillos caseros que guardo en coraz\u00f3n y que compartir\u00e9 con ustedes en estas pr\u00f3ximas semanas. La cocina mexicana es tan flexible ya que abarca el uso de verduras en muchos de las preparaciones, as\u00ed que es\u00a0f\u00e1cil preparar esas recetas favoritas para la Cuaresma con los sabores de mi cocina mexicana que se pueden\u00a0disfrutar durante todo el a\u00f1o no solo en esta \u00e9poca de abstinencia.<\/p>\n<p>Ven y \u00fanete a nosotros visitando este sitio cada semana para que conozcas las recetas de cuaresma las cuales ser\u00e1n certificadas como realmente deliciosas y sencillas de preparar.<\/p>\n<p><!-- start LinkyTools script --><br \/>\n<script src=\"https:\/\/www.linkytools.com\/thumbnail_linky_include.aspx?id=251512\" type=\"text\/javascript\"><\/script><br \/>\n<!-- end LinkyTools script --><\/p>\n","protected":false},"excerpt":{"rendered":"<p>Recetas sin carne para los viernes de Cuaresma<\/p>\n","protected":false},"author":2,"featured_media":5703,"comment_status":"open","ping_status":"closed","sticky":false,"template":"","format":"standard","meta":{"_seopress_robots_primary_cat":"","_seopress_titles_title":"Recetas Favoritas para la Cuaresma","_seopress_titles_desc":"Recetas favoritas para la Cuaresma saldr\u00e1 una cada semana para que t\u00fa te puedas preparar en casa cada viernes de cuaresma.","_seopress_robots_index":"","_uag_custom_page_level_css":"","wprm-recipe-roundup-name":"","wprm-recipe-roundup-description":"","_jetpack_memberships_contains_paid_content":false,"footnotes":""},"categories":[325,66,1784,628],"tags":[],"class_list":["post-3442","post","type-post","status-publish","format-standard","has-post-thumbnail","hentry","category-almuerzo-es","category-cena-2","category-cuaresma-es","category-cultura","generate-columns","tablet-grid-50","mobile-grid-100","grid-parent","grid-50"],"jetpack_featured_media_url":"https:\/\/www.adrianasbestrecipes.com\/wp-content\/uploads\/2015\/02\/Favorite-Recipes-for-Lent-1.jpg","spectra_custom_meta":{"_edit_lock":["1553229317:2"],"_edit_last":["2"],"_alp_processed":["1477547667"],"image":[""],"pinType":["movie"],"pinName":[""],"pinDescription":[""],"pinRating":[""],"pinRatingMax":[""],"pinContent":["G"],"pinDate":[""],"numDirectors":["0"],"numActors":["0"],"_yoast_wpseo_focuskw":["Recetas Favoritas para la Cuaresma"],"_yoast_wpseo_linkdex":["68"],"_yoast_wpseo_metadesc":["Recetas favoritas para la Cuaresma saldr\u00e1 una cada semana para que t\u00fa te puedas preparar en casa cada viernes de cuaresma."],"dsq_thread_id":["3521273947"],"_yoast_wpseo_title":["Recetas Favoritas para la Cuaresma"],"_thumbnail_id":["5703"],"_et_social_shares_facebook":["a:3:{s:12:\"force_update\";b:1;s:6:\"counts\";i:1;s:8:\"last_upd\";s:19:\"2016-08-20 23:32:10\";}"],"_et_social_shares_twitter":["a:3:{s:12:\"force_update\";b:1;s:6:\"counts\";i:0;s:8:\"last_upd\";s:19:\"2016-08-20 23:32:10\";}"],"_et_social_shares_googleplus":["a:3:{s:12:\"force_update\";b:1;s:6:\"counts\";i:0;s:8:\"last_upd\";s:19:\"2016-08-20 23:32:11\";}"],"_et_social_shares_pinterest":["a:3:{s:12:\"force_update\";b:0;s:6:\"counts\";i:2;s:8:\"last_upd\";s:19:\"2016-08-20 23:32:11\";}"],"_et_social_shares_delicious":["a:3:{s:12:\"force_update\";b:1;s:6:\"counts\";i:0;s:8:\"last_upd\";s:19:\"2016-05-17 15:26:10\";}"],"_et_social_shares_digg":["a:3:{s:12:\"force_update\";b:1;s:6:\"counts\";i:0;s:8:\"last_upd\";s:19:\"2016-05-17 15:26:10\";}"],"_et_social_shares_printfriendly":["a:3:{s:12:\"force_update\";b:1;s:6:\"counts\";i:0;s:8:\"last_upd\";s:19:\"2016-08-20 23:32:11\";}"],"_stumbleupon_shares":["5"],"_totes":["36"],"bitly_link":["http:\/\/bit.ly\/2FJVQFB"],"_google_plus_shares":["0"],"bitly_link_google_plus":["http:\/\/bit.ly\/2MIrtTY"],"swp_open_graph_image_data":["false"],"swp_open_graph_image_url":[""],"_facebook_shares":["17"],"_pinterest_shares":["14"],"_buffer_shares":["0"],"_yummly_shares":["0"],"_twitter_shares":["0"],"_whatsapp_shares":["0"],"_flipboard_shares":["0"],"_mix_shares":["0"],"_email_shares":["0"],"_total_shares":["31"],"bitly_link_facebook":["http:\/\/bit.ly\/2VQVF3w"],"bitly_link_twitter":["http:\/\/bit.ly\/2VUTdZZ"],"bitly_link_mix":["http:\/\/bit.ly\/2VUTeNx"],"bitly_link_buffer":["http:\/\/bit.ly\/2VQ5L4z"],"bitly_link_flipboard":["http:\/\/bit.ly\/2VPAFtV"],"bitly_link_email":["http:\/\/bit.ly\/2VQMAru"],"bitly_link_whatsapp":["http:\/\/bit.ly\/2VL2kfw"],"bitly_link_yummly":["http:\/\/bit.ly\/2VQVFk2"],"swp_cache_timestamp":["431286"],"_wpml_media_duplicate":["0"],"_wpml_media_featured":["0"],"_genesis_scripts_body_position":["bottom"],"_yoast_wpseo_primary_category":["66"],"_yoast_wpseo_content_score":["30"],"dpsp_networks_shares":["a:7:{s:8:\"facebook\";i:17;s:9:\"pinterest\";i:14;s:7:\"twitter\";i:0;s:6:\"yummly\";i:0;s:6:\"reddit\";i:0;s:6:\"buffer\";i:0;s:4:\"grow\";i:1;}"],"dpsp_networks_shares_total":["32"],"dpsp_networks_shares_last_updated":["1642423200"],"dpsp_cache_shares_twitter_2":["0"],"dpsp_short_link_bitly":["a:14:{s:18:\"facebook_short_url\";s:21:\"http:\/\/bit.ly\/2uA0q5T\";s:17:\"twitter_short_url\";s:21:\"http:\/\/bit.ly\/2uwtifv\";s:18:\"whatsapp_short_url\";s:21:\"http:\/\/bit.ly\/2uA0rGZ\";s:16:\"yummly_short_url\";s:21:\"http:\/\/bit.ly\/2uzozJO\";s:15:\"email_short_url\";s:21:\"http:\/\/bit.ly\/2uAR8GS\";s:13:\"mix_short_url\";s:21:\"http:\/\/bit.ly\/35BpFpL\";s:19:\"flipboard_short_url\";s:21:\"http:\/\/bit.ly\/31isXuD\";s:18:\"linkedin_short_url\";s:21:\"http:\/\/bit.ly\/2qjGUfd\";s:16:\"reddit_short_url\";s:21:\"http:\/\/bit.ly\/2IVvpRD\";s:16:\"buffer_short_url\";s:21:\"http:\/\/bit.ly\/32hKZys\";s:18:\"telegram_short_url\";s:21:\"http:\/\/bit.ly\/33ABgDH\";s:14:\"grow_short_url\";s:22:\"https:\/\/bit.ly\/3nRGgPP\";s:17:\"threads_short_url\";s:22:\"https:\/\/bit.ly\/3VsZ2hG\";s:18:\"mastodon_short_url\";s:22:\"https:\/\/bit.ly\/3VF56U8\";}"],"_jetpack_related_posts_cache":["a:1:{s:32:\"37550b67d263a3ce789993dc25046c5f\";a:2:{s:7:\"expires\";i:1622224747;s:7:\"payload\";a:6:{i:0;a:1:{s:2:\"id\";i:4642;}i:1;a:1:{s:2:\"id\";i:1431;}i:2;a:1:{s:2:\"id\";i:3493;}i:3;a:1:{s:2:\"id\";i:4659;}i:4;a:1:{s:2:\"id\";i:2389;}i:5;a:1:{s:2:\"id\";i:1457;}}}}"],"dpsp_post_previous_urls":["a:1:{i:0;s:85:\"https:\/\/www.adrianasbestrecipes.com\/es\/2015\/02\/16\/recetas-favoritas-para-la-cuaresma\/\";}"],"dpsp_networks_shares_previous_urls":["a:5:{s:8:\"facebook\";i:1;s:7:\"twitter\";i:0;s:9:\"pinterest\";i:2;s:6:\"yummly\";i:0;s:6:\"reddit\";i:0;}"],"_tbf_fix_details":["a:5:{s:6:\"fix_id\";s:2:\"42\";s:19:\"changed_revision_id\";s:4:\"3442\";s:20:\"original_revision_id\";s:4:\"3442\";s:17:\"operation_set_ids\";s:28:\"compliance_remove_noreferrer\";s:10:\"operations\";a:1:{i:0;s:23:\"attribute_value_replace\";}}"],"litespeed_vpi_list":["a:3:{i:0;s:37:\"ABRecipes-New-Logo-with-Trademark.jpg\";i:1;s:31:\"Favorite-Recipes-for-Lent-1.jpg\";i:2;s:36:\"Adriana-Martin-TACOS-23-683x1024.jpg\";}"],"_seopress_titles_title":["Recetas Favoritas para la Cuaresma"],"_seopress_titles_desc":["Recetas favoritas para la Cuaresma saldr\u00e1 una cada semana para que t\u00fa te puedas preparar en casa cada viernes de cuaresma."],"_seopress_analysis_target_kw":["Recetas Favoritas para la Cuaresma"],"dpsp_networks_shares_json":["{\"facebook\":17,\"pinterest\":14,\"twitter\":0,\"yummly\":0,\"reddit\":0,\"buffer\":0,\"grow\":1}"],"wprm_rating_no_text_comments":["a:0:{}"],"_wpdiscuz_statistics":["a:0:{}"],"copied_media_ids":["a:3:{i:0;i:219751;i:1;i:219752;i:2;i:219750;}"],"referenced_media_ids":["a:1:{i:0;i:5703;}"],"_uag_page_assets":["a:9:{s:3:\"css\";s:0:\"\";s:2:\"js\";s:0:\"\";s:18:\"current_block_list\";a:0:{}s:8:\"uag_flag\";b:0;s:11:\"uag_version\";s:10:\"1777410326\";s:6:\"gfonts\";a:0:{}s:10:\"gfonts_url\";s:0:\"\";s:12:\"gfonts_files\";a:0:{}s:14:\"uag_faq_layout\";b:0;}"]},"uagb_featured_image_src":{"full":["https:\/\/www.adrianasbestrecipes.com\/wp-content\/uploads\/2015\/02\/Favorite-Recipes-for-Lent-1.jpg",640,640,false],"thumbnail":["https:\/\/www.adrianasbestrecipes.com\/wp-content\/uploads\/2015\/02\/Favorite-Recipes-for-Lent-1-180x180.jpg",180,180,true],"medium":["https:\/\/www.adrianasbestrecipes.com\/wp-content\/uploads\/2015\/02\/Favorite-Recipes-for-Lent-1-300x300.jpg",300,300,true],"medium_large":["https:\/\/www.adrianasbestrecipes.com\/wp-content\/uploads\/2015\/02\/Favorite-Recipes-for-Lent-1.jpg",640,640,false],"large":["https:\/\/www.adrianasbestrecipes.com\/wp-content\/uploads\/2015\/02\/Favorite-Recipes-for-Lent-1.jpg",640,640,false],"1536x1536":["https:\/\/www.adrianasbestrecipes.com\/wp-content\/uploads\/2015\/02\/Favorite-Recipes-for-Lent-1.jpg",640,640,false],"2048x2048":["https:\/\/www.adrianasbestrecipes.com\/wp-content\/uploads\/2015\/02\/Favorite-Recipes-for-Lent-1.jpg",640,640,false],"wprm-metadata-1_1":["https:\/\/www.adrianasbestrecipes.com\/wp-content\/uploads\/2015\/02\/Favorite-Recipes-for-Lent-1-500x500.jpg",500,500,true],"wprm-metadata-4_3":["https:\/\/www.adrianasbestrecipes.com\/wp-content\/uploads\/2015\/02\/Favorite-Recipes-for-Lent-1-500x375.jpg",500,375,true],"wprm-metadata-16_9":["https:\/\/www.adrianasbestrecipes.com\/wp-content\/uploads\/2015\/02\/Favorite-Recipes-for-Lent-1-480x270.jpg",480,270,true],"rpwe-thumbnail":["https:\/\/www.adrianasbestrecipes.com\/wp-content\/uploads\/2015\/02\/Favorite-Recipes-for-Lent-1-45x45.jpg",45,45,true],"mailchimp":["https:\/\/www.adrianasbestrecipes.com\/wp-content\/uploads\/2015\/02\/Favorite-Recipes-for-Lent-1-560x560.jpg",560,560,true],"web-stories-poster-portrait":["https:\/\/www.adrianasbestrecipes.com\/wp-content\/uploads\/2015\/02\/Favorite-Recipes-for-Lent-1.jpg",640,640,false],"web-stories-publisher-logo":["https:\/\/www.adrianasbestrecipes.com\/wp-content\/uploads\/2015\/02\/Favorite-Recipes-for-Lent-1.jpg",96,96,false],"web-stories-thumbnail":["https:\/\/www.adrianasbestrecipes.com\/wp-content\/uploads\/2015\/02\/Favorite-Recipes-for-Lent-1.jpg",150,150,false]},"uagb_author_info":{"display_name":"Chef Adriana Martin","author_link":"https:\/\/www.adrianasbestrecipes.com\/es\/author\/adriana\/"},"uagb_comment_info":0,"uagb_excerpt":"Recetas sin carne para los viernes de Cuaresma","jetpack-related-posts":[{"id":4642,"url":"https:\/\/www.adrianasbestrecipes.com\/es\/unete-a-la-serie-7-semanas-de-recetas-para-la-cuaresma\/","url_meta":{"origin":3442,"position":0},"title":"\u00danete a Serie 7 Semanas de Recetas para la Cuaresma","author":"Chef Adriana Martin","date":"10 de febrero de 2016","format":false,"excerpt":"Ricas recetas para los viernes de cuaresma","rel":"","context":"En \u00abCuaresma y Recetas Sin Carne\u00bb","block_context":{"text":"Cuaresma y Recetas Sin Carne","link":"https:\/\/www.adrianasbestrecipes.com\/es\/category\/cuaresma-es\/"},"img":{"alt_text":"Welcome to the 7 Weeks of Lent Recipes","src":"https:\/\/i0.wp.com\/www.adrianasbestrecipes.com\/wp-content\/uploads\/2016\/02\/Welcome-to-the-7-Weeks-of-Lent-Recipes-1.jpg?resize=350%2C200&ssl=1","width":350,"height":200,"srcset":"https:\/\/i0.wp.com\/www.adrianasbestrecipes.com\/wp-content\/uploads\/2016\/02\/Welcome-to-the-7-Weeks-of-Lent-Recipes-1.jpg?resize=350%2C200&ssl=1 1x, https:\/\/i0.wp.com\/www.adrianasbestrecipes.com\/wp-content\/uploads\/2016\/02\/Welcome-to-the-7-Weeks-of-Lent-Recipes-1.jpg?resize=525%2C300&ssl=1 1.5x"},"classes":[]},{"id":3493,"url":"https:\/\/www.adrianasbestrecipes.com\/es\/calabaza-espagueti-en-salsa-marinara\/","url_meta":{"origin":3442,"position":1},"title":"Calabaza Espagueti en Salsa Marinara","author":"Chef Adriana Martin","date":"27 de febrero de 2015","format":false,"excerpt":"Calabaza Espagueti en Salsa Marinara, un platillo muy sabroso para la Cuaresma","rel":"","context":"En \u00abAlmuerzo\u00bb","block_context":{"text":"Almuerzo","link":"https:\/\/www.adrianasbestrecipes.com\/es\/category\/almuerzo-es\/"},"img":{"alt_text":"","src":"https:\/\/i0.wp.com\/www.adrianasbestrecipes.com\/wp-content\/uploads\/2015\/02\/Marinara-Spaguetti-squash-scaled.jpg?resize=350%2C200&ssl=1","width":350,"height":200,"srcset":"https:\/\/i0.wp.com\/www.adrianasbestrecipes.com\/wp-content\/uploads\/2015\/02\/Marinara-Spaguetti-squash-scaled.jpg?resize=350%2C200&ssl=1 1x, https:\/\/i0.wp.com\/www.adrianasbestrecipes.com\/wp-content\/uploads\/2015\/02\/Marinara-Spaguetti-squash-scaled.jpg?resize=525%2C300&ssl=1 1.5x, https:\/\/i0.wp.com\/www.adrianasbestrecipes.com\/wp-content\/uploads\/2015\/02\/Marinara-Spaguetti-squash-scaled.jpg?resize=700%2C400&ssl=1 2x, https:\/\/i0.wp.com\/www.adrianasbestrecipes.com\/wp-content\/uploads\/2015\/02\/Marinara-Spaguetti-squash-scaled.jpg?resize=1050%2C600&ssl=1 3x, https:\/\/i0.wp.com\/www.adrianasbestrecipes.com\/wp-content\/uploads\/2015\/02\/Marinara-Spaguetti-squash-scaled.jpg?resize=1400%2C800&ssl=1 4x"},"classes":[]},{"id":3570,"url":"https:\/\/www.adrianasbestrecipes.com\/es\/cazuela-de-poblanos-y-arroz-blanco\/","url_meta":{"origin":3442,"position":2},"title":"Cazuela de Poblanos y Arroz Blanco","author":"Chef Adriana Martin","date":"11 de marzo de 2015","format":false,"excerpt":"Esta receta es hogare\u00f1a y sale de mi cocina a la tuya con amor","rel":"","context":"En \u00abCena\u00bb","block_context":{"text":"Cena","link":"https:\/\/www.adrianasbestrecipes.com\/es\/category\/cena-2\/"},"img":{"alt_text":"Poblano Rice Casserole Recipe","src":"https:\/\/i0.wp.com\/www.adrianasbestrecipes.com\/wp-content\/uploads\/2015\/03\/Poblano-Rice-Casserole-Recipe-1.jpg?resize=350%2C200&ssl=1","width":350,"height":200,"srcset":"https:\/\/i0.wp.com\/www.adrianasbestrecipes.com\/wp-content\/uploads\/2015\/03\/Poblano-Rice-Casserole-Recipe-1.jpg?resize=350%2C200&ssl=1 1x, https:\/\/i0.wp.com\/www.adrianasbestrecipes.com\/wp-content\/uploads\/2015\/03\/Poblano-Rice-Casserole-Recipe-1.jpg?resize=525%2C300&ssl=1 1.5x"},"classes":[]},{"id":12079,"url":"https:\/\/www.adrianasbestrecipes.com\/es\/platillo-mexicano-vegetariano\/","url_meta":{"origin":3442,"position":3},"title":"Platillo Mexicano Vegetariano","author":"Chef Adriana Martin","date":"28 de febrero de 2017","format":false,"excerpt":"Un rico platillo mexicano vegetariano cocinado con productos frescos, especias mexicanas y MorningStar Farms\u00ae Grillers\u00ae Crumbles\u2122. Realmente delicioso.","rel":"","context":"En \u00abAlmuerzo\u00bb","block_context":{"text":"Almuerzo","link":"https:\/\/www.adrianasbestrecipes.com\/es\/category\/almuerzo-es\/"},"img":{"alt_text":"Una receta sabrosa para un platillo mexicano vegetariano","src":"https:\/\/i0.wp.com\/www.adrianasbestrecipes.com\/wp-content\/uploads\/2017\/02\/A-tasty-Mexican-Buddha-Bowl-recipe.jpg?resize=350%2C200&ssl=1","width":350,"height":200,"srcset":"https:\/\/i0.wp.com\/www.adrianasbestrecipes.com\/wp-content\/uploads\/2017\/02\/A-tasty-Mexican-Buddha-Bowl-recipe.jpg?resize=350%2C200&ssl=1 1x, https:\/\/i0.wp.com\/www.adrianasbestrecipes.com\/wp-content\/uploads\/2017\/02\/A-tasty-Mexican-Buddha-Bowl-recipe.jpg?resize=525%2C300&ssl=1 1.5x, https:\/\/i0.wp.com\/www.adrianasbestrecipes.com\/wp-content\/uploads\/2017\/02\/A-tasty-Mexican-Buddha-Bowl-recipe.jpg?resize=700%2C400&ssl=1 2x"},"classes":[]},{"id":1431,"url":"https:\/\/www.adrianasbestrecipes.com\/es\/celebrando-la-cuaresma-con-7-semanas-de-recetas\/","url_meta":{"origin":3442,"position":4},"title":"Celebrando la Cuaresma con 7 Semanas de Recetas","author":"Chef Adriana Martin","date":"12 de febrero de 2013","format":false,"excerpt":"Cuaresma, tradiciones de familia y cultura","rel":"","context":"En \u00abCena\u00bb","block_context":{"text":"Cena","link":"https:\/\/www.adrianasbestrecipes.com\/es\/category\/cena-2\/"},"img":{"alt_text":"","src":"https:\/\/i0.wp.com\/www.adrianasbestrecipes.com\/wp-content\/uploads\/2013\/02\/Cuaresma-Recipes-Collage-Espanol.jpg?resize=350%2C200&ssl=1","width":350,"height":200,"srcset":"https:\/\/i0.wp.com\/www.adrianasbestrecipes.com\/wp-content\/uploads\/2013\/02\/Cuaresma-Recipes-Collage-Espanol.jpg?resize=350%2C200&ssl=1 1x, https:\/\/i0.wp.com\/www.adrianasbestrecipes.com\/wp-content\/uploads\/2013\/02\/Cuaresma-Recipes-Collage-Espanol.jpg?resize=525%2C300&ssl=1 1.5x, https:\/\/i0.wp.com\/www.adrianasbestrecipes.com\/wp-content\/uploads\/2013\/02\/Cuaresma-Recipes-Collage-Espanol.jpg?resize=700%2C400&ssl=1 2x"},"classes":[]},{"id":4757,"url":"https:\/\/www.adrianasbestrecipes.com\/es\/sopa-de-lentejas-rojas\/","url_meta":{"origin":3442,"position":5},"title":"Sopa de Lentejas Rojas","author":"Chef Adriana Martin","date":"11 de marzo de 2016","format":false,"excerpt":"Rica opci\u00f3n vegetariana para los viernes de vigilia o los lunes sin carne","rel":"","context":"En \u00abAlmuerzo\u00bb","block_context":{"text":"Almuerzo","link":"https:\/\/www.adrianasbestrecipes.com\/es\/category\/almuerzo-es\/"},"img":{"alt_text":"","src":"https:\/\/i0.wp.com\/www.adrianasbestrecipes.com\/wp-content\/uploads\/2016\/03\/Red-Lentils-Soup-Recipe-1.jpg?resize=350%2C200&ssl=1","width":350,"height":200,"srcset":"https:\/\/i0.wp.com\/www.adrianasbestrecipes.com\/wp-content\/uploads\/2016\/03\/Red-Lentils-Soup-Recipe-1.jpg?resize=350%2C200&ssl=1 1x, https:\/\/i0.wp.com\/www.adrianasbestrecipes.com\/wp-content\/uploads\/2016\/03\/Red-Lentils-Soup-Recipe-1.jpg?resize=525%2C300&ssl=1 1.5x"},"classes":[]}],"jetpack_sharing_enabled":true,"_links":{"self":[{"href":"https:\/\/www.adrianasbestrecipes.com\/es\/wp-json\/wp\/v2\/posts\/3442","targetHints":{"allow":["GET"]}}],"collection":[{"href":"https:\/\/www.adrianasbestrecipes.com\/es\/wp-json\/wp\/v2\/posts"}],"about":[{"href":"https:\/\/www.adrianasbestrecipes.com\/es\/wp-json\/wp\/v2\/types\/post"}],"author":[{"embeddable":true,"href":"https:\/\/www.adrianasbestrecipes.com\/es\/wp-json\/wp\/v2\/users\/2"}],"replies":[{"embeddable":true,"href":"https:\/\/www.adrianasbestrecipes.com\/es\/wp-json\/wp\/v2\/comments?post=3442"}],"version-history":[{"count":0,"href":"https:\/\/www.adrianasbestrecipes.com\/es\/wp-json\/wp\/v2\/posts\/3442\/revisions"}],"wp:featuredmedia":[{"embeddable":true,"href":"https:\/\/www.adrianasbestrecipes.com\/es\/wp-json\/wp\/v2\/media\/5703"}],"wp:attachment":[{"href":"https:\/\/www.adrianasbestrecipes.com\/es\/wp-json\/wp\/v2\/media?parent=3442"}],"wp:term":[{"taxonomy":"category","embeddable":true,"href":"https:\/\/www.adrianasbestrecipes.com\/es\/wp-json\/wp\/v2\/categories?post=3442"},{"taxonomy":"post_tag","embeddable":true,"href":"https:\/\/www.adrianasbestrecipes.com\/es\/wp-json\/wp\/v2\/tags?post=3442"}],"curies":[{"name":"wp","href":"https:\/\/api.w.org\/{rel}","templated":true}]}}