{"id":2766,"date":"2014-08-04T14:39:47","date_gmt":"2014-08-04T18:39:47","guid":{"rendered":"https:\/\/www.adrianasbestrecipes.com\/?p=2766"},"modified":"2016-04-26T01:40:42","modified_gmt":"2016-04-26T05:40:42","slug":"goza-el-verano-con-recetas-faciles-comidakraft-ad","status":"publish","type":"post","link":"https:\/\/www.adrianasbestrecipes.com\/es\/goza-el-verano-con-recetas-faciles-comidakraft-ad\/","title":{"rendered":"\u00a1Goza el Verano con Recetas F\u00e1ciles! #ComidaKraft #ad"},"content":{"rendered":"<figure id=\"attachment_2767\" aria-describedby=\"caption-attachment-2767\" style=\"width: 630px\" class=\"wp-caption aligncenter\"><img decoding=\"async\" class=\"size-full wp-image-2767\" src=\"https:\/\/www.adrianasbestrecipes.com\/wp-content\/uploads\/2014\/08\/Grilled-Shrimp-Tacos-with-KRAFT-Classic-Ranch-Dressing.-Celebrating-my-passion-for-grilling-and-easy-recipes..jpg\" alt=\"Grilled Shrimp Tacos with KRAFT Classic Ranch Dressing. Celebrating my passion for grilling and easy recipes\" width=\"640\" height=\"480\" srcset=\"https:\/\/www.adrianasbestrecipes.com\/wp-content\/uploads\/2014\/08\/Grilled-Shrimp-Tacos-with-KRAFT-Classic-Ranch-Dressing.-Celebrating-my-passion-for-grilling-and-easy-recipes..jpg 640w, https:\/\/www.adrianasbestrecipes.com\/wp-content\/uploads\/2014\/08\/Grilled-Shrimp-Tacos-with-KRAFT-Classic-Ranch-Dressing.-Celebrating-my-passion-for-grilling-and-easy-recipes.-300x225.jpg 300w, https:\/\/www.adrianasbestrecipes.com\/wp-content\/uploads\/2014\/08\/Grilled-Shrimp-Tacos-with-KRAFT-Classic-Ranch-Dressing.-Celebrating-my-passion-for-grilling-and-easy-recipes.-500x375.jpg 500w, https:\/\/www.adrianasbestrecipes.com\/wp-content\/uploads\/2014\/08\/Grilled-Shrimp-Tacos-with-KRAFT-Classic-Ranch-Dressing.-Celebrating-my-passion-for-grilling-and-easy-recipes.-560x420.jpg 560w\" sizes=\"(max-width: 640px) 100vw, 640px\" \/><figcaption id=\"caption-attachment-2767\" class=\"wp-caption-text\">Tacos de Camar\u00f3n con Aderezo Ranchero Cl\u00e1sico KRAFT Classic Ranch Dressing celebrando mi gusto por las parrilladas y las recetas f\u00e1ciles<\/figcaption><\/figure>\n<p>El verano ya est\u00e1 aqu\u00ed y agosto es uno de los meses que hace mucho calor y tenemos que buscar recetas f\u00e1ciles para pasar menos tiempo en la cocina y m\u00e1s tiempo disfrutando con la familia de todas las actividades del verano. A mi familia les encantan los tacos incluidos los<a title=\"Receta de tacos de suadero en el site amigas de comida Kraft\" href=\"http:\/\/www.comidakraft.com\/sp\/recetas\/dinner\/recetas-de-tacos.aspx\" target=\"_blank\" rel=\"nofollow\"> tacos de suadero<\/a> y tomando esta idea y mi gusto\u00a0por las parrilladas he creado una receta f\u00e1cil de preparar en menos de\u00a0quince minutos, esto es <strong><a title=\"Receta para Tacos de Camar\u00f3n en el sitio de Kraft\" href=\"http:\/\/www.comidakraft.com\/sp\/recipes\/tacos-de-camaron-con-aderezo-ranchero-clasico-kraft-classic-ranch-dressing-166484.aspx?cm_sp=ADCK-_-SP-_-August-_-Grilled_Shrimp_Tacos_with_KRAFT_Classic_Ranch_Dressing\" target=\"_blank\" rel=\"nofollow\">Tacos de Camar\u00f3n con Aderezo Ranchero Cl\u00e1sico KRAFT Classic Ranch Dressing<\/a>.<\/strong><\/p>\n<p>Los tacos son una manera f\u00e1cil de introducir\u00a0a nuestra familia a otros ingredientes usando sabores conocidos como las tortillas de harina y el\u00a0aderezo\u00a0ranchero que a todos gusta.<\/p>\n<figure id=\"attachment_2768\" aria-describedby=\"caption-attachment-2768\" style=\"width: 630px\" class=\"wp-caption aligncenter\"><img decoding=\"async\" class=\"size-full wp-image-2768\" src=\"https:\/\/www.adrianasbestrecipes.com\/wp-content\/uploads\/2014\/08\/Grilled-Shrimp-Tacos-with-KRAFT-Classic-Ranch-Dressing-part-of-the-Summer-easy-recipes.jpg\" alt=\"Grilled Shrimp Tacos with KRAFT Classic Ranch Dressing, part of the Summer easy recipes\" width=\"640\" height=\"480\" srcset=\"https:\/\/www.adrianasbestrecipes.com\/wp-content\/uploads\/2014\/08\/Grilled-Shrimp-Tacos-with-KRAFT-Classic-Ranch-Dressing-part-of-the-Summer-easy-recipes.jpg 640w, https:\/\/www.adrianasbestrecipes.com\/wp-content\/uploads\/2014\/08\/Grilled-Shrimp-Tacos-with-KRAFT-Classic-Ranch-Dressing-part-of-the-Summer-easy-recipes-300x225.jpg 300w, https:\/\/www.adrianasbestrecipes.com\/wp-content\/uploads\/2014\/08\/Grilled-Shrimp-Tacos-with-KRAFT-Classic-Ranch-Dressing-part-of-the-Summer-easy-recipes-500x375.jpg 500w, https:\/\/www.adrianasbestrecipes.com\/wp-content\/uploads\/2014\/08\/Grilled-Shrimp-Tacos-with-KRAFT-Classic-Ranch-Dressing-part-of-the-Summer-easy-recipes-560x420.jpg 560w\" sizes=\"(max-width: 640px) 100vw, 640px\" \/><figcaption id=\"caption-attachment-2768\" class=\"wp-caption-text\">Tacos de Camar\u00f3n con Aderezo Ranchero Cl\u00e1sico KRAFT Classic Ranch Dressing, una de mis recetas f\u00e1ciles para el verano<\/figcaption><\/figure>\n<p>Tambi\u00e9n el verano es la \u00e9poca del a\u00f1o en que los ni\u00f1os est\u00e1n de vacaciones\u00a0y no hay tiempo suficiente en el d\u00eda para preparar la comida en casa es por eso que con estos tacos de camar\u00f3n a la parrilla y las recetas f\u00e1ciles que puedes encontrar en el sitio <strong><a title=\"Sitio Amigas de Comida Kraft\" href=\"http:\/\/www.comidakraft.com\/sp\/home.aspx\" target=\"_blank\" rel=\"nofollow\">Amigas de Comida Kraft<\/a><\/strong> nos\u00a0apoya\u00a0a las mam\u00e1s ocupadas para poder hacer platillos ricos y f\u00e1ciles en casa sin tener que gastar demasiado tiempo en la cocina y, a veces incluyendo tambi\u00e9n a nuestros hijos para que nos ayuden y qui\u00e9n sabe tal vez se conviertan en\u00a0los chefs del futuro.<\/p>\n<figure id=\"attachment_2769\" aria-describedby=\"caption-attachment-2769\" style=\"width: 630px\" class=\"wp-caption aligncenter\"><img decoding=\"async\" class=\"size-full wp-image-2769\" src=\"https:\/\/www.adrianasbestrecipes.com\/wp-content\/uploads\/2014\/08\/Lets-celebrate-this-Summer-with-Comida-Kraft-while-preparing-delicious-dishes-fast-and-easy.jpg\" alt=\"Lets celebrate this Summer with Comida Kraft while preparing delicious dishes fast and easy\" width=\"640\" height=\"480\" srcset=\"https:\/\/www.adrianasbestrecipes.com\/wp-content\/uploads\/2014\/08\/Lets-celebrate-this-Summer-with-Comida-Kraft-while-preparing-delicious-dishes-fast-and-easy.jpg 640w, https:\/\/www.adrianasbestrecipes.com\/wp-content\/uploads\/2014\/08\/Lets-celebrate-this-Summer-with-Comida-Kraft-while-preparing-delicious-dishes-fast-and-easy-300x225.jpg 300w, https:\/\/www.adrianasbestrecipes.com\/wp-content\/uploads\/2014\/08\/Lets-celebrate-this-Summer-with-Comida-Kraft-while-preparing-delicious-dishes-fast-and-easy-500x375.jpg 500w, https:\/\/www.adrianasbestrecipes.com\/wp-content\/uploads\/2014\/08\/Lets-celebrate-this-Summer-with-Comida-Kraft-while-preparing-delicious-dishes-fast-and-easy-560x420.jpg 560w\" sizes=\"(max-width: 640px) 100vw, 640px\" \/><figcaption id=\"caption-attachment-2769\" class=\"wp-caption-text\">Celebremos este verano con Comida Kraft, mientras preparamos deliciosos platillos r\u00e1pido y f\u00e1cil<\/figcaption><\/figure>\n<p>\u00bfA qui\u00e9n no le gustan los tacos? A\u00fan no he conocido a quien no les gusten y realmente puedes preparar tacos casi con cualquier ingrediente as\u00ed como disfrutar para el almuerzo o la cena, y a veces incluso hasta en el desayuno. La integraci\u00f3n de la familia de productos KRAFT a nuestras recetas\u00a0y \u00a0men\u00fas del verano es muy conveniente y nos permite ahorrar tiempo para disfrutar y cuidar lo que es m\u00e1s importante: \u00a1nuestra familia!<\/p>\n<p>\u00a1Celebremos este verano con Comida Kraft, mientras preparamos deliciosos platillos r\u00e1pido y f\u00e1cil!<\/p>\n<p>&nbsp;<\/p>\n","protected":false},"excerpt":{"rendered":"<p>El verano invita a preparar recetas f\u00e1ciles para evadir el calor de la cocina.<\/p>\n","protected":false},"author":2,"featured_media":5796,"comment_status":"open","ping_status":"closed","sticky":false,"template":"","format":"standard","meta":{"_seopress_robots_primary_cat":"","_seopress_titles_title":"","_seopress_titles_desc":"El verano ya est\u00e1 aqu\u00ed y agosto es uno de los meses que hace mucho calor y tenemos que buscar recetas f\u00e1ciles para pasar menos tiempo en la cocina.","_seopress_robots_index":"","_uag_custom_page_level_css":"","wprm-recipe-roundup-name":"","wprm-recipe-roundup-description":"","_jetpack_memberships_contains_paid_content":false,"footnotes":""},"categories":[7],"tags":[1764,396,570,61,1763,424,1766,400],"class_list":["post-2766","post","type-post","status-publish","format-standard","has-post-thumbnail","hentry","category-quick-easy","tag-amigas-de-comida-kraft-es","tag-cocina-mexicana","tag-destacado","tag-espanol","tag-recetas-faciles","tag-spon","tag-tacos-de-camaron-con-aderezo-ranchero-clasico-kraft-classic-ranch-dressing","tag-verano","generate-columns","tablet-grid-50","mobile-grid-100","grid-parent","grid-50"],"jetpack_featured_media_url":"https:\/\/www.adrianasbestrecipes.com\/wp-content\/uploads\/2014\/08\/Grilled-Shrimp-Tacos-with-KRAFT-Classic-Ranch-Dressing-part-of-the-Summer-easy-recipes-1.jpg","spectra_custom_meta":{"_edit_lock":["1461649123:2"],"_edit_last":["2"],"_alp_processed":["1461649243"],"image":["https:\/\/www.adrianasbestrecipes.com\/wp-content\/uploads\/2014\/08\/Grilled-Shrimp-Tacos-with-KRAFT-Classic-Ranch-Dressing.jpg"],"pinType":["movie"],"pinName":[""],"pinDescription":[""],"pinRating":[""],"pinRatingMax":[""],"pinContent":["G"],"pinDate":[""],"numDirectors":["0"],"numActors":["0"],"_yoast_wpseo_focuskw":["recetas f\u00e1ciles"],"_yoast_wpseo_metadesc":["El verano ya est\u00e1 aqu\u00ed y agosto es uno de los meses que hace mucho calor y tenemos que buscar recetas f\u00e1ciles para pasar menos tiempo en la cocina."],"_yoast_wpseo_linkdex":["83"],"_image_alignment":["c"],"dsq_thread_id":["2900471383"],"_yoast_wpseo_meta-robots-nofollow":["1"],"_thumbnail_id":["5796"],"_et_monarch_override":[""],"_yoast_wpseo_focuskw_text_input":["recetas f\u00e1ciles"],"_yoast_wpseo_primary_category":[""],"_et_social_shares_facebook":["a:3:{s:12:\"force_update\";b:1;s:6:\"counts\";i:0;s:8:\"last_upd\";s:19:\"2016-08-10 00:39:23\";}"],"_et_social_shares_twitter":["a:3:{s:12:\"force_update\";b:1;s:6:\"counts\";i:0;s:8:\"last_upd\";s:19:\"2016-08-10 00:39:23\";}"],"_et_social_shares_googleplus":["a:3:{s:12:\"force_update\";b:1;s:6:\"counts\";i:0;s:8:\"last_upd\";s:19:\"2016-08-10 00:39:24\";}"],"_et_social_shares_pinterest":["a:3:{s:12:\"force_update\";b:1;s:6:\"counts\";i:0;s:8:\"last_upd\";s:19:\"2016-08-10 00:39:24\";}"],"_et_social_shares_delicious":["a:3:{s:12:\"force_update\";b:1;s:6:\"counts\";i:0;s:8:\"last_upd\";s:19:\"2016-05-04 21:00:19\";}"],"_et_social_shares_digg":["a:3:{s:12:\"force_update\";b:1;s:6:\"counts\";i:0;s:8:\"last_upd\";s:19:\"2016-05-04 21:00:19\";}"],"_et_social_shares_printfriendly":["a:3:{s:12:\"force_update\";b:1;s:6:\"counts\";i:0;s:8:\"last_upd\";s:19:\"2016-08-10 00:39:24\";}"],"_totes":["0"],"bitly_link":["http:\/\/bit.ly\/2Eemn12"],"bitly_link_google_plus":["http:\/\/bit.ly\/2OEpEZ1"],"_facebook_shares":["0"],"_pinterest_shares":["0"],"_buffer_shares":["0"],"_yummly_shares":["0"],"_twitter_shares":["0"],"_whatsapp_shares":["0"],"_flipboard_shares":["0"],"_mix_shares":["0"],"_email_shares":["0"],"_total_shares":["0"],"swp_pinterest_image_url":[""],"swp_open_graph_image_data":["false"],"swp_open_graph_image_url":[""],"bitly_link_facebook":["http:\/\/bit.ly\/2OBktsx"],"bitly_link_twitter":["http:\/\/bit.ly\/2KUkMwi"],"bitly_link_mix":["http:\/\/bit.ly\/2GMuany"],"bitly_link_buffer":["http:\/\/bit.ly\/2GMuaE4"],"bitly_link_flipboard":["http:\/\/bit.ly\/2GMuaUA"],"bitly_link_email":["http:\/\/bit.ly\/2GNMuwE"],"bitly_link_whatsapp":["http:\/\/bit.ly\/2OEc5c1"],"bitly_link_yummly":["http:\/\/bit.ly\/2KUkNjQ"],"swp_cache_timestamp":["430660"],"dpsp_networks_shares":["a:7:{s:8:\"facebook\";i:0;s:7:\"twitter\";i:0;s:9:\"pinterest\";i:0;s:6:\"yummly\";i:0;s:6:\"reddit\";i:0;s:6:\"buffer\";i:0;s:4:\"grow\";i:1;}"],"dpsp_networks_shares_total":["1"],"dpsp_networks_shares_last_updated":["1643567625"],"dpsp_cache_shares_twitter_2":["0"],"dpsp_short_link_bitly":["a:14:{s:18:\"facebook_short_url\";s:21:\"http:\/\/bit.ly\/2IqKc7b\";s:17:\"twitter_short_url\";s:21:\"http:\/\/bit.ly\/2Infv2K\";s:18:\"whatsapp_short_url\";s:21:\"http:\/\/bit.ly\/2Ir3Dgs\";s:16:\"yummly_short_url\";s:21:\"http:\/\/bit.ly\/2Ix62pZ\";s:15:\"email_short_url\";s:21:\"http:\/\/bit.ly\/2IlCgUW\";s:13:\"mix_short_url\";s:21:\"http:\/\/bit.ly\/2VL2iFN\";s:19:\"flipboard_short_url\";s:21:\"http:\/\/bit.ly\/35DD3tq\";s:18:\"linkedin_short_url\";s:21:\"http:\/\/bit.ly\/2oJfG12\";s:16:\"reddit_short_url\";s:21:\"http:\/\/bit.ly\/2ITBM7N\";s:16:\"buffer_short_url\";s:21:\"http:\/\/bit.ly\/2IRxJsT\";s:18:\"telegram_short_url\";s:21:\"http:\/\/bit.ly\/35DD5l2\";s:14:\"grow_short_url\";s:22:\"https:\/\/bit.ly\/3b4zu3K\";s:17:\"threads_short_url\";s:22:\"https:\/\/bit.ly\/45FfDTZ\";s:18:\"mastodon_short_url\";s:22:\"https:\/\/bit.ly\/45FnC3m\";}"],"_jetpack_related_posts_cache":["a:1:{s:32:\"8f6677c9d6b0f903e98ad32ec61f8deb\";a:2:{s:7:\"expires\";i:1621670581;s:7:\"payload\";a:3:{i:0;a:1:{s:2:\"id\";i:7620;}i:1;a:1:{s:2:\"id\";i:4114;}i:2;a:1:{s:2:\"id\";i:4563;}}}}"],"dpsp_post_previous_urls":["a:1:{i:0;s:100:\"https:\/\/www.adrianasbestrecipes.com\/es\/2014\/08\/04\/goza-el-verano-con-recetas-faciles-comidakraft-ad\/\";}"],"dpsp_networks_shares_previous_urls":["a:6:{s:8:\"facebook\";i:0;s:7:\"twitter\";i:0;s:9:\"pinterest\";i:0;s:6:\"yummly\";i:0;s:6:\"reddit\";i:0;s:6:\"buffer\";i:0;}"],"_tbf_fix_details":["a:5:{s:6:\"fix_id\";s:2:\"35\";s:19:\"changed_revision_id\";s:4:\"2766\";s:20:\"original_revision_id\";s:4:\"2766\";s:17:\"operation_set_ids\";s:27:\"image_unlink_attachment_fix\";s:10:\"operations\";a:1:{i:0;s:17:\"regex_link_remove\";}}"],"litespeed_vpi_list":["a:3:{i:0;s:37:\"ABRecipes-New-Logo-with-Trademark.jpg\";i:1;s:92:\"Grilled-Shrimp-Tacos-with-KRAFT-Classic-Ranch-Dressing-part-of-the-Summer-easy-recipes-1.jpg\";i:2;s:36:\"Adriana-Martin-TACOS-23-683x1024.jpg\";}"],"_seopress_titles_desc":["El verano ya est\u00e1 aqu\u00ed y agosto es uno de los meses que hace mucho calor y tenemos que buscar recetas f\u00e1ciles para pasar menos tiempo en la cocina."],"_seopress_robots_follow":["yes"],"_seopress_analysis_target_kw":["recetas f\u00e1ciles"],"dpsp_networks_shares_json":["{\"facebook\":0,\"twitter\":0,\"pinterest\":0,\"yummly\":0,\"reddit\":0,\"buffer\":0,\"grow\":1}"],"wprm_rating_no_text_comments":["a:0:{}"],"copied_media_ids":["a:3:{i:0;i:219354;i:1;i:219355;i:2;i:219356;}"],"referenced_media_ids":["a:1:{i:0;i:5796;}"],"_uag_page_assets":["a:9:{s:3:\"css\";s:0:\"\";s:2:\"js\";s:0:\"\";s:18:\"current_block_list\";a:0:{}s:8:\"uag_flag\";b:0;s:11:\"uag_version\";s:10:\"1777642603\";s:6:\"gfonts\";a:0:{}s:10:\"gfonts_url\";s:0:\"\";s:12:\"gfonts_files\";a:0:{}s:14:\"uag_faq_layout\";b:0;}"]},"uagb_featured_image_src":{"full":["https:\/\/www.adrianasbestrecipes.com\/wp-content\/uploads\/2014\/08\/Grilled-Shrimp-Tacos-with-KRAFT-Classic-Ranch-Dressing-part-of-the-Summer-easy-recipes-1.jpg",640,480,false],"thumbnail":["https:\/\/www.adrianasbestrecipes.com\/wp-content\/uploads\/2014\/08\/Grilled-Shrimp-Tacos-with-KRAFT-Classic-Ranch-Dressing-part-of-the-Summer-easy-recipes-1-180x180.jpg",180,180,true],"medium":["https:\/\/www.adrianasbestrecipes.com\/wp-content\/uploads\/2014\/08\/Grilled-Shrimp-Tacos-with-KRAFT-Classic-Ranch-Dressing-part-of-the-Summer-easy-recipes-1-300x225.jpg",300,225,true],"medium_large":["https:\/\/www.adrianasbestrecipes.com\/wp-content\/uploads\/2014\/08\/Grilled-Shrimp-Tacos-with-KRAFT-Classic-Ranch-Dressing-part-of-the-Summer-easy-recipes-1.jpg",640,480,false],"large":["https:\/\/www.adrianasbestrecipes.com\/wp-content\/uploads\/2014\/08\/Grilled-Shrimp-Tacos-with-KRAFT-Classic-Ranch-Dressing-part-of-the-Summer-easy-recipes-1.jpg",640,480,false],"1536x1536":["https:\/\/www.adrianasbestrecipes.com\/wp-content\/uploads\/2014\/08\/Grilled-Shrimp-Tacos-with-KRAFT-Classic-Ranch-Dressing-part-of-the-Summer-easy-recipes-1.jpg",640,480,false],"2048x2048":["https:\/\/www.adrianasbestrecipes.com\/wp-content\/uploads\/2014\/08\/Grilled-Shrimp-Tacos-with-KRAFT-Classic-Ranch-Dressing-part-of-the-Summer-easy-recipes-1.jpg",640,480,false],"wprm-metadata-1_1":["https:\/\/www.adrianasbestrecipes.com\/wp-content\/uploads\/2014\/08\/Grilled-Shrimp-Tacos-with-KRAFT-Classic-Ranch-Dressing-part-of-the-Summer-easy-recipes-1-500x480.jpg",500,480,true],"wprm-metadata-4_3":["https:\/\/www.adrianasbestrecipes.com\/wp-content\/uploads\/2014\/08\/Grilled-Shrimp-Tacos-with-KRAFT-Classic-Ranch-Dressing-part-of-the-Summer-easy-recipes-1-500x375.jpg",500,375,true],"wprm-metadata-16_9":["https:\/\/www.adrianasbestrecipes.com\/wp-content\/uploads\/2014\/08\/Grilled-Shrimp-Tacos-with-KRAFT-Classic-Ranch-Dressing-part-of-the-Summer-easy-recipes-1-480x270.jpg",480,270,true],"rpwe-thumbnail":["https:\/\/www.adrianasbestrecipes.com\/wp-content\/uploads\/2014\/08\/Grilled-Shrimp-Tacos-with-KRAFT-Classic-Ranch-Dressing-part-of-the-Summer-easy-recipes-1-45x45.jpg",45,45,true],"mailchimp":["https:\/\/www.adrianasbestrecipes.com\/wp-content\/uploads\/2014\/08\/Grilled-Shrimp-Tacos-with-KRAFT-Classic-Ranch-Dressing-part-of-the-Summer-easy-recipes-1-560x420.jpg",560,420,true],"web-stories-poster-portrait":["https:\/\/www.adrianasbestrecipes.com\/wp-content\/uploads\/2014\/08\/Grilled-Shrimp-Tacos-with-KRAFT-Classic-Ranch-Dressing-part-of-the-Summer-easy-recipes-1.jpg",640,480,false],"web-stories-publisher-logo":["https:\/\/www.adrianasbestrecipes.com\/wp-content\/uploads\/2014\/08\/Grilled-Shrimp-Tacos-with-KRAFT-Classic-Ranch-Dressing-part-of-the-Summer-easy-recipes-1.jpg",96,72,false],"web-stories-thumbnail":["https:\/\/www.adrianasbestrecipes.com\/wp-content\/uploads\/2014\/08\/Grilled-Shrimp-Tacos-with-KRAFT-Classic-Ranch-Dressing-part-of-the-Summer-easy-recipes-1.jpg",150,113,false]},"uagb_author_info":{"display_name":"Chef Adriana Martin","author_link":"https:\/\/www.adrianasbestrecipes.com\/es\/author\/adriana\/"},"uagb_comment_info":0,"uagb_excerpt":"El verano invita a preparar recetas f\u00e1ciles para evadir el calor de la cocina.","jetpack-related-posts":[{"id":4114,"url":"https:\/\/www.adrianasbestrecipes.com\/es\/ensalada-de-tomatillos-con-mango\/","url_meta":{"origin":2766,"position":0},"title":"Ensalada de Tomatillos con Mango","author":"Chef Adriana Martin","date":"1 de agosto de 2015","format":false,"excerpt":"Una combinaci\u00f3n fresca y muy creativa","rel":"","context":"En \u00abDinner\u00bb","block_context":{"text":"Dinner","link":"https:\/\/www.adrianasbestrecipes.com\/category\/dinner\/"},"img":{"alt_text":"","src":"https:\/\/i0.wp.com\/www.adrianasbestrecipes.com\/wp-content\/uploads\/2015\/08\/Tomatillo-Salad-with-Mango-Vinaigrette-Recipe-at-Amigas-de-Comida-Kraft-1.jpg?resize=350%2C200&ssl=1","width":350,"height":200,"srcset":"https:\/\/i0.wp.com\/www.adrianasbestrecipes.com\/wp-content\/uploads\/2015\/08\/Tomatillo-Salad-with-Mango-Vinaigrette-Recipe-at-Amigas-de-Comida-Kraft-1.jpg?resize=350%2C200&ssl=1 1x, https:\/\/i0.wp.com\/www.adrianasbestrecipes.com\/wp-content\/uploads\/2015\/08\/Tomatillo-Salad-with-Mango-Vinaigrette-Recipe-at-Amigas-de-Comida-Kraft-1.jpg?resize=525%2C300&ssl=1 1.5x"},"classes":[]},{"id":4037,"url":"https:\/\/www.adrianasbestrecipes.com\/es\/banderillas-de-frutas-con-salsa-de-chocolate\/","url_meta":{"origin":2766,"position":1},"title":"Banderillas de Frutas con Salsa de Chocolate","author":"Chef Adriana Martin","date":"7 de julio de 2015","format":false,"excerpt":"\u00a1Celebra el verano con frutas frescas y chocolate!","rel":"","context":"En \u00abDesserts and Baking\u00bb","block_context":{"text":"Desserts and Baking","link":"https:\/\/www.adrianasbestrecipes.com\/category\/desserts\/"},"img":{"alt_text":"","src":"https:\/\/i0.wp.com\/www.adrianasbestrecipes.com\/wp-content\/uploads\/2015\/07\/Fruit-Skewers-with-Chocolate-Dipping-Sauce-1-1.jpg?resize=350%2C200&ssl=1","width":350,"height":200,"srcset":"https:\/\/i0.wp.com\/www.adrianasbestrecipes.com\/wp-content\/uploads\/2015\/07\/Fruit-Skewers-with-Chocolate-Dipping-Sauce-1-1.jpg?resize=350%2C200&ssl=1 1x, https:\/\/i0.wp.com\/www.adrianasbestrecipes.com\/wp-content\/uploads\/2015\/07\/Fruit-Skewers-with-Chocolate-Dipping-Sauce-1-1.jpg?resize=525%2C300&ssl=1 1.5x"},"classes":[]},{"id":4031,"url":"https:\/\/www.adrianasbestrecipes.com\/es\/gelatina-tropical-con-jell-o-melon-y-pina-fresca\/","url_meta":{"origin":2766,"position":2},"title":"Gelatina Tropical con JELL-O, Mel\u00f3n y Pi\u00f1a Fresca","author":"Chef Adriana Martin","date":"7 de julio de 2015","format":false,"excerpt":"Una opci\u00f3n fresca y ligera","rel":"","context":"En \u00abQuick and Easy\u00bb","block_context":{"text":"Quick and Easy","link":"https:\/\/www.adrianasbestrecipes.com\/category\/quick-easy\/"},"img":{"alt_text":"","src":"https:\/\/i0.wp.com\/www.adrianasbestrecipes.com\/wp-content\/uploads\/2015\/07\/Tropical-Melon-Jello-Dessert-Recipe-1.jpg?resize=350%2C200&ssl=1","width":350,"height":200,"srcset":"https:\/\/i0.wp.com\/www.adrianasbestrecipes.com\/wp-content\/uploads\/2015\/07\/Tropical-Melon-Jello-Dessert-Recipe-1.jpg?resize=350%2C200&ssl=1 1x, https:\/\/i0.wp.com\/www.adrianasbestrecipes.com\/wp-content\/uploads\/2015\/07\/Tropical-Melon-Jello-Dessert-Recipe-1.jpg?resize=525%2C300&ssl=1 1.5x"},"classes":[]},{"id":3488,"url":"https:\/\/www.adrianasbestrecipes.com\/es\/ensalada-verde-con-manzana-comidakraft-ad\/","url_meta":{"origin":2766,"position":3},"title":"Ensalada Verde con Manzana","author":"Chef Adriana Martin","date":"27 de febrero de 2015","format":false,"excerpt":"Inspir\u00e9monos con esta ensalada verde de manzana y queso feta","rel":"","context":"En \u00abAlmuerzo\u00bb","block_context":{"text":"Almuerzo","link":"https:\/\/www.adrianasbestrecipes.com\/es\/category\/almuerzo-es\/"},"img":{"alt_text":"Green Apple Salad recipe with Athenos Feta Cheese to get inspired for Spring","src":"https:\/\/i0.wp.com\/www.adrianasbestrecipes.com\/wp-content\/uploads\/2015\/02\/Green-Apple-Salad-recipe-with-Athenos-Feta-Cheese-to-get-inspired-for-Spring-1.jpg?resize=350%2C200&ssl=1","width":350,"height":200,"srcset":"https:\/\/i0.wp.com\/www.adrianasbestrecipes.com\/wp-content\/uploads\/2015\/02\/Green-Apple-Salad-recipe-with-Athenos-Feta-Cheese-to-get-inspired-for-Spring-1.jpg?resize=350%2C200&ssl=1 1x, https:\/\/i0.wp.com\/www.adrianasbestrecipes.com\/wp-content\/uploads\/2015\/02\/Green-Apple-Salad-recipe-with-Athenos-Feta-Cheese-to-get-inspired-for-Spring-1.jpg?resize=525%2C300&ssl=1 1.5x"},"classes":[]},{"id":7620,"url":"https:\/\/www.adrianasbestrecipes.com\/es\/tacos-de-camaron\/","url_meta":{"origin":2766,"position":4},"title":"Tacos de Camar\u00f3n","author":"Chef Adriana Martin","date":"28 de junio de 2016","format":false,"excerpt":"El verano es el momento perfecto para las parrilladas y las taquizas. Y como nos encantan los camarones decid\u00ed preparar unos ricos tacos de camar\u00f3n.","rel":"","context":"En \u00abDinner\u00bb","block_context":{"text":"Dinner","link":"https:\/\/www.adrianasbestrecipes.com\/category\/dinner\/"},"img":{"alt_text":"Tacos de Camar\u00f3n a la Parrilla","src":"https:\/\/i0.wp.com\/www.adrianasbestrecipes.com\/wp-content\/uploads\/2016\/06\/Grilled-Shrimp-Tacos.jpg?resize=350%2C200&ssl=1","width":350,"height":200,"srcset":"https:\/\/i0.wp.com\/www.adrianasbestrecipes.com\/wp-content\/uploads\/2016\/06\/Grilled-Shrimp-Tacos.jpg?resize=350%2C200&ssl=1 1x, https:\/\/i0.wp.com\/www.adrianasbestrecipes.com\/wp-content\/uploads\/2016\/06\/Grilled-Shrimp-Tacos.jpg?resize=525%2C300&ssl=1 1.5x, https:\/\/i0.wp.com\/www.adrianasbestrecipes.com\/wp-content\/uploads\/2016\/06\/Grilled-Shrimp-Tacos.jpg?resize=700%2C400&ssl=1 2x"},"classes":[]},{"id":4235,"url":"https:\/\/www.adrianasbestrecipes.com\/es\/enfrijoladas-mexicanas-con-frijoles-negros-y-queso\/","url_meta":{"origin":2766,"position":5},"title":"Enfrijoladas Mexicanas con Frijoles Negros y Queso","author":"Chef Adriana Martin","date":"22 de septiembre de 2015","format":false,"excerpt":"Las enfrijoladas mexicanas son una receta perfecta para las fiestas del f\u00fatbol y el oto\u00f1o.","rel":"","context":"En \u00abDinner\u00bb","block_context":{"text":"Dinner","link":"https:\/\/www.adrianasbestrecipes.com\/category\/dinner\/"},"img":{"alt_text":"Bean Enchiladas or Enfrijoladas is a tasty recipe that my mom was used to prepare for us on busy days during the fall","src":"https:\/\/i0.wp.com\/www.adrianasbestrecipes.com\/wp-content\/uploads\/2015\/09\/Bean-Enchiladas-or-Enfrijoladas-is-a-tasty-recipe-that-my-mom-was-used-to-prepare-for-us-on-busy-days-during-the-fall-1.jpg?resize=350%2C200&ssl=1","width":350,"height":200,"srcset":"https:\/\/i0.wp.com\/www.adrianasbestrecipes.com\/wp-content\/uploads\/2015\/09\/Bean-Enchiladas-or-Enfrijoladas-is-a-tasty-recipe-that-my-mom-was-used-to-prepare-for-us-on-busy-days-during-the-fall-1.jpg?resize=350%2C200&ssl=1 1x, https:\/\/i0.wp.com\/www.adrianasbestrecipes.com\/wp-content\/uploads\/2015\/09\/Bean-Enchiladas-or-Enfrijoladas-is-a-tasty-recipe-that-my-mom-was-used-to-prepare-for-us-on-busy-days-during-the-fall-1.jpg?resize=525%2C300&ssl=1 1.5x"},"classes":[]}],"jetpack_sharing_enabled":true,"_links":{"self":[{"href":"https:\/\/www.adrianasbestrecipes.com\/es\/wp-json\/wp\/v2\/posts\/2766","targetHints":{"allow":["GET"]}}],"collection":[{"href":"https:\/\/www.adrianasbestrecipes.com\/es\/wp-json\/wp\/v2\/posts"}],"about":[{"href":"https:\/\/www.adrianasbestrecipes.com\/es\/wp-json\/wp\/v2\/types\/post"}],"author":[{"embeddable":true,"href":"https:\/\/www.adrianasbestrecipes.com\/es\/wp-json\/wp\/v2\/users\/2"}],"replies":[{"embeddable":true,"href":"https:\/\/www.adrianasbestrecipes.com\/es\/wp-json\/wp\/v2\/comments?post=2766"}],"version-history":[{"count":0,"href":"https:\/\/www.adrianasbestrecipes.com\/es\/wp-json\/wp\/v2\/posts\/2766\/revisions"}],"wp:featuredmedia":[{"embeddable":true,"href":"https:\/\/www.adrianasbestrecipes.com\/es\/wp-json\/wp\/v2\/media\/5796"}],"wp:attachment":[{"href":"https:\/\/www.adrianasbestrecipes.com\/es\/wp-json\/wp\/v2\/media?parent=2766"}],"wp:term":[{"taxonomy":"category","embeddable":true,"href":"https:\/\/www.adrianasbestrecipes.com\/es\/wp-json\/wp\/v2\/categories?post=2766"},{"taxonomy":"post_tag","embeddable":true,"href":"https:\/\/www.adrianasbestrecipes.com\/es\/wp-json\/wp\/v2\/tags?post=2766"}],"curies":[{"name":"wp","href":"https:\/\/api.w.org\/{rel}","templated":true}]}}