{"id":2694,"date":"2014-06-30T17:49:12","date_gmt":"2014-06-30T21:49:12","guid":{"rendered":"https:\/\/www.adrianasbestrecipes.com\/?p=2694"},"modified":"2015-03-09T02:05:43","modified_gmt":"2015-03-09T06:05:43","slug":"celebrando-a-frida-kahlo","status":"publish","type":"post","link":"https:\/\/www.adrianasbestrecipes.com\/es\/celebrando-a-frida-kahlo\/","title":{"rendered":"Celebrando a Frida Kahlo"},"content":{"rendered":"<figure id=\"attachment_2699\" aria-describedby=\"caption-attachment-2699\" style=\"width: 630px\" class=\"wp-caption aligncenter\"><img decoding=\"async\" class=\"size-full wp-image-2699\" src=\"https:\/\/www.adrianasbestrecipes.com\/wp-content\/uploads\/2014\/06\/La-Casa-Azul-in-Coyoacan.jpg\" alt=\"La Casa Azul in Coyoacan\" width=\"640\" height=\"480\" srcset=\"https:\/\/www.adrianasbestrecipes.com\/wp-content\/uploads\/2014\/06\/La-Casa-Azul-in-Coyoacan.jpg 640w, https:\/\/www.adrianasbestrecipes.com\/wp-content\/uploads\/2014\/06\/La-Casa-Azul-in-Coyoacan-300x225.jpg 300w, https:\/\/www.adrianasbestrecipes.com\/wp-content\/uploads\/2014\/06\/La-Casa-Azul-in-Coyoacan-500x375.jpg 500w, https:\/\/www.adrianasbestrecipes.com\/wp-content\/uploads\/2014\/06\/La-Casa-Azul-in-Coyoacan-560x420.jpg 560w\" sizes=\"(max-width: 640px) 100vw, 640px\" \/><figcaption id=\"caption-attachment-2699\" class=\"wp-caption-text\">La Casa Azul en Coyoac\u00e1n, lugar de nacimiento de Frida Kahlo<\/figcaption><\/figure>\n<p>El a\u00f1o pasado tuve la oportunidad de viajar a la Ciudad de M\u00e9xico y una visita a \"La Casa Azul\" era imprescindible. Yo viajaba con mi marido y quer\u00eda mostrarle mi cultura mexicana as\u00ed que una visita al <strong><a title=\"Museo Frida Kahlo\" href=\"http:\/\/www.museofridakahlo.org.mx\/\" target=\"_blank\" rel=\"nofollow\">Museo Frida Kahlo<\/a><\/strong> fue la actividad perfecta para iniciar nuestro viaje de inmersi\u00f3n en la cultura y el arte mexicanos. Hoy quiero compartir con ustedes mi experiencia en la casa de Frida ya que este mes estamos celebrando el cumplea\u00f1os de Frida Kahlo y quiero hacer un peque\u00f1o homenaje a su legado. La casa de Frida conocida como \"La Casa Azul\" se encuentra en la zona de Coyoac\u00e1n al sur de la ciudad de M\u00e9xico en la esquina de las calles Allende y Londres. Esta casa fue el lugar donde Frida naci\u00f3 el 6 de julio de 1907, fue su\u00a0domicilio permanente y el lugar donde falleci\u00f3.<\/p>\n<figure id=\"attachment_2700\" aria-describedby=\"caption-attachment-2700\" style=\"width: 630px\" class=\"wp-caption aligncenter\"><img decoding=\"async\" class=\"size-full wp-image-2700\" src=\"https:\/\/www.adrianasbestrecipes.com\/wp-content\/uploads\/2014\/06\/Fuente-de-los-Coyotes-in-Coyoacan-ABRecipes.jpg\" alt=\"Fuente de los Coyotes in Coyoacan\" width=\"640\" height=\"480\" srcset=\"https:\/\/www.adrianasbestrecipes.com\/wp-content\/uploads\/2014\/06\/Fuente-de-los-Coyotes-in-Coyoacan-ABRecipes.jpg 640w, https:\/\/www.adrianasbestrecipes.com\/wp-content\/uploads\/2014\/06\/Fuente-de-los-Coyotes-in-Coyoacan-ABRecipes-300x225.jpg 300w, https:\/\/www.adrianasbestrecipes.com\/wp-content\/uploads\/2014\/06\/Fuente-de-los-Coyotes-in-Coyoacan-ABRecipes-500x375.jpg 500w, https:\/\/www.adrianasbestrecipes.com\/wp-content\/uploads\/2014\/06\/Fuente-de-los-Coyotes-in-Coyoacan-ABRecipes-560x420.jpg 560w\" sizes=\"(max-width: 640px) 100vw, 640px\" \/><figcaption id=\"caption-attachment-2700\" class=\"wp-caption-text\">Fuente de los Coyotes en Coyoacan<\/figcaption><\/figure>\n<p>Coyoac\u00e1n es una ciudad rica en historia que data del a\u00f1o 5000 A.C. y \u00a0fue un pueblo ocupado por varias culturas prehisp\u00e1nicas incluidos los Olmecas y \u00a0los\u00a0Toltecas, quienes luego se convirtieron en Coyohucas. Se da este nombre a los que han nacido en la ciudad de Coyoac\u00e1n y fueron los primeros residentes del lugar. Al pasar los a\u00f1os, en la d\u00e9cada de 1900's \u00a0el \u00e1rea se convirti\u00f3 en el lugar favorito de muchos artistas, pero los residentes m\u00e1s famosos eran Frida Kahlo y Diego Rivera. Diego es uno de los artistas m\u00e1s importantes del muralismo mexicano, su obra de arte es bien conocida en todo el mundo, as\u00ed como sus romances constantes causa del dolor de Frida.<\/p>\n<figure id=\"attachment_2702\" aria-describedby=\"caption-attachment-2702\" style=\"width: 630px\" class=\"wp-caption aligncenter\"><img decoding=\"async\" class=\"size-full wp-image-2702\" src=\"https:\/\/www.adrianasbestrecipes.com\/wp-content\/uploads\/2014\/06\/Frida-Kahlo-Studio-at-La-Casa-Azul.jpg\" alt=\"Frida Kahlo Studio at La Casa Azul\" width=\"640\" height=\"480\" srcset=\"https:\/\/www.adrianasbestrecipes.com\/wp-content\/uploads\/2014\/06\/Frida-Kahlo-Studio-at-La-Casa-Azul.jpg 640w, https:\/\/www.adrianasbestrecipes.com\/wp-content\/uploads\/2014\/06\/Frida-Kahlo-Studio-at-La-Casa-Azul-300x225.jpg 300w, https:\/\/www.adrianasbestrecipes.com\/wp-content\/uploads\/2014\/06\/Frida-Kahlo-Studio-at-La-Casa-Azul-500x375.jpg 500w, https:\/\/www.adrianasbestrecipes.com\/wp-content\/uploads\/2014\/06\/Frida-Kahlo-Studio-at-La-Casa-Azul-560x420.jpg 560w\" sizes=\"(max-width: 640px) 100vw, 640px\" \/><figcaption id=\"caption-attachment-2702\" class=\"wp-caption-text\">El estudio de Frida Kahlo en La Casa Azul<\/figcaption><\/figure>\n<p>Cuando entras a la casa de Frida te sumerges en su mundo, su estudio donde pintaba junto con\u00a0\u00a0Diego y su dormitorio, donde vivi\u00f3\u00a0sus \u00faltimos d\u00edas. Uno de mis lugares favoritos\u00a0fue\u00a0la cocina, con estufa de carb\u00f3n y madera, como en anta\u00f1o, ollas de barro y utensilios de madera. Cuando entr\u00e9 a su cocina me pude imaginar a ella y a su cocinera preparando mole y otros platillos tradicionales mexicanos. Me pregunto cu\u00e1ntos maravillosos sabores y olores habr\u00e1n salido de esa cocina, una obra de arte de verdad.<\/p>\n<figure id=\"attachment_2701\" aria-describedby=\"caption-attachment-2701\" style=\"width: 630px\" class=\"wp-caption aligncenter\"><img decoding=\"async\" class=\"size-full wp-image-2701\" src=\"https:\/\/www.adrianasbestrecipes.com\/wp-content\/uploads\/2014\/06\/Fridas-Kitchen.jpg\" alt=\"Frida's Kitchen #ABRecipes\" width=\"640\" height=\"853\" srcset=\"https:\/\/www.adrianasbestrecipes.com\/wp-content\/uploads\/2014\/06\/Fridas-Kitchen.jpg 640w, https:\/\/www.adrianasbestrecipes.com\/wp-content\/uploads\/2014\/06\/Fridas-Kitchen-225x300.jpg 225w, https:\/\/www.adrianasbestrecipes.com\/wp-content\/uploads\/2014\/06\/Fridas-Kitchen-560x746.jpg 560w\" sizes=\"(max-width: 640px) 100vw, 640px\" \/><figcaption id=\"caption-attachment-2701\" class=\"wp-caption-text\">La cocina de Frida<\/figcaption><\/figure>\n<p>Luego, en frente de la cocina del comedor\u00a0adornado con artesan\u00edas mexicanas representativas de varios estados de la rep\u00fablica as\u00ed como divina\u00a0cer\u00e1mica, como el barro verde de Oaxaca y piezas de Olinal\u00e1.<\/p>\n<figure id=\"attachment_2704\" aria-describedby=\"caption-attachment-2704\" style=\"width: 630px\" class=\"wp-caption aligncenter\"><img decoding=\"async\" class=\"size-full wp-image-2704\" src=\"https:\/\/www.adrianasbestrecipes.com\/wp-content\/uploads\/2014\/06\/Original-Art-from-Frida-Kahlo-painted-in-1964-at-her-studio-in-La-Casa-Azul-ABRecipes.jpg\" alt=\"Original Art from Frida Kahlo painted in 1964 at her studio in La Casa Azul #ABRecipes\" width=\"640\" height=\"447\" srcset=\"https:\/\/www.adrianasbestrecipes.com\/wp-content\/uploads\/2014\/06\/Original-Art-from-Frida-Kahlo-painted-in-1964-at-her-studio-in-La-Casa-Azul-ABRecipes.jpg 640w, https:\/\/www.adrianasbestrecipes.com\/wp-content\/uploads\/2014\/06\/Original-Art-from-Frida-Kahlo-painted-in-1964-at-her-studio-in-La-Casa-Azul-ABRecipes-300x210.jpg 300w, https:\/\/www.adrianasbestrecipes.com\/wp-content\/uploads\/2014\/06\/Original-Art-from-Frida-Kahlo-painted-in-1964-at-her-studio-in-La-Casa-Azul-ABRecipes-560x391.jpg 560w\" sizes=\"(max-width: 640px) 100vw, 640px\" \/><figcaption id=\"caption-attachment-2704\" class=\"wp-caption-text\">Pieza de arte original de Frida Kahlo pintada en 1964 en su estudio en La Casa Azul<\/figcaption><\/figure>\n<p>All\u00ed mismo, en el comedor se accede al jard\u00edn que tiene una r\u00e9plica de un templo ceremonial y muchas plantas tropicales exuberantes, as\u00ed como los \u00eddolos prehisp\u00e1nicos tallados en piedra volc\u00e1nica. Puedes\u00a0incluso encontrar gatos residentes que pasan el rato durmiendo y merodeando el jard\u00edn y quienes y han hecho propia\u00a0la\u00a0casa de Frida tambi\u00e9n.<\/p>\n<figure id=\"attachment_2703\" aria-describedby=\"caption-attachment-2703\" style=\"width: 630px\" class=\"wp-caption aligncenter\"><img decoding=\"async\" class=\"size-full wp-image-2703\" src=\"https:\/\/www.adrianasbestrecipes.com\/wp-content\/uploads\/2014\/06\/Fridas-Dining-Room-at-La-Casa-Azul.jpg\" alt=\"Frida's Dining Room at La Casa Azul\" width=\"640\" height=\"480\" srcset=\"https:\/\/www.adrianasbestrecipes.com\/wp-content\/uploads\/2014\/06\/Fridas-Dining-Room-at-La-Casa-Azul.jpg 640w, https:\/\/www.adrianasbestrecipes.com\/wp-content\/uploads\/2014\/06\/Fridas-Dining-Room-at-La-Casa-Azul-300x225.jpg 300w, https:\/\/www.adrianasbestrecipes.com\/wp-content\/uploads\/2014\/06\/Fridas-Dining-Room-at-La-Casa-Azul-500x375.jpg 500w, https:\/\/www.adrianasbestrecipes.com\/wp-content\/uploads\/2014\/06\/Fridas-Dining-Room-at-La-Casa-Azul-560x420.jpg 560w\" sizes=\"(max-width: 640px) 100vw, 640px\" \/><figcaption id=\"caption-attachment-2703\" class=\"wp-caption-text\">El comedor de Frida en La Casa Azul<\/figcaption><\/figure>\n<p>Nuestra visita a La Casa Azul fue muy especial y\u00a0nos dej\u00f3 con algunas reflexiones sobre su vida y su sufrimiento por lo que este art\u00edculo se lo dedico a Frida como un peque\u00f1o homenaje su legado \u00a0y a su inmenso amor por M\u00e9xico, nuestra cultura y tradiciones. Frida, puede que no\u00a0est\u00e9s m\u00e1s\u00a0en la tierra, pero tu esp\u00edritu y tu arte viven por siempre a pesar del tiempo.<\/p>\n<figure id=\"attachment_2705\" aria-describedby=\"caption-attachment-2705\" style=\"width: 630px\" class=\"wp-caption aligncenter\"><img decoding=\"async\" class=\"size-full wp-image-2705\" src=\"https:\/\/www.adrianasbestrecipes.com\/wp-content\/uploads\/2014\/06\/Frida-Catrina-at-La-Casa-Azul-ABRecipes.jpg\" alt=\"Frida Catrina at La Casa Azul #ABRecipes\" width=\"640\" height=\"667\" srcset=\"https:\/\/www.adrianasbestrecipes.com\/wp-content\/uploads\/2014\/06\/Frida-Catrina-at-La-Casa-Azul-ABRecipes.jpg 640w, https:\/\/www.adrianasbestrecipes.com\/wp-content\/uploads\/2014\/06\/Frida-Catrina-at-La-Casa-Azul-ABRecipes-288x300.jpg 288w, https:\/\/www.adrianasbestrecipes.com\/wp-content\/uploads\/2014\/06\/Frida-Catrina-at-La-Casa-Azul-ABRecipes-560x584.jpg 560w\" sizes=\"(max-width: 640px) 100vw, 640px\" \/><figcaption id=\"caption-attachment-2705\" class=\"wp-caption-text\">Frida \"La Catrina\" en La Casa Azul<\/figcaption><\/figure>\n<h4 style=\"text-align: center;\">Te\u00a0recordamos en tu cumplea\u00f1os este 6 de julio.<\/h4>\n<p><iframe src=\"https:\/\/www.youtube.com\/embed\/lrarwLecjVs?list=PLBwdbgP6IS7IokmxnLy6lwY2ZCo537hV_\" width=\"640\" height=\"480\" frameborder=\"0\" allowfullscreen=\"allowfullscreen\"><\/iframe><\/p>\n","protected":false},"excerpt":{"rendered":"<p>La Casa Azul donde Frida nace el 6 de julio de 1907.<\/p>\n","protected":false},"author":2,"featured_media":5805,"comment_status":"open","ping_status":"closed","sticky":false,"template":"","format":"standard","meta":{"_seopress_robots_primary_cat":"","_seopress_titles_title":"","_seopress_titles_desc":"La Casa Azu fue el lugar de nacimiento de Frida Kahlo el 6 de julio de 1907. Estamos record\u00e1ndola en su cumplea\u00f1os con un peque\u00f1o homenaje a su legado.","_seopress_robots_index":"","_uag_custom_page_level_css":"","wprm-recipe-roundup-name":"","wprm-recipe-roundup-description":"","_jetpack_memberships_contains_paid_content":false,"footnotes":""},"categories":[628,1148,1145,513],"tags":[1734,2961,2156,61,573,1731,1733,578,1732,2965,1791,551],"class_list":["post-2694","post","type-post","status-publish","format-standard","has-post-thumbnail","hentry","category-cultura","category-experiencias-culinarias-viajes","category-viajes-culinarios","category-videos","tag-coyoacan-es","tag-cultura","tag-cultura-mexicana","tag-espanol","tag-foco","tag-frida-kahlo-es","tag-la-casa-azul","tag-mexico-es","tag-museo-frida-kahlo","tag-experiencias-culinarias-viajes","tag-viajes-culinarios-2","tag-video-es","generate-columns","tablet-grid-50","mobile-grid-100","grid-parent","grid-50"],"jetpack_featured_media_url":"https:\/\/www.adrianasbestrecipes.com\/wp-content\/uploads\/2014\/06\/Frida-Kahlo-Studio-at-La-Casa-Azul-1.jpg","spectra_custom_meta":{"_edit_lock":["1425881009:2"],"_edit_last":["2"],"_alp_processed":["1425881145"],"image":["https:\/\/www.adrianasbestrecipes.com\/wp-content\/uploads\/2014\/06\/Original-Art-from-Frida-Kahlo-painted-in-1964-at-her-studio-in-La-Casa-Azul-ABRecipes.jpg"],"pinType":["movie"],"pinName":[""],"pinDescription":[""],"pinRating":[""],"pinRatingMax":[""],"pinContent":["G"],"pinDate":[""],"numDirectors":["0"],"numActors":["0"],"_yoast_wpseo_focuskw":["Frida Kahlo"],"_yoast_wpseo_linkdex":["84"],"_image_alignment":["b"],"_yoast_wpseo_metadesc":["La Casa Azu fue el lugar de nacimiento de Frida Kahlo el 6 de julio de 1907. Estamos record\u00e1ndola en su cumplea\u00f1os con un peque\u00f1o homenaje a su legado."],"dsq_thread_id":["2808029361"],"_thumbnail_id":["5805"],"_et_social_shares_facebook":["a:3:{s:12:\"force_update\";b:1;s:6:\"counts\";i:2;s:8:\"last_upd\";s:19:\"2016-08-18 11:22:13\";}"],"_et_social_shares_twitter":["a:3:{s:12:\"force_update\";b:1;s:6:\"counts\";i:0;s:8:\"last_upd\";s:19:\"2016-08-18 11:22:13\";}"],"_et_social_shares_googleplus":["a:3:{s:12:\"force_update\";b:1;s:6:\"counts\";i:0;s:8:\"last_upd\";s:19:\"2016-08-18 11:22:14\";}"],"_et_social_shares_pinterest":["a:3:{s:12:\"force_update\";b:1;s:6:\"counts\";i:0;s:8:\"last_upd\";s:19:\"2016-08-18 11:22:14\";}"],"_et_social_shares_delicious":["a:3:{s:12:\"force_update\";b:1;s:6:\"counts\";i:0;s:8:\"last_upd\";s:19:\"2016-05-17 06:18:25\";}"],"_et_social_shares_digg":["a:3:{s:12:\"force_update\";b:1;s:6:\"counts\";i:0;s:8:\"last_upd\";s:19:\"2016-05-17 06:18:25\";}"],"_et_social_shares_printfriendly":["a:3:{s:12:\"force_update\";b:1;s:6:\"counts\";i:0;s:8:\"last_upd\";s:19:\"2016-08-18 11:22:14\";}"],"_stumbleupon_shares":["2"],"_totes":["18"],"bitly_link":["http:\/\/bit.ly\/2E7YJ5W"],"_google_plus_shares":["0"],"bitly_link_google_plus":["http:\/\/bit.ly\/2Oqyo4A"],"_facebook_shares":["5"],"_pinterest_shares":["11"],"_buffer_shares":["0"],"_yummly_shares":["0"],"_twitter_shares":["0"],"_whatsapp_shares":["0"],"_flipboard_shares":["0"],"_mix_shares":["0"],"_email_shares":["0"],"_total_shares":["16"],"bitly_link_facebook":["http:\/\/bit.ly\/2ubhE9D"],"bitly_link_twitter":["http:\/\/bit.ly\/2ubgOcZ"],"bitly_link_mix":["http:\/\/bit.ly\/2ubhEXb"],"bitly_link_buffer":["http:\/\/bit.ly\/2ubgOK1"],"bitly_link_flipboard":["http:\/\/bit.ly\/2ubgQ4B"],"bitly_link_email":["http:\/\/bit.ly\/2ubhG1f"],"bitly_link_whatsapp":["http:\/\/bit.ly\/2ubhGhL"],"bitly_link_yummly":["http:\/\/bit.ly\/2ubhGyh"],"swp_cache_timestamp":["431301"],"dpsp_networks_shares":["a:7:{s:8:\"facebook\";i:5;s:9:\"pinterest\";i:11;s:7:\"twitter\";i:0;s:6:\"yummly\";i:0;s:6:\"reddit\";i:0;s:6:\"buffer\";i:0;s:4:\"grow\";i:1;}"],"dpsp_networks_shares_total":["17"],"dpsp_networks_shares_last_updated":["1643432920"],"dpsp_cache_shares_twitter_2":["0"],"dpsp_short_link_bitly":["a:14:{s:18:\"facebook_short_url\";s:21:\"http:\/\/bit.ly\/2uIdmqF\";s:17:\"twitter_short_url\";s:21:\"http:\/\/bit.ly\/2uzf5OH\";s:18:\"whatsapp_short_url\";s:21:\"http:\/\/bit.ly\/2uAPaX0\";s:16:\"yummly_short_url\";s:21:\"http:\/\/bit.ly\/2uwY0Fa\";s:15:\"email_short_url\";s:21:\"http:\/\/bit.ly\/2uxv2VE\";s:13:\"mix_short_url\";s:21:\"http:\/\/bit.ly\/35zllY7\";s:19:\"flipboard_short_url\";s:21:\"http:\/\/bit.ly\/2oyGCkb\";s:18:\"linkedin_short_url\";s:21:\"http:\/\/bit.ly\/33p2sVY\";s:16:\"reddit_short_url\";s:21:\"http:\/\/bit.ly\/35tob0G\";s:16:\"buffer_short_url\";s:21:\"http:\/\/bit.ly\/2MjGQop\";s:18:\"telegram_short_url\";s:21:\"http:\/\/bit.ly\/2MFxrGB\";s:14:\"grow_short_url\";s:22:\"https:\/\/bit.ly\/3h7vsvy\";s:17:\"threads_short_url\";s:22:\"https:\/\/bit.ly\/4bfMVu2\";s:18:\"mastodon_short_url\";s:22:\"https:\/\/bit.ly\/3VAvUFi\";}"],"_jetpack_related_posts_cache":["a:1:{s:32:\"8f6677c9d6b0f903e98ad32ec61f8deb\";a:2:{s:7:\"expires\";i:1621741123;s:7:\"payload\";a:3:{i:0;a:1:{s:2:\"id\";i:3549;}i:1;a:1:{s:2:\"id\";i:3442;}i:2;a:1:{s:2:\"id\";i:10377;}}}}"],"dpsp_post_previous_urls":["a:1:{i:0;s:75:\"https:\/\/www.adrianasbestrecipes.com\/es\/2014\/06\/30\/celebrando-a-frida-kahlo\/\";}"],"dpsp_networks_shares_previous_urls":["a:5:{s:8:\"facebook\";i:5;s:7:\"twitter\";i:0;s:9:\"pinterest\";i:0;s:6:\"yummly\";i:0;s:6:\"reddit\";i:0;}"],"_tbf_fix_details":["a:5:{s:6:\"fix_id\";s:2:\"35\";s:19:\"changed_revision_id\";s:4:\"2694\";s:20:\"original_revision_id\";s:4:\"2694\";s:17:\"operation_set_ids\";s:27:\"image_unlink_attachment_fix\";s:10:\"operations\";a:1:{i:0;s:17:\"regex_link_remove\";}}"],"_yoast_wpseo_video_meta":["a:16:{s:2:\"id\";s:11:\"lrarwLecjVs\";s:3:\"url\";s:81:\"https:\/\/www.youtube.com\/embed\/lrarwLecjVs?list=PLBwdbgP6IS7IokmxnLy6lwY2ZCo537hV_\";s:4:\"type\";s:7:\"youtube\";s:10:\"player_loc\";s:41:\"https:\/\/www.youtube.com\/embed\/lrarwLecjVs\";s:13:\"thumbnail_loc\";s:80:\"https:\/\/www.adrianasbestrecipes.com\/wp-content\/uploads\/2014\/06\/lrarwlecjvs-1.jpg\";s:12:\"last_fetched\";i:1675962046;s:8:\"duration\";i:293;s:10:\"view_count\";s:6:\"281412\";s:5:\"width\";i:480;s:6:\"height\";i:270;s:7:\"post_id\";i:2694;s:5:\"title\";s:58:\"Celebrando a Frida Kahlo - Adriana&amp;#039;s Best Recipes\";s:16:\"publication_date\";s:25:\"2014-06-30T21:49:12+00:00\";s:11:\"description\";s:154:\"La Casa Azu fue el lugar de nacimiento de Frida Kahlo el 6 de julio de 1907. Estamos record\u00e1ndola en su cumplea\u00f1os con un peque\u00f1o homenaje a su legado.\";s:8:\"category\";s:7:\"Cultura\";s:3:\"tag\";a:13:{i:0;s:8:\"Coyoacan\";i:1;s:7:\"Cultura\";i:2;s:16:\"cultura mexicana\";i:3;s:8:\"Espa\u00f1ol\";i:4;s:4:\"foco\";i:5;s:11:\"Frida Kahlo\";i:6;s:12:\"La Casa Azul\";i:7;s:6:\"Mexico\";i:8;s:17:\"Museo Frida Kahlo\";i:9;s:6:\"Viajes\";i:10;s:17:\"Viajes culinarios\";i:11;s:5:\"video\";i:12;s:11:\"Frida Kahlo\";}}"],"_wpml_media_duplicate":["1"],"litespeed_vpi_list":["a:3:{i:0;s:37:\"ABRecipes-New-Logo-with-Trademark.jpg\";i:1;s:40:\"Frida-Kahlo-Studio-at-La-Casa-Azul-1.jpg\";i:2;s:36:\"Adriana-Martin-TACOS-23-683x1024.jpg\";}"],"_seopress_titles_desc":["La Casa Azu fue el lugar de nacimiento de Frida Kahlo el 6 de julio de 1907. Estamos record\u00e1ndola en su cumplea\u00f1os con un peque\u00f1o homenaje a su legado."],"_seopress_analysis_target_kw":["Frida Kahlo"],"dpsp_networks_shares_json":["{\"facebook\":5,\"pinterest\":11,\"twitter\":0,\"yummly\":0,\"reddit\":0,\"buffer\":0,\"grow\":1}"],"wprm_rating_no_text_comments":["a:0:{}"],"copied_media_ids":["a:7:{i:0;i:219322;i:1;i:219323;i:2;i:219325;i:3;i:219324;i:4;i:219327;i:5;i:219326;i:6;i:9210;}"],"referenced_media_ids":["a:1:{i:0;i:5805;}"],"_uag_page_assets":["a:9:{s:3:\"css\";s:0:\"\";s:2:\"js\";s:0:\"\";s:18:\"current_block_list\";a:0:{}s:8:\"uag_flag\";b:0;s:11:\"uag_version\";s:10:\"1777592795\";s:6:\"gfonts\";a:0:{}s:10:\"gfonts_url\";s:0:\"\";s:12:\"gfonts_files\";a:0:{}s:14:\"uag_faq_layout\";b:0;}"]},"uagb_featured_image_src":{"full":["https:\/\/www.adrianasbestrecipes.com\/wp-content\/uploads\/2014\/06\/Frida-Kahlo-Studio-at-La-Casa-Azul-1.jpg",640,480,false],"thumbnail":["https:\/\/www.adrianasbestrecipes.com\/wp-content\/uploads\/2014\/06\/Frida-Kahlo-Studio-at-La-Casa-Azul-1-180x180.jpg",180,180,true],"medium":["https:\/\/www.adrianasbestrecipes.com\/wp-content\/uploads\/2014\/06\/Frida-Kahlo-Studio-at-La-Casa-Azul-1-300x225.jpg",300,225,true],"medium_large":["https:\/\/www.adrianasbestrecipes.com\/wp-content\/uploads\/2014\/06\/Frida-Kahlo-Studio-at-La-Casa-Azul-1.jpg",640,480,false],"large":["https:\/\/www.adrianasbestrecipes.com\/wp-content\/uploads\/2014\/06\/Frida-Kahlo-Studio-at-La-Casa-Azul-1.jpg",640,480,false],"1536x1536":["https:\/\/www.adrianasbestrecipes.com\/wp-content\/uploads\/2014\/06\/Frida-Kahlo-Studio-at-La-Casa-Azul-1.jpg",640,480,false],"2048x2048":["https:\/\/www.adrianasbestrecipes.com\/wp-content\/uploads\/2014\/06\/Frida-Kahlo-Studio-at-La-Casa-Azul-1.jpg",640,480,false],"wprm-metadata-1_1":["https:\/\/www.adrianasbestrecipes.com\/wp-content\/uploads\/2014\/06\/Frida-Kahlo-Studio-at-La-Casa-Azul-1-500x480.jpg",500,480,true],"wprm-metadata-4_3":["https:\/\/www.adrianasbestrecipes.com\/wp-content\/uploads\/2014\/06\/Frida-Kahlo-Studio-at-La-Casa-Azul-1-500x375.jpg",500,375,true],"wprm-metadata-16_9":["https:\/\/www.adrianasbestrecipes.com\/wp-content\/uploads\/2014\/06\/Frida-Kahlo-Studio-at-La-Casa-Azul-1-480x270.jpg",480,270,true],"rpwe-thumbnail":["https:\/\/www.adrianasbestrecipes.com\/wp-content\/uploads\/2014\/06\/Frida-Kahlo-Studio-at-La-Casa-Azul-1-45x45.jpg",45,45,true],"mailchimp":["https:\/\/www.adrianasbestrecipes.com\/wp-content\/uploads\/2014\/06\/Frida-Kahlo-Studio-at-La-Casa-Azul-1-560x420.jpg",560,420,true],"web-stories-poster-portrait":["https:\/\/www.adrianasbestrecipes.com\/wp-content\/uploads\/2014\/06\/Frida-Kahlo-Studio-at-La-Casa-Azul-1.jpg",640,480,false],"web-stories-publisher-logo":["https:\/\/www.adrianasbestrecipes.com\/wp-content\/uploads\/2014\/06\/Frida-Kahlo-Studio-at-La-Casa-Azul-1.jpg",96,72,false],"web-stories-thumbnail":["https:\/\/www.adrianasbestrecipes.com\/wp-content\/uploads\/2014\/06\/Frida-Kahlo-Studio-at-La-Casa-Azul-1.jpg",150,113,false]},"uagb_author_info":{"display_name":"Chef Adriana Martin","author_link":"https:\/\/www.adrianasbestrecipes.com\/es\/author\/adriana\/"},"uagb_comment_info":2,"uagb_excerpt":"La Casa Azul donde Frida nace el 6 de julio de 1907.","jetpack-related-posts":[{"id":3549,"url":"https:\/\/www.adrianasbestrecipes.com\/es\/mis-viajes-culinarios\/","url_meta":{"origin":2694,"position":0},"title":"Mis Viajes Culinarios","author":"Chef Adriana Martin","date":"9 de marzo de 2015","format":false,"excerpt":"Porque viajar y la comida son la pareja perfecta","rel":"","context":"En \u00abViajes\u00bb","block_context":{"text":"Viajes","link":"https:\/\/www.adrianasbestrecipes.com\/es\/category\/experiencias-culinarias-viajes\/"},"img":{"alt_text":"Want to be the Best Western Latino Summer Travel Blogger to share my foodie travels and tips","src":"https:\/\/i0.wp.com\/www.adrianasbestrecipes.com\/wp-content\/uploads\/2015\/03\/Want-to-be-the-Best-Western-Latino-Summer-Travel-Blogger-to-share-my-foodie-travels-and-tips-1.jpg?resize=350%2C200&ssl=1","width":350,"height":200,"srcset":"https:\/\/i0.wp.com\/www.adrianasbestrecipes.com\/wp-content\/uploads\/2015\/03\/Want-to-be-the-Best-Western-Latino-Summer-Travel-Blogger-to-share-my-foodie-travels-and-tips-1.jpg?resize=350%2C200&ssl=1 1x, https:\/\/i0.wp.com\/www.adrianasbestrecipes.com\/wp-content\/uploads\/2015\/03\/Want-to-be-the-Best-Western-Latino-Summer-Travel-Blogger-to-share-my-foodie-travels-and-tips-1.jpg?resize=525%2C300&ssl=1 1.5x"},"classes":[]},{"id":37319,"url":"https:\/\/www.adrianasbestrecipes.com\/es\/tutorial-de-maquillaje-de-la-calavera-catrina\/","url_meta":{"origin":2694,"position":1},"title":"Tutorial de Maquillaje de la Calavera Catrina","author":"Chef Adriana Martin","date":"28 de octubre de 2020","format":false,"excerpt":"Sigue los pasos del tutorial de maquillaje para la Calavera Catrina. No necesitas gastar mucho dinero.","rel":"","context":"En \u00abCultura\u00bb","block_context":{"text":"Cultura","link":"https:\/\/www.adrianasbestrecipes.com\/es\/category\/cultura\/"},"img":{"alt_text":"a picture of a woman with a catrina makeup","src":"https:\/\/i0.wp.com\/www.adrianasbestrecipes.com\/wp-content\/uploads\/2020\/10\/Sugar-Skull-Calavera-Makeup-tutorial.jpg?resize=350%2C200&ssl=1","width":350,"height":200,"srcset":"https:\/\/i0.wp.com\/www.adrianasbestrecipes.com\/wp-content\/uploads\/2020\/10\/Sugar-Skull-Calavera-Makeup-tutorial.jpg?resize=350%2C200&ssl=1 1x, https:\/\/i0.wp.com\/www.adrianasbestrecipes.com\/wp-content\/uploads\/2020\/10\/Sugar-Skull-Calavera-Makeup-tutorial.jpg?resize=525%2C300&ssl=1 1.5x, https:\/\/i0.wp.com\/www.adrianasbestrecipes.com\/wp-content\/uploads\/2020\/10\/Sugar-Skull-Calavera-Makeup-tutorial.jpg?resize=700%2C400&ssl=1 2x"},"classes":[]},{"id":29714,"url":"https:\/\/www.adrianasbestrecipes.com\/es\/tlacoyos-con-masa-de-maiz-azul\/","url_meta":{"origin":2694,"position":2},"title":"Tlacoyos con Masa de Ma\u00edz Azul","author":"Chef Adriana Martin","date":"2 de octubre de 2019","format":false,"excerpt":"Los tlacoyos con masa de ma\u00edz azul son parte de la cocina prehisp\u00e1nica de M\u00e9xico. Este antojito tiene frijoles negros refritos, queso fresco, crema y salsa.","rel":"","context":"En \u00abCena\u00bb","block_context":{"text":"Cena","link":"https:\/\/www.adrianasbestrecipes.com\/es\/category\/cena-2\/"},"img":{"alt_text":"Tlacoyos con Masa de Ma\u00edz Azul son servidos con queso fresco, salsa y crema mexicana","src":"https:\/\/i0.wp.com\/www.adrianasbestrecipes.com\/wp-content\/uploads\/2019\/10\/Blue-Corn-Tlacoyos-or-Mexican-Corn-Cakes.jpg?resize=350%2C200&ssl=1","width":350,"height":200,"srcset":"https:\/\/i0.wp.com\/www.adrianasbestrecipes.com\/wp-content\/uploads\/2019\/10\/Blue-Corn-Tlacoyos-or-Mexican-Corn-Cakes.jpg?resize=350%2C200&ssl=1 1x, https:\/\/i0.wp.com\/www.adrianasbestrecipes.com\/wp-content\/uploads\/2019\/10\/Blue-Corn-Tlacoyos-or-Mexican-Corn-Cakes.jpg?resize=525%2C300&ssl=1 1.5x, https:\/\/i0.wp.com\/www.adrianasbestrecipes.com\/wp-content\/uploads\/2019\/10\/Blue-Corn-Tlacoyos-or-Mexican-Corn-Cakes.jpg?resize=700%2C400&ssl=1 2x"},"classes":[]},{"id":3442,"url":"https:\/\/www.adrianasbestrecipes.com\/es\/recetas-favoritas-para-la-cuaresma\/","url_meta":{"origin":2694,"position":3},"title":"Recetas Favoritas para la Cuaresma","author":"Chef Adriana Martin","date":"16 de febrero de 2015","format":false,"excerpt":"Recetas sin carne para los viernes de Cuaresma","rel":"","context":"En \u00abAlmuerzo\u00bb","block_context":{"text":"Almuerzo","link":"https:\/\/www.adrianasbestrecipes.com\/es\/category\/almuerzo-es\/"},"img":{"alt_text":"","src":"https:\/\/i0.wp.com\/www.adrianasbestrecipes.com\/wp-content\/uploads\/2015\/02\/Favorite-Recipes-for-Lent-1.jpg?resize=350%2C200&ssl=1","width":350,"height":200,"srcset":"https:\/\/i0.wp.com\/www.adrianasbestrecipes.com\/wp-content\/uploads\/2015\/02\/Favorite-Recipes-for-Lent-1.jpg?resize=350%2C200&ssl=1 1x, https:\/\/i0.wp.com\/www.adrianasbestrecipes.com\/wp-content\/uploads\/2015\/02\/Favorite-Recipes-for-Lent-1.jpg?resize=525%2C300&ssl=1 1.5x"},"classes":[]},{"id":16465,"url":"https:\/\/www.adrianasbestrecipes.com\/es\/fiesta-de-blogs\/","url_meta":{"origin":2694,"position":4},"title":"Fiesta de Blogs para la Herencia Hispana","author":"Chef Adriana Martin","date":"14 de septiembre de 2017","format":false,"excerpt":"Una fiesta de blogs para la celebraci\u00f3n de la herencia hispana. Treinta d\u00edas de ricas recetas de comida latina con la participaci\u00f3n de talentosas blogueras latinas.","rel":"","context":"En \u00abCultura\u00bb","block_context":{"text":"Cultura","link":"https:\/\/www.adrianasbestrecipes.com\/es\/category\/cultura\/"},"img":{"alt_text":"\u00danete a Fiesta de Blogs para la Herencia Hispana","src":"https:\/\/i0.wp.com\/www.adrianasbestrecipes.com\/wp-content\/uploads\/2017\/09\/Blogging-Party-for-Hispanic-Heritage.jpg?resize=350%2C200&ssl=1","width":350,"height":200,"srcset":"https:\/\/i0.wp.com\/www.adrianasbestrecipes.com\/wp-content\/uploads\/2017\/09\/Blogging-Party-for-Hispanic-Heritage.jpg?resize=350%2C200&ssl=1 1x, https:\/\/i0.wp.com\/www.adrianasbestrecipes.com\/wp-content\/uploads\/2017\/09\/Blogging-Party-for-Hispanic-Heritage.jpg?resize=525%2C300&ssl=1 1.5x, https:\/\/i0.wp.com\/www.adrianasbestrecipes.com\/wp-content\/uploads\/2017\/09\/Blogging-Party-for-Hispanic-Heritage.jpg?resize=700%2C400&ssl=1 2x"},"classes":[]},{"id":21484,"url":"https:\/\/www.adrianasbestrecipes.com\/es\/tony-bourdain-no-es-un-adios\/","url_meta":{"origin":2694,"position":5},"title":"Tony Bourdain, No es un Adi\u00f3s","author":"Chef Adriana Martin","date":"8 de junio de 2018","format":false,"excerpt":"Tony Bourdain, no es un Adi\u00f3s es un Hasta Siempre. Un homenaje a un chef e incre\u00edble escritor que admiro por su creatividad y elocuencia. Descanse en paz.","rel":"","context":"En \u00abEstilo de Vida\u00bb","block_context":{"text":"Estilo de Vida","link":"https:\/\/www.adrianasbestrecipes.com\/es\/category\/estilo-de-vida\/"},"img":{"alt_text":"Tony Bourdain, no es un Adi\u00f3s es un Hasta Siempre","src":"https:\/\/i0.wp.com\/www.adrianasbestrecipes.com\/wp-content\/uploads\/2018\/06\/It-is-not-a-goodbye-Tony-Bourdain.jpg?resize=350%2C200&ssl=1","width":350,"height":200,"srcset":"https:\/\/i0.wp.com\/www.adrianasbestrecipes.com\/wp-content\/uploads\/2018\/06\/It-is-not-a-goodbye-Tony-Bourdain.jpg?resize=350%2C200&ssl=1 1x, https:\/\/i0.wp.com\/www.adrianasbestrecipes.com\/wp-content\/uploads\/2018\/06\/It-is-not-a-goodbye-Tony-Bourdain.jpg?resize=525%2C300&ssl=1 1.5x, https:\/\/i0.wp.com\/www.adrianasbestrecipes.com\/wp-content\/uploads\/2018\/06\/It-is-not-a-goodbye-Tony-Bourdain.jpg?resize=700%2C400&ssl=1 2x"},"classes":[]}],"jetpack_sharing_enabled":true,"_links":{"self":[{"href":"https:\/\/www.adrianasbestrecipes.com\/es\/wp-json\/wp\/v2\/posts\/2694","targetHints":{"allow":["GET"]}}],"collection":[{"href":"https:\/\/www.adrianasbestrecipes.com\/es\/wp-json\/wp\/v2\/posts"}],"about":[{"href":"https:\/\/www.adrianasbestrecipes.com\/es\/wp-json\/wp\/v2\/types\/post"}],"author":[{"embeddable":true,"href":"https:\/\/www.adrianasbestrecipes.com\/es\/wp-json\/wp\/v2\/users\/2"}],"replies":[{"embeddable":true,"href":"https:\/\/www.adrianasbestrecipes.com\/es\/wp-json\/wp\/v2\/comments?post=2694"}],"version-history":[{"count":0,"href":"https:\/\/www.adrianasbestrecipes.com\/es\/wp-json\/wp\/v2\/posts\/2694\/revisions"}],"wp:featuredmedia":[{"embeddable":true,"href":"https:\/\/www.adrianasbestrecipes.com\/es\/wp-json\/wp\/v2\/media\/5805"}],"wp:attachment":[{"href":"https:\/\/www.adrianasbestrecipes.com\/es\/wp-json\/wp\/v2\/media?parent=2694"}],"wp:term":[{"taxonomy":"category","embeddable":true,"href":"https:\/\/www.adrianasbestrecipes.com\/es\/wp-json\/wp\/v2\/categories?post=2694"},{"taxonomy":"post_tag","embeddable":true,"href":"https:\/\/www.adrianasbestrecipes.com\/es\/wp-json\/wp\/v2\/tags?post=2694"}],"curies":[{"name":"wp","href":"https:\/\/api.w.org\/{rel}","templated":true}]}}