{"id":1697,"date":"2013-06-21T18:08:38","date_gmt":"2013-06-21T22:08:38","guid":{"rendered":"https:\/\/www.adrianasbestrecipes.com\/?p=1697"},"modified":"2016-05-16T23:16:48","modified_gmt":"2016-05-17T03:16:48","slug":"viaje-culinario-brasil","status":"publish","type":"post","link":"https:\/\/www.adrianasbestrecipes.com\/es\/viaje-culinario-brasil\/","title":{"rendered":"Viaje Culinario: Brasil"},"content":{"rendered":"<figure id=\"attachment_1689\" aria-describedby=\"caption-attachment-1689\" style=\"width: 604px\" class=\"wp-caption aligncenter\"><img decoding=\"async\" class=\" wp-image-1689 \" src=\"https:\/\/www.adrianasbestrecipes.com\/wp-content\/uploads\/2013\/06\/Mercado-Municipal-Paulistano.jpg\" alt=\"Mercado Municipal Paulistano\" width=\"1024\" height=\"768\" srcset=\"https:\/\/www.adrianasbestrecipes.com\/wp-content\/uploads\/2013\/06\/Mercado-Municipal-Paulistano.jpg 1024w, https:\/\/www.adrianasbestrecipes.com\/wp-content\/uploads\/2013\/06\/Mercado-Municipal-Paulistano-300x225.jpg 300w, https:\/\/www.adrianasbestrecipes.com\/wp-content\/uploads\/2013\/06\/Mercado-Municipal-Paulistano-500x375.jpg 500w, https:\/\/www.adrianasbestrecipes.com\/wp-content\/uploads\/2013\/06\/Mercado-Municipal-Paulistano-560x420.jpg 560w\" sizes=\"(max-width: 1024px) 100vw, 1024px\" \/><figcaption id=\"caption-attachment-1689\" class=\"wp-caption-text\">Mercado Municipal Paulistano<\/figcaption><\/figure>\n<p>Viajamos a Brasil pues me encanta viajar y descubrir nuevos sabores e ingredientes del lugar que visito, es por eso que hoy quiero compartir con ustedes mi visita al \"Mercado Municipal\" en Sao Paulo, Brasil. Si te gusta la comida y quieres aprender de donde los alimentos que consumes provienen la mejor manera de hacerlo es visitando el mercado local de agricultores. Y una visita al Mercado Municipal Paulistano o \"Mercad\u00e3o\", como cari\u00f1osamente le nombran la gente local, es un lugar que no te puedes perder cuando viajas a Brasil. Muchos chefs como <a title=\"An evening with Anthony Bourdain\" href=\"https:\/\/www.adrianasbestrecipes.com\/an-evening-with-anthony-bourdain-in-orlando\/\">Anthony Bourdain<\/a> catalogan a este mercado como una joya. El edificio fue dise\u00f1ado por el arquitecto Francisco Ramos de Azevedo en 1926 y fue inaugurado oficialmente el 25 de enero de 1933. El dise\u00f1o es hermoso y cuenta con vitrales creados por el artista ruso Conrado Sorgenicht, muy conocido por los brasile\u00f1os a causa de su trabajo en la \u00a0\" Catedral da S\u00e9 \"y otras iglesias famosas en Brasil.<\/p>\n<figure id=\"attachment_1687\" aria-describedby=\"caption-attachment-1687\" style=\"width: 604px\" class=\"wp-caption aligncenter\"><img decoding=\"async\" class=\" wp-image-1687 \" src=\"https:\/\/www.adrianasbestrecipes.com\/wp-content\/uploads\/2013\/06\/Mercadao-Municipal-Sao-Paulo-AsBestRecipes.jpg\" alt=\"Foto tomada en el Mercado Municipal de Sao Paulo, Brasil. No hay nada mejor que la fruta fresca\" width=\"1024\" height=\"689\" srcset=\"https:\/\/www.adrianasbestrecipes.com\/wp-content\/uploads\/2013\/06\/Mercadao-Municipal-Sao-Paulo-AsBestRecipes.jpg 1024w, https:\/\/www.adrianasbestrecipes.com\/wp-content\/uploads\/2013\/06\/Mercadao-Municipal-Sao-Paulo-AsBestRecipes-300x202.jpg 300w, https:\/\/www.adrianasbestrecipes.com\/wp-content\/uploads\/2013\/06\/Mercadao-Municipal-Sao-Paulo-AsBestRecipes-560x377.jpg 560w\" sizes=\"(max-width: 1024px) 100vw, 1024px\" \/><figcaption id=\"caption-attachment-1687\" class=\"wp-caption-text\">Foto tomada en el Mercado Municipal de Sao Paulo, Brasil. No hay nada mejor que la fruta fresca<\/figcaption><\/figure>\n<p>Dentro del mercado se pueden encontrar los productos m\u00e1s frescos, la carne y los condimentos y tambi\u00e9n muchas opciones para saborear las comidas favoritas de los brasile\u00f1os, como el famoso sandwich de mortadela y la soda guaran\u00e1.<\/p>\n<figure id=\"attachment_1690\" aria-describedby=\"caption-attachment-1690\" style=\"width: 604px\" class=\"wp-caption aligncenter\"><img decoding=\"async\" class=\" wp-image-1690 \" src=\"https:\/\/www.adrianasbestrecipes.com\/wp-content\/uploads\/2013\/06\/Mortadela.jpg\" alt=\"Sandwich brasileiro de mortadela acompa\u00f1ado de la bebida nacional guaran\u00e1\" width=\"1024\" height=\"768\" srcset=\"https:\/\/www.adrianasbestrecipes.com\/wp-content\/uploads\/2013\/06\/Mortadela.jpg 1024w, https:\/\/www.adrianasbestrecipes.com\/wp-content\/uploads\/2013\/06\/Mortadela-300x225.jpg 300w, https:\/\/www.adrianasbestrecipes.com\/wp-content\/uploads\/2013\/06\/Mortadela-500x375.jpg 500w, https:\/\/www.adrianasbestrecipes.com\/wp-content\/uploads\/2013\/06\/Mortadela-560x420.jpg 560w\" sizes=\"(max-width: 1024px) 100vw, 1024px\" \/><figcaption id=\"caption-attachment-1690\" class=\"wp-caption-text\">Sandwich brasileiro de mortadela acompa\u00f1ado de la bebida nacional guaran\u00e1<\/figcaption><\/figure>\n<p>Me qued\u00e9 impresionada con los diferentes tipos de chiles brasile\u00f1os, existen muchas variedades desde aquellos con sabor suave y dulce hasta aquellos muy picantes. Dependiendo de la regi\u00f3n donde este chile es cultivado es el sabor. Qui\u00e9n dir\u00eda que la cocina brasile\u00f1a tendr\u00eda una gama tan amplia de sabores picantes. En la mayor\u00eda de los restaurantes o buffets cuando pides \"pimenta\" te ofrecen este chile delicioso preservado en vinagre.<\/p>\n<figure id=\"attachment_1691\" aria-describedby=\"caption-attachment-1691\" style=\"width: 604px\" class=\"wp-caption aligncenter\"><img decoding=\"async\" class=\" wp-image-1691 \" src=\"https:\/\/www.adrianasbestrecipes.com\/wp-content\/uploads\/2013\/06\/The-many-vairties-of-peppers-in-Brazil.jpg\" alt=\"La gama de chiles que existen en Brasil\" width=\"1024\" height=\"768\" srcset=\"https:\/\/www.adrianasbestrecipes.com\/wp-content\/uploads\/2013\/06\/The-many-vairties-of-peppers-in-Brazil.jpg 1024w, https:\/\/www.adrianasbestrecipes.com\/wp-content\/uploads\/2013\/06\/The-many-vairties-of-peppers-in-Brazil-300x225.jpg 300w, https:\/\/www.adrianasbestrecipes.com\/wp-content\/uploads\/2013\/06\/The-many-vairties-of-peppers-in-Brazil-500x375.jpg 500w, https:\/\/www.adrianasbestrecipes.com\/wp-content\/uploads\/2013\/06\/The-many-vairties-of-peppers-in-Brazil-560x420.jpg 560w\" sizes=\"(max-width: 1024px) 100vw, 1024px\" \/><figcaption id=\"caption-attachment-1691\" class=\"wp-caption-text\">La amplia gama de chiles que existen en Brasil<\/figcaption><\/figure>\n<p>La cocina brasile\u00f1a tiene influencia de la cultura europea espec\u00edficamente de la cocina portuguesa e italiana. Como aperitivo es muy com\u00fan comer antipasti hecho con aceitunas, ajo, pimientos, pepinillos y mozzarella ba\u00f1ada en aceite de oliva y especias. Y aqu\u00ed en el \"Mercad\u00e3o\" venden este antipasti ya preparado para que las personas lo lleven a casa y disfruten junto con una bebida o copa de vino.<\/p>\n<figure id=\"attachment_1692\" aria-describedby=\"caption-attachment-1692\" style=\"width: 604px\" class=\"wp-caption aligncenter\"><img decoding=\"async\" class=\" wp-image-1692 \" src=\"https:\/\/www.adrianasbestrecipes.com\/wp-content\/uploads\/2013\/06\/Brazilian-Antipasti.jpg\" alt=\"Antipasti Brasile\u00f1o\" width=\"1024\" height=\"768\" srcset=\"https:\/\/www.adrianasbestrecipes.com\/wp-content\/uploads\/2013\/06\/Brazilian-Antipasti.jpg 1024w, https:\/\/www.adrianasbestrecipes.com\/wp-content\/uploads\/2013\/06\/Brazilian-Antipasti-300x225.jpg 300w, https:\/\/www.adrianasbestrecipes.com\/wp-content\/uploads\/2013\/06\/Brazilian-Antipasti-500x375.jpg 500w, https:\/\/www.adrianasbestrecipes.com\/wp-content\/uploads\/2013\/06\/Brazilian-Antipasti-560x420.jpg 560w\" sizes=\"(max-width: 1024px) 100vw, 1024px\" \/><figcaption id=\"caption-attachment-1692\" class=\"wp-caption-text\">Antipasti Brasile\u00f1o<\/figcaption><\/figure>\n<p>Las nueces son tambi\u00e9n un antojo muy com\u00fan en Brasil y los anacardos, nueces de la india o \"casta\u00f1a de caju\" se puede encontrar incluso en su estado natural ya que Brasil es un productor importante de nueces de la india.<\/p>\n<figure id=\"attachment_1694\" aria-describedby=\"caption-attachment-1694\" style=\"width: 604px\" class=\"wp-caption aligncenter\"><img decoding=\"async\" class=\" wp-image-1694 \" src=\"https:\/\/www.adrianasbestrecipes.com\/wp-content\/uploads\/2013\/06\/Cashews.jpg\" alt=\"Nueces de la india o &quot;castanha de caju&quot;\" width=\"1024\" height=\"768\" srcset=\"https:\/\/www.adrianasbestrecipes.com\/wp-content\/uploads\/2013\/06\/Cashews.jpg 1024w, https:\/\/www.adrianasbestrecipes.com\/wp-content\/uploads\/2013\/06\/Cashews-300x225.jpg 300w, https:\/\/www.adrianasbestrecipes.com\/wp-content\/uploads\/2013\/06\/Cashews-500x375.jpg 500w, https:\/\/www.adrianasbestrecipes.com\/wp-content\/uploads\/2013\/06\/Cashews-560x420.jpg 560w\" sizes=\"(max-width: 1024px) 100vw, 1024px\" \/><figcaption id=\"caption-attachment-1694\" class=\"wp-caption-text\">Nueces de la india o \"castanha de caju\"<\/figcaption><\/figure>\n<p>La variedad de carnes y embutidos tambi\u00e9n son impresionantes y muy sabrosos. Brasil es un pa\u00eds que tiene carnes de muy buena calidad y muchas variedades de embutidos y productos l\u00e1cteos. Los chips provolone no te los puedes perder.<\/p>\n<figure id=\"attachment_1693\" aria-describedby=\"caption-attachment-1693\" style=\"width: 604px\" class=\"wp-caption aligncenter\"><img decoding=\"async\" class=\" wp-image-1693 \" src=\"https:\/\/www.adrianasbestrecipes.com\/wp-content\/uploads\/2013\/06\/Brazilian-Meats-and-Charcuterie.jpg\" alt=\"Carnes y embutidos brasile\u00f1os\" width=\"1024\" height=\"768\" srcset=\"https:\/\/www.adrianasbestrecipes.com\/wp-content\/uploads\/2013\/06\/Brazilian-Meats-and-Charcuterie.jpg 1024w, https:\/\/www.adrianasbestrecipes.com\/wp-content\/uploads\/2013\/06\/Brazilian-Meats-and-Charcuterie-300x225.jpg 300w, https:\/\/www.adrianasbestrecipes.com\/wp-content\/uploads\/2013\/06\/Brazilian-Meats-and-Charcuterie-500x375.jpg 500w, https:\/\/www.adrianasbestrecipes.com\/wp-content\/uploads\/2013\/06\/Brazilian-Meats-and-Charcuterie-560x420.jpg 560w\" sizes=\"(max-width: 1024px) 100vw, 1024px\" \/><figcaption id=\"caption-attachment-1693\" class=\"wp-caption-text\">Carnes y embutidos brasile\u00f1os<\/figcaption><\/figure>\n<p>Para finalizar nuestra visita tuvimos que pasar por el corredor de los postres o \"sobremesa\", como dicen los brasile\u00f1os en portugu\u00e9s. Mi favorito \"quindim\" un flan dulce hecho con yemas de huevo, az\u00facar y coco, absolutamente divino.<\/p>\n<figure id=\"attachment_1695\" aria-describedby=\"caption-attachment-1695\" style=\"width: 604px\" class=\"wp-caption aligncenter\"><img decoding=\"async\" class=\" wp-image-1695 \" src=\"https:\/\/www.adrianasbestrecipes.com\/wp-content\/uploads\/2013\/06\/Dessert-or-Sobremesa.jpg\" alt=\"Postre o Sobremesa\" width=\"1024\" height=\"768\" srcset=\"https:\/\/www.adrianasbestrecipes.com\/wp-content\/uploads\/2013\/06\/Dessert-or-Sobremesa.jpg 1024w, https:\/\/www.adrianasbestrecipes.com\/wp-content\/uploads\/2013\/06\/Dessert-or-Sobremesa-300x225.jpg 300w, https:\/\/www.adrianasbestrecipes.com\/wp-content\/uploads\/2013\/06\/Dessert-or-Sobremesa-500x375.jpg 500w, https:\/\/www.adrianasbestrecipes.com\/wp-content\/uploads\/2013\/06\/Dessert-or-Sobremesa-560x420.jpg 560w\" sizes=\"(max-width: 1024px) 100vw, 1024px\" \/><figcaption id=\"caption-attachment-1695\" class=\"wp-caption-text\">Postre o Sobremesa<\/figcaption><\/figure>\n<p>Este viaje al mercado en Brasil me trajo muchos recuerdos de cuando yo visitaba \"La Merced\" en la Ciudad de M\u00e9xico con mi abuela. As\u00ed como tambi\u00e9n me record\u00f3 la importancia de conocer de d\u00f3nde vienen los productos que comemos y lo rico que saben los alimentos frescos.<\/p>\n<figure id=\"attachment_1696\" aria-describedby=\"caption-attachment-1696\" style=\"width: 604px\" class=\"wp-caption aligncenter\"><img decoding=\"async\" class=\" wp-image-1696 \" src=\"https:\/\/www.adrianasbestrecipes.com\/wp-content\/uploads\/2013\/06\/Fruits-at-Mercadao.jpg\" alt=\"Frutas en el Mercado Municipal\" width=\"1024\" height=\"768\" srcset=\"https:\/\/www.adrianasbestrecipes.com\/wp-content\/uploads\/2013\/06\/Fruits-at-Mercadao.jpg 1024w, https:\/\/www.adrianasbestrecipes.com\/wp-content\/uploads\/2013\/06\/Fruits-at-Mercadao-300x225.jpg 300w, https:\/\/www.adrianasbestrecipes.com\/wp-content\/uploads\/2013\/06\/Fruits-at-Mercadao-500x375.jpg 500w, https:\/\/www.adrianasbestrecipes.com\/wp-content\/uploads\/2013\/06\/Fruits-at-Mercadao-560x420.jpg 560w\" sizes=\"(max-width: 1024px) 100vw, 1024px\" \/><figcaption id=\"caption-attachment-1696\" class=\"wp-caption-text\">Frutas en el Mercado Municipal<\/figcaption><\/figure>\n<p>Espero te haya gustado mi rese\u00f1a y que me acompa\u00f1es en mi pr\u00f3ximo viaje culinario.<\/p>\n","protected":false},"excerpt":{"rendered":"<p>Mi visita al \"Mercado Municipal\" en Sao Paulo, Brasil. Si te gusta la comida y quieres aprender de donde los alimentos que consumes provienen la mejor manera de hacerlo es visitando los mercados. <\/p>\n","protected":false},"author":2,"featured_media":6452,"comment_status":"open","ping_status":"closed","sticky":false,"template":"","format":"standard","meta":{"_seopress_robots_primary_cat":"","_seopress_titles_title":"","_seopress_titles_desc":"Me encanta viajar y descubrir nuevos sabores e ingredientes del lugar que visito y quiero compartir con ustedes mi visita al \"Mercado Municipal\" en Brasil","_seopress_robots_index":"","_uag_custom_page_level_css":"","wprm-recipe-roundup-name":"","wprm-recipe-roundup-description":"","_jetpack_memberships_contains_paid_content":false,"footnotes":""},"categories":[1148,1145],"tags":[],"class_list":["post-1697","post","type-post","status-publish","format-standard","has-post-thumbnail","hentry","category-experiencias-culinarias-viajes","category-viajes-culinarios","generate-columns","tablet-grid-50","mobile-grid-100","grid-parent","grid-50"],"jetpack_featured_media_url":"https:\/\/www.adrianasbestrecipes.com\/wp-content\/uploads\/2013\/06\/Mercadao-Municipal-Sao-Paulo-scaled.jpg","spectra_custom_meta":{"_edit_last":["2"],"_edit_lock":["1463454923:2"],"image":["https:\/\/adrianasbestrecipes.com\/wp-content\/uploads\/2013\/06\/Mercadao-Municipal-Sao-Paulo-AsBestRecipes-1024x689.jpg"],"_image_alignment":["c"],"_alp_processed":["1463455009"],"dsq_thread_id":["1908928917"],"pinType":["movie"],"pinName":[""],"pinDescription":[""],"pinRating":[""],"pinRatingMax":[""],"pinContent":["G"],"pinDate":[""],"numDirectors":["0"],"numActors":["0"],"_yoast_wpseo_focuskw":["brasil"],"_yoast_wpseo_linkdex":["85"],"_yoast_wpseo_metadesc":["Me encanta viajar y descubrir nuevos sabores e ingredientes del lugar que visito y quiero compartir con ustedes mi visita al \"Mercado Municipal\" en Brasil"],"_et_social_shares_facebook":["a:3:{s:12:\"force_update\";b:1;s:6:\"counts\";i:0;s:8:\"last_upd\";s:19:\"2016-08-25 10:07:40\";}"],"_et_social_shares_twitter":["a:3:{s:12:\"force_update\";b:1;s:6:\"counts\";i:0;s:8:\"last_upd\";s:19:\"2016-08-25 10:07:40\";}"],"_et_social_shares_googleplus":["a:3:{s:12:\"force_update\";b:1;s:6:\"counts\";i:0;s:8:\"last_upd\";s:19:\"2016-08-25 10:07:41\";}"],"_et_social_shares_pinterest":["a:3:{s:12:\"force_update\";b:1;s:6:\"counts\";i:0;s:8:\"last_upd\";s:19:\"2016-08-25 10:07:41\";}"],"_et_social_shares_delicious":["a:3:{s:12:\"force_update\";b:1;s:6:\"counts\";i:0;s:8:\"last_upd\";s:19:\"2016-05-27 15:59:06\";}"],"_et_social_shares_digg":["a:3:{s:12:\"force_update\";b:1;s:6:\"counts\";i:0;s:8:\"last_upd\";s:19:\"2016-05-27 15:59:06\";}"],"_thumbnail_id":["6452"],"_et_monarch_override":[""],"_yoast_wpseo_focuskw_text_input":["brasil"],"_yoast_wpseo_primary_category":["1148"],"_et_social_shares_printfriendly":["a:3:{s:12:\"force_update\";b:1;s:6:\"counts\";i:0;s:8:\"last_upd\";s:19:\"2016-08-25 10:07:41\";}"],"_totes":["0"],"bitly_link":["http:\/\/bit.ly\/2Eb5cx7"],"_facebook_shares":["0"],"_pinterest_shares":["0"],"_yummly_shares":["0"],"_twitter_shares":["0"],"_whatsapp_shares":["0"],"_google_plus_shares":["0"],"_total_shares":["0"],"swp_pinterest_image_url":[""],"swp_open_graph_image_data":["false"],"swp_open_graph_image_url":[""],"bitly_link_google_plus":["http:\/\/bit.ly\/2KTk826"],"bitly_link_facebook":["http:\/\/bit.ly\/2OyhBNa"],"bitly_link_twitter":["http:\/\/bit.ly\/2KRETvl"],"bitly_link_whatsapp":["http:\/\/bit.ly\/2OA0c6J"],"bitly_link_yummly":["http:\/\/bit.ly\/2OyhCkc"],"swp_cache_timestamp":["430222"],"dpsp_networks_shares":["a:7:{s:8:\"facebook\";i:0;s:7:\"twitter\";i:0;s:9:\"pinterest\";i:0;s:6:\"yummly\";i:0;s:6:\"reddit\";i:0;s:6:\"buffer\";i:0;s:4:\"grow\";i:1;}"],"dpsp_networks_shares_total":["1"],"dpsp_networks_shares_last_updated":["1643566974"],"dpsp_cache_shares_twitter_2":["0"],"dpsp_short_link_bitly":["a:14:{s:18:\"facebook_short_url\";s:21:\"http:\/\/bit.ly\/2G9UUgU\";s:17:\"twitter_short_url\";s:21:\"http:\/\/bit.ly\/2G9ku5F\";s:18:\"whatsapp_short_url\";s:21:\"http:\/\/bit.ly\/2GbK2zj\";s:16:\"yummly_short_url\";s:21:\"http:\/\/bit.ly\/2GbgcuO\";s:15:\"email_short_url\";s:21:\"http:\/\/bit.ly\/2GbxSpZ\";s:13:\"mix_short_url\";s:21:\"http:\/\/bit.ly\/2Bkxgv7\";s:19:\"flipboard_short_url\";s:21:\"http:\/\/bit.ly\/2BqwBIl\";s:18:\"linkedin_short_url\";s:21:\"http:\/\/bit.ly\/35Kz5zb\";s:16:\"reddit_short_url\";s:21:\"http:\/\/bit.ly\/2MqzZcK\";s:16:\"buffer_short_url\";s:21:\"http:\/\/bit.ly\/35NmMlW\";s:18:\"telegram_short_url\";s:21:\"http:\/\/bit.ly\/2MsEfZl\";s:14:\"grow_short_url\";s:22:\"https:\/\/bit.ly\/3vRZHe9\";s:17:\"threads_short_url\";s:22:\"https:\/\/bit.ly\/3Rxqiu6\";s:18:\"mastodon_short_url\";s:22:\"https:\/\/bit.ly\/3RDxYuI\";}"],"_jetpack_related_posts_cache":["a:1:{s:32:\"8f6677c9d6b0f903e98ad32ec61f8deb\";a:2:{s:7:\"expires\";i:1621643517;s:7:\"payload\";a:3:{i:0;a:1:{s:2:\"id\";i:3549;}i:1;a:1:{s:2:\"id\";i:21484;}i:2;a:1:{s:2:\"id\";i:448;}}}}"],"dpsp_post_previous_urls":["a:1:{i:0;s:73:\"https:\/\/www.adrianasbestrecipes.com\/es\/2013\/06\/21\/viaje-culinario-brasil\/\";}"],"dpsp_networks_shares_previous_urls":["a:5:{s:7:\"twitter\";i:0;s:9:\"pinterest\";i:0;s:6:\"yummly\";i:0;s:6:\"reddit\";i:0;s:6:\"buffer\";i:0;}"],"_tbf_fix_details":["a:5:{s:6:\"fix_id\";s:4:\"5097\";s:19:\"changed_revision_id\";s:4:\"1697\";s:20:\"original_revision_id\";s:4:\"1697\";s:17:\"operation_set_ids\";s:36:\"images_performance_and_seo_optimizer\";s:10:\"operations\";a:1:{i:0;s:11:\"tag_replace\";}}"],"litespeed_vpi_list":["a:3:{i:0;s:37:\"ABRecipes-New-Logo-with-Trademark.jpg\";i:1;s:39:\"Mercadao-Municipal-Sao-Paulo-scaled.jpg\";i:2;s:36:\"Adriana-Martin-TACOS-23-683x1024.jpg\";}"],"_seopress_titles_desc":["Me encanta viajar y descubrir nuevos sabores e ingredientes del lugar que visito y quiero compartir con ustedes mi visita al \"Mercado Municipal\" en Brasil"],"_seopress_analysis_target_kw":["brasil"],"dpsp_networks_shares_json":["{\"facebook\":0,\"twitter\":0,\"pinterest\":0,\"yummly\":0,\"reddit\":0,\"buffer\":0,\"grow\":1}"],"wprm_rating_no_text_comments":["a:0:{}"],"copied_media_ids":["a:0:{}"],"referenced_media_ids":["a:1:{i:0;i:6452;}"],"_uag_page_assets":["a:9:{s:3:\"css\";s:0:\"\";s:2:\"js\";s:0:\"\";s:18:\"current_block_list\";a:0:{}s:8:\"uag_flag\";b:0;s:11:\"uag_version\";s:10:\"1777436089\";s:6:\"gfonts\";a:0:{}s:10:\"gfonts_url\";s:0:\"\";s:12:\"gfonts_files\";a:0:{}s:14:\"uag_faq_layout\";b:0;}"]},"uagb_featured_image_src":{"full":["https:\/\/www.adrianasbestrecipes.com\/wp-content\/uploads\/2013\/06\/Mercadao-Municipal-Sao-Paulo-scaled.jpg",2560,1723,false],"thumbnail":["https:\/\/www.adrianasbestrecipes.com\/wp-content\/uploads\/2013\/06\/Mercadao-Municipal-Sao-Paulo-180x180.jpg",180,180,true],"medium":["https:\/\/www.adrianasbestrecipes.com\/wp-content\/uploads\/2013\/06\/Mercadao-Municipal-Sao-Paulo-300x202.jpg",300,202,true],"medium_large":["https:\/\/www.adrianasbestrecipes.com\/wp-content\/uploads\/2013\/06\/Mercadao-Municipal-Sao-Paulo-scaled.jpg",2560,1723,false],"large":["https:\/\/www.adrianasbestrecipes.com\/wp-content\/uploads\/2013\/06\/Mercadao-Municipal-Sao-Paulo-1024x689.jpg",1024,689,true],"1536x1536":["https:\/\/www.adrianasbestrecipes.com\/wp-content\/uploads\/2013\/06\/Mercadao-Municipal-Sao-Paulo-1536x1034.jpg",1536,1034,true],"2048x2048":["https:\/\/www.adrianasbestrecipes.com\/wp-content\/uploads\/2013\/06\/Mercadao-Municipal-Sao-Paulo-2048x1378.jpg",2048,1378,true],"wprm-metadata-1_1":["https:\/\/www.adrianasbestrecipes.com\/wp-content\/uploads\/2013\/06\/Mercadao-Municipal-Sao-Paulo-500x500.jpg",500,500,true],"wprm-metadata-4_3":["https:\/\/www.adrianasbestrecipes.com\/wp-content\/uploads\/2013\/06\/Mercadao-Municipal-Sao-Paulo-500x375.jpg",500,375,true],"wprm-metadata-16_9":["https:\/\/www.adrianasbestrecipes.com\/wp-content\/uploads\/2013\/06\/Mercadao-Municipal-Sao-Paulo-480x270.jpg",480,270,true],"rpwe-thumbnail":["https:\/\/www.adrianasbestrecipes.com\/wp-content\/uploads\/2013\/06\/Mercadao-Municipal-Sao-Paulo-45x45.jpg",45,45,true],"mailchimp":["https:\/\/www.adrianasbestrecipes.com\/wp-content\/uploads\/2013\/06\/Mercadao-Municipal-Sao-Paulo-560x377.jpg",560,377,true],"web-stories-poster-portrait":["https:\/\/www.adrianasbestrecipes.com\/wp-content\/uploads\/2013\/06\/Mercadao-Municipal-Sao-Paulo-scaled.jpg",640,431,false],"web-stories-publisher-logo":["https:\/\/www.adrianasbestrecipes.com\/wp-content\/uploads\/2013\/06\/Mercadao-Municipal-Sao-Paulo-scaled.jpg",96,65,false],"web-stories-thumbnail":["https:\/\/www.adrianasbestrecipes.com\/wp-content\/uploads\/2013\/06\/Mercadao-Municipal-Sao-Paulo-scaled.jpg",150,101,false]},"uagb_author_info":{"display_name":"Chef Adriana Martin","author_link":"https:\/\/www.adrianasbestrecipes.com\/es\/author\/adriana\/"},"uagb_comment_info":0,"uagb_excerpt":"Mi visita al \"Mercado Municipal\" en Sao Paulo, Brasil. Si te gusta la comida y quieres aprender de donde los alimentos que consumes provienen la mejor manera de hacerlo es visitando los mercados.","jetpack-related-posts":[{"id":1686,"url":"https:\/\/www.adrianasbestrecipes.com\/foodie-trip-brazil\/","url_meta":{"origin":1697,"position":0},"title":"Foodie Trip: Brazil","author":"Chef Adriana Martin","date":"21 de junio de 2013","format":false,"excerpt":"A visit to 'Mercado Municipal\" in Sao Paulo, Brazil. If you love food and want to learn from where the food you eat while you travel comes from the best way to discover is to visit the local farmers market.","rel":"","context":"En \u00abFoodie Travels\u00bb","block_context":{"text":"Foodie Travels","link":"https:\/\/www.adrianasbestrecipes.com\/category\/foodie-travels\/"},"img":{"alt_text":"","src":"https:\/\/i0.wp.com\/www.adrianasbestrecipes.com\/wp-content\/uploads\/2013\/06\/Mercadao-Municipal-Sao-Paulo-AsBestRecipes.jpg?resize=350%2C200&ssl=1","width":350,"height":200,"srcset":"https:\/\/i0.wp.com\/www.adrianasbestrecipes.com\/wp-content\/uploads\/2013\/06\/Mercadao-Municipal-Sao-Paulo-AsBestRecipes.jpg?resize=350%2C200&ssl=1 1x, https:\/\/i0.wp.com\/www.adrianasbestrecipes.com\/wp-content\/uploads\/2013\/06\/Mercadao-Municipal-Sao-Paulo-AsBestRecipes.jpg?resize=525%2C300&ssl=1 1.5x, https:\/\/i0.wp.com\/www.adrianasbestrecipes.com\/wp-content\/uploads\/2013\/06\/Mercadao-Municipal-Sao-Paulo-AsBestRecipes.jpg?resize=700%2C400&ssl=1 2x"},"classes":[]},{"id":3549,"url":"https:\/\/www.adrianasbestrecipes.com\/es\/mis-viajes-culinarios\/","url_meta":{"origin":1697,"position":1},"title":"Mis Viajes Culinarios","author":"Chef Adriana Martin","date":"9 de marzo de 2015","format":false,"excerpt":"Porque viajar y la comida son la pareja perfecta","rel":"","context":"En \u00abViajes\u00bb","block_context":{"text":"Viajes","link":"https:\/\/www.adrianasbestrecipes.com\/es\/category\/experiencias-culinarias-viajes\/"},"img":{"alt_text":"Want to be the Best Western Latino Summer Travel Blogger to share my foodie travels and tips","src":"https:\/\/i0.wp.com\/www.adrianasbestrecipes.com\/wp-content\/uploads\/2015\/03\/Want-to-be-the-Best-Western-Latino-Summer-Travel-Blogger-to-share-my-foodie-travels-and-tips-1.jpg?resize=350%2C200&ssl=1","width":350,"height":200,"srcset":"https:\/\/i0.wp.com\/www.adrianasbestrecipes.com\/wp-content\/uploads\/2015\/03\/Want-to-be-the-Best-Western-Latino-Summer-Travel-Blogger-to-share-my-foodie-travels-and-tips-1.jpg?resize=350%2C200&ssl=1 1x, https:\/\/i0.wp.com\/www.adrianasbestrecipes.com\/wp-content\/uploads\/2015\/03\/Want-to-be-the-Best-Western-Latino-Summer-Travel-Blogger-to-share-my-foodie-travels-and-tips-1.jpg?resize=525%2C300&ssl=1 1.5x"},"classes":[]},{"id":2780,"url":"https:\/\/www.adrianasbestrecipes.com\/es\/visita-a-juniors-new-york-viajesculinarios\/","url_meta":{"origin":1697,"position":2},"title":"Visita a Juniors New York #ViajesCulinarios","author":"Chef Adriana Martin","date":"5 de agosto de 2014","format":false,"excerpt":"El mejor lugar para comer cheesecake estilo Nueva York","rel":"","context":"En \u00abHistorias y Noticias\u00bb","block_context":{"text":"Historias y Noticias","link":"https:\/\/www.adrianasbestrecipes.com\/es\/category\/historias-experiencias-restaurantes-productos\/"},"img":{"alt_text":"Capuccino-Coffee-at-Juniors-New-York","src":"https:\/\/i0.wp.com\/www.adrianasbestrecipes.com\/wp-content\/uploads\/2014\/08\/Capuccino-Coffee-at-Juniors-New-York-1.jpg?resize=350%2C200&ssl=1","width":350,"height":200,"srcset":"https:\/\/i0.wp.com\/www.adrianasbestrecipes.com\/wp-content\/uploads\/2014\/08\/Capuccino-Coffee-at-Juniors-New-York-1.jpg?resize=350%2C200&ssl=1 1x, https:\/\/i0.wp.com\/www.adrianasbestrecipes.com\/wp-content\/uploads\/2014\/08\/Capuccino-Coffee-at-Juniors-New-York-1.jpg?resize=525%2C300&ssl=1 1.5x"},"classes":[]},{"id":8610,"url":"https:\/\/www.adrianasbestrecipes.com\/es\/productos-del-huerto-la-mesa\/","url_meta":{"origin":1697,"position":3},"title":"Productos del Huerto a la Mesa","author":"Chef Adriana Martin","date":"3 de agosto de 2016","format":false,"excerpt":"Viaj\u00e9 a California para aprender acerca de c\u00f3mo la biotecnolog\u00eda tiene un papel muy importante en los productos tra\u00eddos del huerto a la mesa.","rel":"","context":"En \u00abAgricultura\u00bb","block_context":{"text":"Agricultura","link":"https:\/\/www.adrianasbestrecipes.com\/es\/category\/agricultura\/"},"img":{"alt_text":"Chiles Banana Peppers","src":"https:\/\/i0.wp.com\/www.adrianasbestrecipes.com\/wp-content\/uploads\/2016\/08\/Banana-Peppers.jpg?resize=350%2C200&ssl=1","width":350,"height":200,"srcset":"https:\/\/i0.wp.com\/www.adrianasbestrecipes.com\/wp-content\/uploads\/2016\/08\/Banana-Peppers.jpg?resize=350%2C200&ssl=1 1x, https:\/\/i0.wp.com\/www.adrianasbestrecipes.com\/wp-content\/uploads\/2016\/08\/Banana-Peppers.jpg?resize=525%2C300&ssl=1 1.5x, https:\/\/i0.wp.com\/www.adrianasbestrecipes.com\/wp-content\/uploads\/2016\/08\/Banana-Peppers.jpg?resize=700%2C400&ssl=1 2x"},"classes":[]},{"id":8555,"url":"https:\/\/www.adrianasbestrecipes.com\/es\/visitando-capay-valley-ranch\/","url_meta":{"origin":1697,"position":4},"title":"Visitando Capay Valley Ranch","author":"Chef Adriana Martin","date":"31 de julio de 2016","format":false,"excerpt":"Una deliciosa y educativa excursi\u00f3n a Capay Valley Ranch, parte de mi experiencia con la International Food Bloggers Conference en Sacramento, California","rel":"","context":"En \u00abAgricultura\u00bb","block_context":{"text":"Agricultura","link":"https:\/\/www.adrianasbestrecipes.com\/es\/category\/agricultura\/"},"img":{"alt_text":"Capay Valley Ranches un hermoso lugar cercano a Esparto, California","src":"https:\/\/i0.wp.com\/www.adrianasbestrecipes.com\/wp-content\/uploads\/2016\/07\/Capay-Valley-Ranches-a-beautiful-place-few-minutes-from-Esparto-California.jpg?resize=350%2C200&ssl=1","width":350,"height":200,"srcset":"https:\/\/i0.wp.com\/www.adrianasbestrecipes.com\/wp-content\/uploads\/2016\/07\/Capay-Valley-Ranches-a-beautiful-place-few-minutes-from-Esparto-California.jpg?resize=350%2C200&ssl=1 1x, https:\/\/i0.wp.com\/www.adrianasbestrecipes.com\/wp-content\/uploads\/2016\/07\/Capay-Valley-Ranches-a-beautiful-place-few-minutes-from-Esparto-California.jpg?resize=525%2C300&ssl=1 1.5x, https:\/\/i0.wp.com\/www.adrianasbestrecipes.com\/wp-content\/uploads\/2016\/07\/Capay-Valley-Ranches-a-beautiful-place-few-minutes-from-Esparto-California.jpg?resize=700%2C400&ssl=1 2x"},"classes":[]},{"id":21596,"url":"https:\/\/www.adrianasbestrecipes.com\/es\/cosecha-del-trigo-en-kansas\/","url_meta":{"origin":1697,"position":5},"title":"Cosecha del Trigo en Kansas","author":"Chef Adriana Martin","date":"25 de junio de 2018","format":false,"excerpt":"Experimentando la cosecha del trigo y aprendiendo c\u00f3mo \u00e9ste se convierte en pan. Este evento fue patrocinado por Kansas Wheat y Red Star Yeast.","rel":"","context":"En \u00abAgricultura\u00bb","block_context":{"text":"Agricultura","link":"https:\/\/www.adrianasbestrecipes.com\/es\/category\/agricultura\/"},"img":{"alt_text":"La Cosecha del Trigo en Kansas","src":"https:\/\/i0.wp.com\/www.adrianasbestrecipes.com\/wp-content\/uploads\/2018\/06\/Wheat-Harvest-Tour-in-Kansas.jpg?resize=350%2C200&ssl=1","width":350,"height":200,"srcset":"https:\/\/i0.wp.com\/www.adrianasbestrecipes.com\/wp-content\/uploads\/2018\/06\/Wheat-Harvest-Tour-in-Kansas.jpg?resize=350%2C200&ssl=1 1x, https:\/\/i0.wp.com\/www.adrianasbestrecipes.com\/wp-content\/uploads\/2018\/06\/Wheat-Harvest-Tour-in-Kansas.jpg?resize=525%2C300&ssl=1 1.5x, https:\/\/i0.wp.com\/www.adrianasbestrecipes.com\/wp-content\/uploads\/2018\/06\/Wheat-Harvest-Tour-in-Kansas.jpg?resize=700%2C400&ssl=1 2x"},"classes":[]}],"jetpack_sharing_enabled":true,"_links":{"self":[{"href":"https:\/\/www.adrianasbestrecipes.com\/es\/wp-json\/wp\/v2\/posts\/1697","targetHints":{"allow":["GET"]}}],"collection":[{"href":"https:\/\/www.adrianasbestrecipes.com\/es\/wp-json\/wp\/v2\/posts"}],"about":[{"href":"https:\/\/www.adrianasbestrecipes.com\/es\/wp-json\/wp\/v2\/types\/post"}],"author":[{"embeddable":true,"href":"https:\/\/www.adrianasbestrecipes.com\/es\/wp-json\/wp\/v2\/users\/2"}],"replies":[{"embeddable":true,"href":"https:\/\/www.adrianasbestrecipes.com\/es\/wp-json\/wp\/v2\/comments?post=1697"}],"version-history":[{"count":0,"href":"https:\/\/www.adrianasbestrecipes.com\/es\/wp-json\/wp\/v2\/posts\/1697\/revisions"}],"wp:featuredmedia":[{"embeddable":true,"href":"https:\/\/www.adrianasbestrecipes.com\/es\/wp-json\/wp\/v2\/media\/6452"}],"wp:attachment":[{"href":"https:\/\/www.adrianasbestrecipes.com\/es\/wp-json\/wp\/v2\/media?parent=1697"}],"wp:term":[{"taxonomy":"category","embeddable":true,"href":"https:\/\/www.adrianasbestrecipes.com\/es\/wp-json\/wp\/v2\/categories?post=1697"},{"taxonomy":"post_tag","embeddable":true,"href":"https:\/\/www.adrianasbestrecipes.com\/es\/wp-json\/wp\/v2\/tags?post=1697"}],"curies":[{"name":"wp","href":"https:\/\/api.w.org\/{rel}","templated":true}]}}