{"id":1597,"date":"2013-04-29T01:21:11","date_gmt":"2013-04-29T05:21:11","guid":{"rendered":"https:\/\/www.adrianasbestrecipes.com\/?p=1597"},"modified":"2013-04-29T12:55:30","modified_gmt":"2013-04-29T16:55:30","slug":"flan-de-rosas","status":"publish","type":"post","link":"https:\/\/www.adrianasbestrecipes.com\/es\/flan-de-rosas\/","title":{"rendered":"Flan de Rosas"},"content":{"rendered":"<figure id=\"attachment_1603\" aria-describedby=\"caption-attachment-1603\" style=\"width: 604px\" class=\"wp-caption aligncenter\"><img decoding=\"async\" class=\" wp-image-1603 \" alt=\"Flan de Rosas\" src=\"https:\/\/www.adrianasbestrecipes.com\/wp-content\/uploads\/2013\/04\/Rose-Flan-AsBestrecipes.jpg\" width=\"1024\" height=\"768\" srcset=\"https:\/\/www.adrianasbestrecipes.com\/wp-content\/uploads\/2013\/04\/Rose-Flan-AsBestrecipes.jpg 1024w, https:\/\/www.adrianasbestrecipes.com\/wp-content\/uploads\/2013\/04\/Rose-Flan-AsBestrecipes-300x225.jpg 300w, https:\/\/www.adrianasbestrecipes.com\/wp-content\/uploads\/2013\/04\/Rose-Flan-AsBestrecipes-500x375.jpg 500w, https:\/\/www.adrianasbestrecipes.com\/wp-content\/uploads\/2013\/04\/Rose-Flan-AsBestrecipes-560x420.jpg 560w\" sizes=\"(max-width: 1024px) 100vw, 1024px\" \/><figcaption id=\"caption-attachment-1603\" class=\"wp-caption-text\">Flan de Rosas<\/figcaption><\/figure>\n<p>D\u00eda de la Madre se acerca r\u00e1pidamente y quiero recordar a mi madre con este flan muy especial utilizando rosas comestibles org\u00e1nicas. El nombre de mi madre era Rosa Elena y ella amaba las rosas mismas que son la inspiraci\u00f3n para la\u00a0creaci\u00f3n\u00a0de esta receta.<\/p>\n<h2>INGREDIENTES<\/h2>\n<ul>\n<li>1\/2 taza de az\u00facar<\/li>\n<li>1 lata de leche condensada<\/li>\n<li>1 lata de leche evaporada<\/li>\n<li>1\/4 de taza de agua<\/li>\n<li>1 cucharadita de extracto de rosas<\/li>\n<li>4 huevos<\/li>\n<li>2 rosas frescas comestibles<\/li>\n<\/ul>\n<p><span style=\"text-decoration: underline;\" data-mce-mark=\"1\"><strong>Tiempo de preparaci\u00f3n:<\/strong><\/span> 1 hora. Costo aproximado por persona es de USD$3.50 dependiendo del costo de los ingredientes en tu mercado local. Las rosas comestibles las puedes encontrar en tiendas donde venden flores\u00a0org\u00e1nicas.\u00a0Vas a necesitar una licuadora, una flanera y olla de presi\u00f3n.<\/p>\n<p>En una flanera calienta el az\u00facar a fuego lento hasta obtener un caramelo, cubre con este caramelo las paredes de la flanera ladeando el molde, deja que enfr\u00ede. Lic\u00faa la leche condensada, el agua, la leche evaporada, los huevos y el extracto de rosas. Vierte esta preparaci\u00f3n en la flanera previamente cubierta con el caramelo y cuece a ba\u00f1o mar\u00eda en la olla de presi\u00f3n por 30 minutos y deja dentro de la olla 15 minutos, o bien 45 minutos en el horno o la estufa a fuego lento. Cuando est\u00e9 listo refrigera y desmolda, decora con rosas comestibles.<\/p>\n<p>&nbsp;<\/p>\n<p>\u00a1Feliz d\u00eda de las Madres!<\/p>\n","protected":false},"excerpt":{"rendered":"<p>Postre especial para celebrar el d\u00eda de las madres<\/p>\n","protected":false},"author":2,"featured_media":5082,"comment_status":"open","ping_status":"closed","sticky":false,"template":"","format":"standard","meta":{"_seopress_robots_primary_cat":"","_seopress_titles_title":"","_seopress_titles_desc":"","_seopress_robots_index":"","_uag_custom_page_level_css":"","wprm-recipe-roundup-name":"","wprm-recipe-roundup-description":"","_jetpack_memberships_contains_paid_content":false,"footnotes":""},"categories":[70],"tags":[570,334,61,1061,462],"class_list":["post-1597","post","type-post","status-publish","format-standard","has-post-thumbnail","hentry","category-postres","tag-destacado","tag-dia-de-las-madres","tag-espanol","tag-flan-de-rosas","tag-rosas","generate-columns","tablet-grid-50","mobile-grid-100","grid-parent","grid-50"],"jetpack_featured_media_url":"https:\/\/www.adrianasbestrecipes.com\/wp-content\/uploads\/Rose-Flan-AsBestrecipes-1024x768.jpg","spectra_custom_meta":{"_edit_last":["2"],"_edit_lock":["1367256995:2"],"image":["https:\/\/adrianasbestrecipes.com\/wp-content\/uploads\/2013\/04\/Rose-Flan-AsBestrecipes-1024x768.jpg"],"_image_alignment":["c"],"_alp_processed":["1367254530"],"dsq_thread_id":["1923220746"],"_thumbnail_id":["5082"],"_et_social_shares_facebook":["a:3:{s:12:\"force_update\";b:1;s:6:\"counts\";i:2;s:8:\"last_upd\";s:19:\"2016-08-25 06:25:40\";}"],"_et_social_shares_twitter":["a:3:{s:12:\"force_update\";b:1;s:6:\"counts\";i:0;s:8:\"last_upd\";s:19:\"2016-08-25 06:25:40\";}"],"_et_social_shares_googleplus":["a:3:{s:12:\"force_update\";b:1;s:6:\"counts\";i:0;s:8:\"last_upd\";s:19:\"2016-08-25 06:25:41\";}"],"_et_social_shares_pinterest":["a:3:{s:12:\"force_update\";b:0;s:6:\"counts\";i:1;s:8:\"last_upd\";s:19:\"2016-08-25 06:25:38\";}"],"_et_social_shares_delicious":["a:3:{s:12:\"force_update\";b:1;s:6:\"counts\";i:0;s:8:\"last_upd\";s:19:\"2016-05-26 01:15:28\";}"],"_et_social_shares_digg":["a:3:{s:12:\"force_update\";b:1;s:6:\"counts\";i:0;s:8:\"last_upd\";s:19:\"2016-05-26 01:15:28\";}"],"_et_social_shares_printfriendly":["a:3:{s:12:\"force_update\";b:1;s:6:\"counts\";i:0;s:8:\"last_upd\";s:19:\"2016-08-25 06:25:41\";}"],"bitly_link":["http:\/\/bit.ly\/2E6QJlI"],"_facebook_shares":["2"],"_twitter_shares":["0"],"_pinterest_shares":["1"],"_yummly_shares":["0"],"_whatsapp_shares":["0"],"_google_plus_shares":["0"],"_total_shares":["3"],"swp_pinterest_image_url":[""],"bitly_link_google_plus":["http:\/\/bit.ly\/2Oz8njX"],"bitly_link_facebook":["http:\/\/bit.ly\/2KQgFlc"],"bitly_link_twitter":["http:\/\/bit.ly\/2Oz6uU6"],"bitly_link_whatsapp":["http:\/\/bit.ly\/2Oyj31U"],"bitly_link_yummly":["http:\/\/bit.ly\/2KQgxCe"],"swp_cache_timestamp":["428581"],"_wpml_media_duplicate":["0"],"_wpml_media_featured":["0"],"dpsp_networks_shares":["a:7:{s:8:\"facebook\";i:2;s:9:\"pinterest\";i:1;s:7:\"twitter\";i:0;s:6:\"yummly\";i:0;s:6:\"reddit\";i:0;s:6:\"buffer\";i:0;s:4:\"grow\";i:1;}"],"dpsp_networks_shares_total":["4"],"dpsp_networks_shares_last_updated":["1642826884"],"dpsp_cache_shares_twitter_2":["0"],"dpsp_short_link_bitly":["a:14:{s:18:\"facebook_short_url\";s:21:\"http:\/\/bit.ly\/2uwGCR1\";s:17:\"twitter_short_url\";s:21:\"http:\/\/bit.ly\/2uwGDEz\";s:18:\"whatsapp_short_url\";s:21:\"http:\/\/bit.ly\/2uyQKbI\";s:16:\"yummly_short_url\";s:21:\"http:\/\/bit.ly\/2uAjOzH\";s:15:\"email_short_url\";s:21:\"http:\/\/bit.ly\/2uwGFwb\";s:13:\"mix_short_url\";s:21:\"http:\/\/bit.ly\/31ioDvn\";s:19:\"flipboard_short_url\";s:21:\"http:\/\/bit.ly\/31j5GZz\";s:18:\"linkedin_short_url\";s:21:\"http:\/\/bit.ly\/2qlPHNF\";s:16:\"reddit_short_url\";s:21:\"http:\/\/bit.ly\/2oEXQfO\";s:16:\"buffer_short_url\";s:21:\"http:\/\/bit.ly\/33z08eU\";s:18:\"telegram_short_url\";s:21:\"http:\/\/bit.ly\/2Ble0xi\";s:14:\"grow_short_url\";s:22:\"https:\/\/bit.ly\/2RsLyVQ\";s:17:\"threads_short_url\";s:22:\"https:\/\/bit.ly\/45wobwh\";s:18:\"mastodon_short_url\";s:22:\"https:\/\/bit.ly\/3zbnuwp\";}"],"_jetpack_related_posts_cache":["a:1:{s:32:\"37550b67d263a3ce789993dc25046c5f\";a:2:{s:7:\"expires\";i:1622292938;s:7:\"payload\";a:6:{i:0;a:1:{s:2:\"id\";i:474;}i:1;a:1:{s:2:\"id\";i:13864;}i:2;a:1:{s:2:\"id\";i:28359;}i:3;a:1:{s:2:\"id\";i:25606;}i:4;a:1:{s:2:\"id\";i:1516;}i:5;a:1:{s:2:\"id\";i:2696;}}}}"],"dpsp_post_previous_urls":["a:1:{i:0;s:64:\"https:\/\/www.adrianasbestrecipes.com\/es\/2013\/04\/29\/flan-de-rosas\/\";}"],"dpsp_networks_shares_previous_urls":["a:5:{s:8:\"facebook\";i:2;s:7:\"twitter\";i:0;s:9:\"pinterest\";i:1;s:6:\"yummly\";i:0;s:6:\"reddit\";i:0;}"],"_tbf_fix_details":["a:5:{s:6:\"fix_id\";s:4:\"5097\";s:19:\"changed_revision_id\";s:4:\"1597\";s:20:\"original_revision_id\";s:4:\"1597\";s:17:\"operation_set_ids\";s:36:\"images_performance_and_seo_optimizer\";s:10:\"operations\";a:1:{i:0;s:11:\"tag_replace\";}}"],"litespeed_vpi_list":["a:3:{i:0;s:37:\"ABRecipes-New-Logo-with-Trademark.jpg\";i:1;s:36:\"Rose-Flan-AsBestrecipes-1024x768.jpg\";i:2;s:36:\"Adriana-Martin-TACOS-23-683x1024.jpg\";}"],"dpsp_networks_shares_json":["{\"facebook\":2,\"pinterest\":1,\"twitter\":0,\"yummly\":0,\"reddit\":0,\"buffer\":0,\"grow\":1}"],"wprm_rating_no_text_comments":["a:0:{}"],"copied_media_ids":["a:0:{}"],"referenced_media_ids":["a:1:{i:0;i:5082;}"],"_uag_page_assets":["a:9:{s:3:\"css\";s:0:\"\";s:2:\"js\";s:0:\"\";s:18:\"current_block_list\";a:0:{}s:8:\"uag_flag\";b:0;s:11:\"uag_version\";s:10:\"1777548090\";s:6:\"gfonts\";a:0:{}s:10:\"gfonts_url\";s:0:\"\";s:12:\"gfonts_files\";a:0:{}s:14:\"uag_faq_layout\";b:0;}"]},"uagb_featured_image_src":{"full":["https:\/\/www.adrianasbestrecipes.com\/wp-content\/uploads\/Rose-Flan-AsBestrecipes-1024x768.jpg",0,0,false],"thumbnail":["https:\/\/www.adrianasbestrecipes.com\/wp-content\/uploads\/Rose-Flan-AsBestrecipes-1024x768.jpg",1,1,false],"medium":["https:\/\/www.adrianasbestrecipes.com\/wp-content\/uploads\/Rose-Flan-AsBestrecipes-1024x768.jpg",1,1,false],"medium_large":["https:\/\/www.adrianasbestrecipes.com\/wp-content\/uploads\/Rose-Flan-AsBestrecipes-1024x768.jpg",0,0,false],"large":["https:\/\/www.adrianasbestrecipes.com\/wp-content\/uploads\/Rose-Flan-AsBestrecipes-1024x768.jpg",1,1,false],"1536x1536":["https:\/\/www.adrianasbestrecipes.com\/wp-content\/uploads\/Rose-Flan-AsBestrecipes-1024x768.jpg",1,1,false],"2048x2048":["https:\/\/www.adrianasbestrecipes.com\/wp-content\/uploads\/Rose-Flan-AsBestrecipes-1024x768.jpg",1,1,false],"wprm-metadata-1_1":["https:\/\/www.adrianasbestrecipes.com\/wp-content\/uploads\/Rose-Flan-AsBestrecipes-1024x768.jpg",1,1,false],"wprm-metadata-4_3":["https:\/\/www.adrianasbestrecipes.com\/wp-content\/uploads\/Rose-Flan-AsBestrecipes-1024x768.jpg",1,1,false],"wprm-metadata-16_9":["https:\/\/www.adrianasbestrecipes.com\/wp-content\/uploads\/Rose-Flan-AsBestrecipes-1024x768.jpg",1,1,false],"rpwe-thumbnail":["https:\/\/www.adrianasbestrecipes.com\/wp-content\/uploads\/Rose-Flan-AsBestrecipes-1024x768.jpg",1,1,false],"mailchimp":["https:\/\/www.adrianasbestrecipes.com\/wp-content\/uploads\/Rose-Flan-AsBestrecipes-1024x768.jpg",1,1,false],"web-stories-poster-portrait":["https:\/\/www.adrianasbestrecipes.com\/wp-content\/uploads\/Rose-Flan-AsBestrecipes-1024x768.jpg",1,1,false],"web-stories-publisher-logo":["https:\/\/www.adrianasbestrecipes.com\/wp-content\/uploads\/Rose-Flan-AsBestrecipes-1024x768.jpg",1,1,false],"web-stories-thumbnail":["https:\/\/www.adrianasbestrecipes.com\/wp-content\/uploads\/Rose-Flan-AsBestrecipes-1024x768.jpg",1,1,false]},"uagb_author_info":{"display_name":"Chef Adriana Martin","author_link":"https:\/\/www.adrianasbestrecipes.com\/es\/author\/adriana\/"},"uagb_comment_info":0,"uagb_excerpt":"Postre especial para celebrar el d\u00eda de las madres","jetpack-related-posts":[{"id":474,"url":"https:\/\/www.adrianasbestrecipes.com\/es\/flan-con-flor-de-lavanda-y-durazno-2\/","url_meta":{"origin":1597,"position":0},"title":"Flan con Flor de Lavanda y Durazno","author":"Chef Adriana Martin","date":"2 de mayo de 2012","format":false,"excerpt":"Fragancias y sabores que evocan recuerdos de familia y de aquellas mujeres importantes en nuestras vidas: \u00a1Feliz d\u00eda de las madres hoy y todos los d\u00edas!","rel":"","context":"En \u00abHistorias y Noticias\u00bb","block_context":{"text":"Historias y Noticias","link":"https:\/\/www.adrianasbestrecipes.com\/es\/category\/historias-experiencias-restaurantes-productos\/"},"img":{"alt_text":"Flan and Glade Lavender Peach Blossom","src":"https:\/\/i0.wp.com\/www.adrianasbestrecipes.com\/wp-content\/uploads\/2012\/05\/Flan-and-Glade.jpg?resize=350%2C200&ssl=1","width":350,"height":200,"srcset":"https:\/\/i0.wp.com\/www.adrianasbestrecipes.com\/wp-content\/uploads\/2012\/05\/Flan-and-Glade.jpg?resize=350%2C200&ssl=1 1x, https:\/\/i0.wp.com\/www.adrianasbestrecipes.com\/wp-content\/uploads\/2012\/05\/Flan-and-Glade.jpg?resize=525%2C300&ssl=1 1.5x"},"classes":[]},{"id":28359,"url":"https:\/\/www.adrianasbestrecipes.com\/es\/te-de-rosas-con-leche-de-coco\/","url_meta":{"origin":1597,"position":1},"title":"T\u00e9 de Rosas con Leche de Coco","author":"Chef Adriana Martin","date":"11 de mayo de 2019","format":false,"excerpt":"Estamos compartiendo una receta para el t\u00e9 de rosas con miel, leche de coco y p\u00e9talos de rosa. Una deliciosa bebida que ayuda a controlar el estr\u00e9s.","rel":"","context":"En \u00abBebidas y Cocteles\u00bb","block_context":{"text":"Bebidas y Cocteles","link":"https:\/\/www.adrianasbestrecipes.com\/es\/category\/beverages-es\/"},"img":{"alt_text":"Celebrando el D\u00eda de la Madre con un t\u00e9 de rosas con leche hecho con p\u00e9talos de rosa, miel y leche de coco.","src":"https:\/\/i0.wp.com\/www.adrianasbestrecipes.com\/wp-content\/uploads\/2019\/05\/Celebrating-Mothers-Day-with-a-Rose-Tea-Latte.jpg?resize=350%2C200&ssl=1","width":350,"height":200,"srcset":"https:\/\/i0.wp.com\/www.adrianasbestrecipes.com\/wp-content\/uploads\/2019\/05\/Celebrating-Mothers-Day-with-a-Rose-Tea-Latte.jpg?resize=350%2C200&ssl=1 1x, https:\/\/i0.wp.com\/www.adrianasbestrecipes.com\/wp-content\/uploads\/2019\/05\/Celebrating-Mothers-Day-with-a-Rose-Tea-Latte.jpg?resize=525%2C300&ssl=1 1.5x, https:\/\/i0.wp.com\/www.adrianasbestrecipes.com\/wp-content\/uploads\/2019\/05\/Celebrating-Mothers-Day-with-a-Rose-Tea-Latte.jpg?resize=700%2C400&ssl=1 2x"},"classes":[]},{"id":784,"url":"https:\/\/www.adrianasbestrecipes.com\/es\/cocinando-con-flores\/","url_meta":{"origin":1597,"position":2},"title":"Cocinando con Flores","author":"Chef Adriana Martin","date":"1 de marzo de 2013","format":false,"excerpt":"Trae el jard\u00edn a tu cocina, come lindo y sabroso","rel":"","context":"En \u00abBebidas y Cocteles\u00bb","block_context":{"text":"Bebidas y Cocteles","link":"https:\/\/www.adrianasbestrecipes.com\/es\/category\/beverages-es\/"},"img":{"alt_text":"","src":"https:\/\/i0.wp.com\/www.adrianasbestrecipes.com\/wp-content\/uploads\/2012\/08\/IMAG7081.jpg?resize=350%2C200&ssl=1","width":350,"height":200,"srcset":"https:\/\/i0.wp.com\/www.adrianasbestrecipes.com\/wp-content\/uploads\/2012\/08\/IMAG7081.jpg?resize=350%2C200&ssl=1 1x, https:\/\/i0.wp.com\/www.adrianasbestrecipes.com\/wp-content\/uploads\/2012\/08\/IMAG7081.jpg?resize=525%2C300&ssl=1 1.5x, https:\/\/i0.wp.com\/www.adrianasbestrecipes.com\/wp-content\/uploads\/2012\/08\/IMAG7081.jpg?resize=700%2C400&ssl=1 2x"},"classes":[]},{"id":25606,"url":"https:\/\/www.adrianasbestrecipes.com\/es\/pastel-imposible-de-vainilla\/","url_meta":{"origin":1597,"position":3},"title":"Pastel Imposible de Vainilla","author":"Chef Adriana Martin","date":"4 de diciembre de 2018","format":false,"excerpt":"\u00a1Disfruta de un Pastel Imposible de Vainilla para las fiestas mientras creas recuerdos inolvidables con la familia!","rel":"","context":"En \u00abPostres y Panader\u00eda\u00bb","block_context":{"text":"Postres y Panader\u00eda","link":"https:\/\/www.adrianasbestrecipes.com\/es\/category\/postres\/"},"img":{"alt_text":"Receta para el Pastel Imposible de Vainilla con Salsa de Arandanos y Fresas","src":"https:\/\/i0.wp.com\/www.adrianasbestrecipes.com\/wp-content\/uploads\/2018\/11\/Recipe-for-the-Vanilla-Flan-Cake-with-Berry-Sauce.jpg?resize=350%2C200&ssl=1","width":350,"height":200,"srcset":"https:\/\/i0.wp.com\/www.adrianasbestrecipes.com\/wp-content\/uploads\/2018\/11\/Recipe-for-the-Vanilla-Flan-Cake-with-Berry-Sauce.jpg?resize=350%2C200&ssl=1 1x, https:\/\/i0.wp.com\/www.adrianasbestrecipes.com\/wp-content\/uploads\/2018\/11\/Recipe-for-the-Vanilla-Flan-Cake-with-Berry-Sauce.jpg?resize=525%2C300&ssl=1 1.5x, https:\/\/i0.wp.com\/www.adrianasbestrecipes.com\/wp-content\/uploads\/2018\/11\/Recipe-for-the-Vanilla-Flan-Cake-with-Berry-Sauce.jpg?resize=700%2C400&ssl=1 2x"},"classes":[]},{"id":3790,"url":"https:\/\/www.adrianasbestrecipes.com\/es\/flan-de-mamey\/","url_meta":{"origin":1597,"position":4},"title":"Flan de Mamey","author":"Chef Adriana Martin","date":"9 de mayo de 2015","format":false,"excerpt":"Flan de Mamey para crear dulces recuerdos","rel":"","context":"En \u00abPostres y Panader\u00eda\u00bb","block_context":{"text":"Postres y Panader\u00eda","link":"https:\/\/www.adrianasbestrecipes.com\/es\/category\/postres\/"},"img":{"alt_text":"Mamey Flan recipe","src":"https:\/\/i0.wp.com\/www.adrianasbestrecipes.com\/wp-content\/uploads\/2015\/05\/Mamey-Flan-recipe-1.jpg?resize=350%2C200&ssl=1","width":350,"height":200,"srcset":"https:\/\/i0.wp.com\/www.adrianasbestrecipes.com\/wp-content\/uploads\/2015\/05\/Mamey-Flan-recipe-1.jpg?resize=350%2C200&ssl=1 1x, https:\/\/i0.wp.com\/www.adrianasbestrecipes.com\/wp-content\/uploads\/2015\/05\/Mamey-Flan-recipe-1.jpg?resize=525%2C300&ssl=1 1.5x"},"classes":[]},{"id":26656,"url":"https:\/\/www.adrianasbestrecipes.com\/es\/gelatina-de-fresas-con-crema\/","url_meta":{"origin":1597,"position":5},"title":"Gelatina de Fresas con Crema","author":"Chef Adriana Martin","date":"9 de febrero de 2019","format":false,"excerpt":"Prepara el postre de gelatina de fresas con crema para el del d\u00eda de San Valent\u00edn. Es una receta cl\u00e1sica que utiliza leche condensada y fresas.","rel":"","context":"En \u00abPostres y Panader\u00eda\u00bb","block_context":{"text":"Postres y Panader\u00eda","link":"https:\/\/www.adrianasbestrecipes.com\/es\/category\/postres\/"},"img":{"alt_text":"Gelatina de Fresas con Crema","src":"https:\/\/i0.wp.com\/www.adrianasbestrecipes.com\/wp-content\/uploads\/2019\/02\/Strawberries-N-Cream-Jello-Dessert.jpg?resize=350%2C200&ssl=1","width":350,"height":200,"srcset":"https:\/\/i0.wp.com\/www.adrianasbestrecipes.com\/wp-content\/uploads\/2019\/02\/Strawberries-N-Cream-Jello-Dessert.jpg?resize=350%2C200&ssl=1 1x, https:\/\/i0.wp.com\/www.adrianasbestrecipes.com\/wp-content\/uploads\/2019\/02\/Strawberries-N-Cream-Jello-Dessert.jpg?resize=525%2C300&ssl=1 1.5x, https:\/\/i0.wp.com\/www.adrianasbestrecipes.com\/wp-content\/uploads\/2019\/02\/Strawberries-N-Cream-Jello-Dessert.jpg?resize=700%2C400&ssl=1 2x"},"classes":[]}],"jetpack_sharing_enabled":true,"_links":{"self":[{"href":"https:\/\/www.adrianasbestrecipes.com\/es\/wp-json\/wp\/v2\/posts\/1597","targetHints":{"allow":["GET"]}}],"collection":[{"href":"https:\/\/www.adrianasbestrecipes.com\/es\/wp-json\/wp\/v2\/posts"}],"about":[{"href":"https:\/\/www.adrianasbestrecipes.com\/es\/wp-json\/wp\/v2\/types\/post"}],"author":[{"embeddable":true,"href":"https:\/\/www.adrianasbestrecipes.com\/es\/wp-json\/wp\/v2\/users\/2"}],"replies":[{"embeddable":true,"href":"https:\/\/www.adrianasbestrecipes.com\/es\/wp-json\/wp\/v2\/comments?post=1597"}],"version-history":[{"count":0,"href":"https:\/\/www.adrianasbestrecipes.com\/es\/wp-json\/wp\/v2\/posts\/1597\/revisions"}],"wp:featuredmedia":[{"embeddable":true,"href":"https:\/\/www.adrianasbestrecipes.com\/es\/wp-json\/wp\/v2\/media\/5082"}],"wp:attachment":[{"href":"https:\/\/www.adrianasbestrecipes.com\/es\/wp-json\/wp\/v2\/media?parent=1597"}],"wp:term":[{"taxonomy":"category","embeddable":true,"href":"https:\/\/www.adrianasbestrecipes.com\/es\/wp-json\/wp\/v2\/categories?post=1597"},{"taxonomy":"post_tag","embeddable":true,"href":"https:\/\/www.adrianasbestrecipes.com\/es\/wp-json\/wp\/v2\/tags?post=1597"}],"curies":[{"name":"wp","href":"https:\/\/api.w.org\/{rel}","templated":true}]}}