{"id":15690,"date":"2017-08-16T00:50:45","date_gmt":"2017-08-16T04:50:45","guid":{"rendered":"https:\/\/www.adrianasbestrecipes.com\/?p=15690\/"},"modified":"2017-09-07T00:50:26","modified_gmt":"2017-09-07T04:50:26","slug":"desayuno-en-paris-oui-si","status":"publish","type":"post","link":"https:\/\/www.adrianasbestrecipes.com\/es\/desayuno-en-paris-oui-si\/","title":{"rendered":"Desayuno en Paris, Oui, Si!"},"content":{"rendered":"<figure id=\"attachment_15702\" aria-describedby=\"caption-attachment-15702\" style=\"width: 740px\" class=\"wp-caption aligncenter\"><img decoding=\"async\" class=\"wp-image-15702 size-full\" title=\"Desayuno en Paris, Oui, Si!\" src=\"https:\/\/www.adrianasbestrecipes.com\/wp-content\/uploads\/2017\/08\/Bonjour-Time-for-Breakfast-in-Paris.jpg\" alt=\"Desayuno en Paris, Oui, Si!\" width=\"750\" height=\"563\" srcset=\"https:\/\/www.adrianasbestrecipes.com\/wp-content\/uploads\/2017\/08\/Bonjour-Time-for-Breakfast-in-Paris.jpg 750w, https:\/\/www.adrianasbestrecipes.com\/wp-content\/uploads\/2017\/08\/Bonjour-Time-for-Breakfast-in-Paris-300x225.jpg 300w, https:\/\/www.adrianasbestrecipes.com\/wp-content\/uploads\/2017\/08\/Bonjour-Time-for-Breakfast-in-Paris-500x375.jpg 500w, https:\/\/www.adrianasbestrecipes.com\/wp-content\/uploads\/2017\/08\/Bonjour-Time-for-Breakfast-in-Paris-560x420.jpg 560w, https:\/\/www.adrianasbestrecipes.com\/wp-content\/uploads\/2017\/08\/Bonjour-Time-for-Breakfast-in-Paris-150x113.jpg 150w, https:\/\/www.adrianasbestrecipes.com\/wp-content\/uploads\/2017\/08\/Bonjour-Time-for-Breakfast-in-Paris-600x450.jpg 600w\" sizes=\"(max-width: 750px) 100vw, 750px\" \/><figcaption id=\"caption-attachment-15702\" class=\"wp-caption-text\">Desayuno en Paris, Oui, Si!<\/figcaption><\/figure>\n<p>Bonjour amigos hoy queremos un desayuno en Paris sin salir de casa y saborear un yogurt estilo <a href=\"https:\/\/www.adrianasbestrecipes.com\/es\/desayuno-frances\/\" rel=\"noopener\">franc\u00e9s<\/a> inspirado en la receta tradicional francesa. En mi mas reciente visita a Walmart me encontr\u00e9 con un nuevo producto: <a href=\"http:\/\/www.ouibyyoplait.com\/\" target=\"_blank\" rel=\"nofollow noopener\"><em>Oui by Yoplait<\/em><\/a>.<\/p>\n<figure id=\"attachment_15703\" aria-describedby=\"caption-attachment-15703\" style=\"width: 740px\" class=\"wp-caption aligncenter\"><img decoding=\"async\" class=\"wp-image-15703 size-full\" title=\"Chef Adriana Martin de compras en Walmart\" src=\"https:\/\/www.adrianasbestrecipes.com\/wp-content\/uploads\/2017\/08\/Chef-Adriana-Martin-de-compras-en-Walmart-.jpg\" alt=\"Chef Adriana Martin de compras en Walmart\" width=\"750\" height=\"1100\" srcset=\"https:\/\/www.adrianasbestrecipes.com\/wp-content\/uploads\/2017\/08\/Chef-Adriana-Martin-de-compras-en-Walmart-.jpg 750w, https:\/\/www.adrianasbestrecipes.com\/wp-content\/uploads\/2017\/08\/Chef-Adriana-Martin-de-compras-en-Walmart--205x300.jpg 205w, https:\/\/www.adrianasbestrecipes.com\/wp-content\/uploads\/2017\/08\/Chef-Adriana-Martin-de-compras-en-Walmart--698x1024.jpg 698w, https:\/\/www.adrianasbestrecipes.com\/wp-content\/uploads\/2017\/08\/Chef-Adriana-Martin-de-compras-en-Walmart--150x220.jpg 150w, https:\/\/www.adrianasbestrecipes.com\/wp-content\/uploads\/2017\/08\/Chef-Adriana-Martin-de-compras-en-Walmart--600x880.jpg 600w, https:\/\/www.adrianasbestrecipes.com\/wp-content\/uploads\/2017\/08\/Chef-Adriana-Martin-de-compras-en-Walmart--560x821.jpg 560w\" sizes=\"(max-width: 750px) 100vw, 750px\" \/><figcaption id=\"caption-attachment-15703\" class=\"wp-caption-text\">Chef Adriana Martin de compras en Walmart<\/figcaption><\/figure>\n<p>Un yogurt estilo franc\u00e9s de sabor \u00fanico. Con consistencia espesa y textura cremosa. Y con sabor delicado de frutas como <a href=\"https:\/\/www.adrianasbestrecipes.com\/es\/fresas-con-crema\/\" rel=\"noopener\">fresa<\/a>, <a href=\"https:\/\/www.adrianasbestrecipes.com\/es\/pay-de-durazno\/\" rel=\"noopener\">durazno<\/a>, <a href=\"https:\/\/www.adrianasbestrecipes.com\/es\/volovanes-de-vainilla-con-moras\/\" rel=\"noopener\">moras<\/a> azules, <a href=\"https:\/\/www.adrianasbestrecipes.com\/es\/arroz-con-limon-y-cilantro\/\" rel=\"noopener\">lim\u00f3n<\/a> y <a href=\"https:\/\/www.adrianasbestrecipes.com\/es\/postre-de-cerezas-negras-clafoutis\/\" rel=\"noopener\">cerezas<\/a> negras. Adem\u00e1s de otras exquisitas variedades de sabor como coco, vainilla y yogur natural.<\/p>\n<figure id=\"attachment_15704\" aria-describedby=\"caption-attachment-15704\" style=\"width: 740px\" class=\"wp-caption aligncenter\"><img decoding=\"async\" class=\"wp-image-15704 size-full\" title=\"Los sabores son de fruta natural\" src=\"https:\/\/www.adrianasbestrecipes.com\/wp-content\/uploads\/2017\/08\/Fruit-flavors-feature-real-fruit-on-the-bottom.jpg\" alt=\"Los sabores son de fruta natural\" width=\"750\" height=\"563\" srcset=\"https:\/\/www.adrianasbestrecipes.com\/wp-content\/uploads\/2017\/08\/Fruit-flavors-feature-real-fruit-on-the-bottom.jpg 750w, https:\/\/www.adrianasbestrecipes.com\/wp-content\/uploads\/2017\/08\/Fruit-flavors-feature-real-fruit-on-the-bottom-300x225.jpg 300w, https:\/\/www.adrianasbestrecipes.com\/wp-content\/uploads\/2017\/08\/Fruit-flavors-feature-real-fruit-on-the-bottom-150x113.jpg 150w, https:\/\/www.adrianasbestrecipes.com\/wp-content\/uploads\/2017\/08\/Fruit-flavors-feature-real-fruit-on-the-bottom-600x450.jpg 600w, https:\/\/www.adrianasbestrecipes.com\/wp-content\/uploads\/2017\/08\/Fruit-flavors-feature-real-fruit-on-the-bottom-560x420.jpg 560w\" sizes=\"(max-width: 750px) 100vw, 750px\" \/><figcaption id=\"caption-attachment-15704\" class=\"wp-caption-text\">Los sabores son de fruta natural<\/figcaption><\/figure>\n<p>Definitivamente este yogur <em>Oui by Yoplait<\/em> es una excelente adici\u00f3n para nuestro men\u00fa ya que es una deliciosa experiencia de sabor en cada cucharada. Un yogur perfecto para un desayuno en Paris pero sin salir de casa. \"Oui\" quiere decir \"si\" en franc\u00e9s.<\/p>\n<figure id=\"attachment_15705\" aria-describedby=\"caption-attachment-15705\" style=\"width: 740px\" class=\"wp-caption aligncenter\"><a href=\"https:\/\/www.ouibyyoplait.com\/\" target=\"_blank\" rel=\"nofollow noopener\"><img decoding=\"async\" class=\"wp-image-15705 size-full\" title=\"Oui by Yoplait un yogurt estilo franc\u00e9s\" src=\"https:\/\/www.adrianasbestrecipes.com\/wp-content\/uploads\/2017\/08\/Oui-by-Yoplait-a-unique-French-style-yogurt.jpg\" alt=\"Oui by Yoplait un yogurt estilo franc\u00e9s\" width=\"750\" height=\"563\" srcset=\"https:\/\/www.adrianasbestrecipes.com\/wp-content\/uploads\/2017\/08\/Oui-by-Yoplait-a-unique-French-style-yogurt.jpg 750w, https:\/\/www.adrianasbestrecipes.com\/wp-content\/uploads\/2017\/08\/Oui-by-Yoplait-a-unique-French-style-yogurt-300x225.jpg 300w, https:\/\/www.adrianasbestrecipes.com\/wp-content\/uploads\/2017\/08\/Oui-by-Yoplait-a-unique-French-style-yogurt-150x113.jpg 150w, https:\/\/www.adrianasbestrecipes.com\/wp-content\/uploads\/2017\/08\/Oui-by-Yoplait-a-unique-French-style-yogurt-600x450.jpg 600w, https:\/\/www.adrianasbestrecipes.com\/wp-content\/uploads\/2017\/08\/Oui-by-Yoplait-a-unique-French-style-yogurt-560x420.jpg 560w\" sizes=\"(max-width: 750px) 100vw, 750px\" \/><\/a><figcaption id=\"caption-attachment-15705\" class=\"wp-caption-text\">Oui by Yoplait un yogurt estilo franc\u00e9s<\/figcaption><\/figure>\n<p>Me encanta\u00a0<em>Oui by Yoplait<\/em>\u00a0porque est\u00e1 hecho con leche entera y cultivos, no contiene colores ni sabores artificiales, solo fruta natural. El yogurt <em>Oui by Yoplait<\/em> lo hacen directo en el vasito de vidrio en donde viene empacado. T\u00e9cnica que logra una textura \u00fanica.<\/p>\n<figure id=\"attachment_15710\" aria-describedby=\"caption-attachment-15710\" style=\"width: 740px\" class=\"wp-caption aligncenter\"><img decoding=\"async\" class=\"wp-image-15710 size-full\" title=\"Me encant\u00f3 Oui by Yoplait de fresa\" src=\"https:\/\/www.adrianasbestrecipes.com\/wp-content\/uploads\/2017\/08\/Truly-enjoyed-Oui-by-Yoplait-strawberry.jpg\" alt=\"Me encant\u00f3 Oui by Yoplait de fresa\" width=\"750\" height=\"563\" srcset=\"https:\/\/www.adrianasbestrecipes.com\/wp-content\/uploads\/2017\/08\/Truly-enjoyed-Oui-by-Yoplait-strawberry.jpg 750w, https:\/\/www.adrianasbestrecipes.com\/wp-content\/uploads\/2017\/08\/Truly-enjoyed-Oui-by-Yoplait-strawberry-300x225.jpg 300w, https:\/\/www.adrianasbestrecipes.com\/wp-content\/uploads\/2017\/08\/Truly-enjoyed-Oui-by-Yoplait-strawberry-150x113.jpg 150w, https:\/\/www.adrianasbestrecipes.com\/wp-content\/uploads\/2017\/08\/Truly-enjoyed-Oui-by-Yoplait-strawberry-600x450.jpg 600w, https:\/\/www.adrianasbestrecipes.com\/wp-content\/uploads\/2017\/08\/Truly-enjoyed-Oui-by-Yoplait-strawberry-560x420.jpg 560w\" sizes=\"(max-width: 750px) 100vw, 750px\" \/><figcaption id=\"caption-attachment-15710\" class=\"wp-caption-text\">Me encant\u00f3 Oui by Yoplait de fresa<\/figcaption><\/figure>\n<p>No hay nada mas exquisito que tomarse un momento a solas para disfrutar de un rico desayuno antes de comenzar las actividades diarias. Por eso yo le digo <em>oui<\/em> a un desayuno en Paris. Con yogur estilo franc\u00e9s, tostadas <em>bonjour de pan brioche<\/em>, <em>caf\u00e9 au lait<\/em>\u00a0y ricas fresas de temporada.<\/p>\n<figure id=\"attachment_15708\" aria-describedby=\"caption-attachment-15708\" style=\"width: 740px\" class=\"wp-caption aligncenter\"><img decoding=\"async\" class=\"wp-image-15708 size-full\" title=\"Escuchando la canci\u00f3n Breakfast in Tiffanys mientras disfruto mi desayuno\" src=\"https:\/\/www.adrianasbestrecipes.com\/wp-content\/uploads\/2017\/08\/Listening-to-Breakfast-in-Tiffanys-my-favorite-song.jpg\" alt=\"Escuchando la canci\u00f3n Breakfast in Tiffanys mientras disfruto mi desayuno\" width=\"750\" height=\"1000\" srcset=\"https:\/\/www.adrianasbestrecipes.com\/wp-content\/uploads\/2017\/08\/Listening-to-Breakfast-in-Tiffanys-my-favorite-song.jpg 750w, https:\/\/www.adrianasbestrecipes.com\/wp-content\/uploads\/2017\/08\/Listening-to-Breakfast-in-Tiffanys-my-favorite-song-225x300.jpg 225w, https:\/\/www.adrianasbestrecipes.com\/wp-content\/uploads\/2017\/08\/Listening-to-Breakfast-in-Tiffanys-my-favorite-song-150x200.jpg 150w, https:\/\/www.adrianasbestrecipes.com\/wp-content\/uploads\/2017\/08\/Listening-to-Breakfast-in-Tiffanys-my-favorite-song-600x800.jpg 600w, https:\/\/www.adrianasbestrecipes.com\/wp-content\/uploads\/2017\/08\/Listening-to-Breakfast-in-Tiffanys-my-favorite-song-560x747.jpg 560w\" sizes=\"(max-width: 750px) 100vw, 750px\" \/><figcaption id=\"caption-attachment-15708\" class=\"wp-caption-text\">Escuchando la canci\u00f3n Breakfast in Tiffany's mientras disfruto mi desayuno<\/figcaption><\/figure>\n<p>Mientras saboreo el momento especial escucho mi m\u00fasica favorita que coincide con la canci\u00f3n \"Breakfast in Tiffany's\" perfecta para la ocasi\u00f3n. Con cada bocado echo a volar esos pensamientos de a\u00f1oranza de cuando visit\u00e9 Niza el a\u00f1o pasado. Realmente un sue\u00f1o cumplido el cual espero volver a vivir muy pronto.<\/p>\n<figure id=\"attachment_15712\" aria-describedby=\"caption-attachment-15712\" style=\"width: 740px\" class=\"wp-caption aligncenter\"><img decoding=\"async\" class=\"wp-image-15712 size-full\" title=\"Bonjour comienza con un rico desayuno en Par\u00eds\" src=\"https:\/\/www.adrianasbestrecipes.com\/wp-content\/uploads\/2017\/08\/Bonjour-starts-with-a-yummy-breakfast.jpg\" alt=\"Bonjour comienza con un rico desayuno en Par\u00eds\" width=\"750\" height=\"563\" srcset=\"https:\/\/www.adrianasbestrecipes.com\/wp-content\/uploads\/2017\/08\/Bonjour-starts-with-a-yummy-breakfast.jpg 750w, https:\/\/www.adrianasbestrecipes.com\/wp-content\/uploads\/2017\/08\/Bonjour-starts-with-a-yummy-breakfast-300x225.jpg 300w, https:\/\/www.adrianasbestrecipes.com\/wp-content\/uploads\/2017\/08\/Bonjour-starts-with-a-yummy-breakfast-150x113.jpg 150w, https:\/\/www.adrianasbestrecipes.com\/wp-content\/uploads\/2017\/08\/Bonjour-starts-with-a-yummy-breakfast-600x450.jpg 600w, https:\/\/www.adrianasbestrecipes.com\/wp-content\/uploads\/2017\/08\/Bonjour-starts-with-a-yummy-breakfast-560x420.jpg 560w\" sizes=\"(max-width: 750px) 100vw, 750px\" \/><figcaption id=\"caption-attachment-15712\" class=\"wp-caption-text\">Bonjour comienza con un rico desayuno en Par\u00eds<\/figcaption><\/figure>\n<p>Y mientras planeo mi pr\u00f3ximo viaje a la ciudad luz me conformo con un desayuno en <a href=\"https:\/\/www.adrianasbestrecipes.com\/es\/cuernitos-rellenos-de-ensalada-de-pollo\/\" rel=\"noopener\">Par\u00eds<\/a> en la tranquilidad de mi casa. Y le digo <em>oui<\/em> a un momento de riqu\u00edsima soledad rodeada de todas las cosas que me gustan. Mi m\u00fasica, un caf\u00e9 espumoso, pan brioche y <em>Oui by Yoplait<\/em> con fresas.<\/p>\n<figure id=\"attachment_15713\" aria-describedby=\"caption-attachment-15713\" style=\"width: 740px\" class=\"wp-caption aligncenter\"><img decoding=\"async\" class=\"wp-image-15713 size-full\" title=\"Un sabor \u00fanico, cremoso y fresco\" src=\"https:\/\/www.adrianasbestrecipes.com\/wp-content\/uploads\/2017\/08\/Unique-thick-and-creamy-texture-with-a-fresh-taste.jpg\" alt=\"Un sabor \u00fanico, cremoso y fresco\" width=\"750\" height=\"563\" srcset=\"https:\/\/www.adrianasbestrecipes.com\/wp-content\/uploads\/2017\/08\/Unique-thick-and-creamy-texture-with-a-fresh-taste.jpg 750w, https:\/\/www.adrianasbestrecipes.com\/wp-content\/uploads\/2017\/08\/Unique-thick-and-creamy-texture-with-a-fresh-taste-300x225.jpg 300w, https:\/\/www.adrianasbestrecipes.com\/wp-content\/uploads\/2017\/08\/Unique-thick-and-creamy-texture-with-a-fresh-taste-150x113.jpg 150w, https:\/\/www.adrianasbestrecipes.com\/wp-content\/uploads\/2017\/08\/Unique-thick-and-creamy-texture-with-a-fresh-taste-600x450.jpg 600w, https:\/\/www.adrianasbestrecipes.com\/wp-content\/uploads\/2017\/08\/Unique-thick-and-creamy-texture-with-a-fresh-taste-560x420.jpg 560w\" sizes=\"(max-width: 750px) 100vw, 750px\" \/><figcaption id=\"caption-attachment-15713\" class=\"wp-caption-text\">Un sabor \u00fanico, cremoso y fresco<\/figcaption><\/figure>\n<p>Y t\u00fa, qu\u00e9 esperas, visita tu tienda Walmart y compra <em>Oui by Yoplait<\/em>, te fascinar\u00e1. Disfr\u00fatalo en el desayuno o como un snack.<\/p>\n<figure id=\"attachment_15715\" aria-describedby=\"caption-attachment-15715\" style=\"width: 740px\" class=\"wp-caption aligncenter\"><img decoding=\"async\" class=\"wp-image-15715 size-full\" title=\"Oui by Yoplait placer puro en cada cucharada\" src=\"https:\/\/www.adrianasbestrecipes.com\/wp-content\/uploads\/2017\/08\/Oui-brings-pure-enjoyment-in-every-spoonful.jpg\" alt=\"Oui by Yoplait placer puro en cada cucharada\" width=\"750\" height=\"563\" srcset=\"https:\/\/www.adrianasbestrecipes.com\/wp-content\/uploads\/2017\/08\/Oui-brings-pure-enjoyment-in-every-spoonful.jpg 750w, https:\/\/www.adrianasbestrecipes.com\/wp-content\/uploads\/2017\/08\/Oui-brings-pure-enjoyment-in-every-spoonful-300x225.jpg 300w, https:\/\/www.adrianasbestrecipes.com\/wp-content\/uploads\/2017\/08\/Oui-brings-pure-enjoyment-in-every-spoonful-150x113.jpg 150w, https:\/\/www.adrianasbestrecipes.com\/wp-content\/uploads\/2017\/08\/Oui-brings-pure-enjoyment-in-every-spoonful-600x450.jpg 600w, https:\/\/www.adrianasbestrecipes.com\/wp-content\/uploads\/2017\/08\/Oui-brings-pure-enjoyment-in-every-spoonful-560x420.jpg 560w\" sizes=\"(max-width: 750px) 100vw, 750px\" \/><figcaption id=\"caption-attachment-15715\" class=\"wp-caption-text\">Oui by Yoplait placer puro en cada cucharada<\/figcaption><\/figure>\n<p>Date un momento para ti misma a cualquier hora del d\u00eda para relajarte y tomar unos minutos para so\u00f1ar y recordar lo lindo que es la vida y viajar.<\/p>\n<figure id=\"attachment_15716\" aria-describedby=\"caption-attachment-15716\" style=\"width: 740px\" class=\"wp-caption aligncenter\"><img decoding=\"async\" class=\"wp-image-15716 size-full\" title=\"Bonjour amigos hoy queremos un desayuno en Paris sin salir de casa y saborear un yogurt estilo franc\u00e9s inspirado en la receta tradicional francesa.\" src=\"https:\/\/www.adrianasbestrecipes.com\/wp-content\/uploads\/2017\/08\/Bonjour-today-we-want-a-breakfast-in-Paris-in-the-convenience-of-our-own-home-while-savoring-French-style-yogurt-inspired-by-the-traditional-French-recipe.jpg\" alt=\"Bonjour amigos hoy queremos un desayuno en Paris sin salir de casa y saborear un yogurt estilo franc\u00e9s inspirado en la receta tradicional francesa\" width=\"750\" height=\"1000\" srcset=\"https:\/\/www.adrianasbestrecipes.com\/wp-content\/uploads\/2017\/08\/Bonjour-today-we-want-a-breakfast-in-Paris-in-the-convenience-of-our-own-home-while-savoring-French-style-yogurt-inspired-by-the-traditional-French-recipe.jpg 750w, https:\/\/www.adrianasbestrecipes.com\/wp-content\/uploads\/2017\/08\/Bonjour-today-we-want-a-breakfast-in-Paris-in-the-convenience-of-our-own-home-while-savoring-French-style-yogurt-inspired-by-the-traditional-French-recipe-225x300.jpg 225w, https:\/\/www.adrianasbestrecipes.com\/wp-content\/uploads\/2017\/08\/Bonjour-today-we-want-a-breakfast-in-Paris-in-the-convenience-of-our-own-home-while-savoring-French-style-yogurt-inspired-by-the-traditional-French-recipe-150x200.jpg 150w, https:\/\/www.adrianasbestrecipes.com\/wp-content\/uploads\/2017\/08\/Bonjour-today-we-want-a-breakfast-in-Paris-in-the-convenience-of-our-own-home-while-savoring-French-style-yogurt-inspired-by-the-traditional-French-recipe-600x800.jpg 600w, https:\/\/www.adrianasbestrecipes.com\/wp-content\/uploads\/2017\/08\/Bonjour-today-we-want-a-breakfast-in-Paris-in-the-convenience-of-our-own-home-while-savoring-French-style-yogurt-inspired-by-the-traditional-French-recipe-560x747.jpg 560w\" sizes=\"(max-width: 750px) 100vw, 750px\" \/><figcaption id=\"caption-attachment-15716\" class=\"wp-caption-text\">Bonjour amigos hoy queremos un desayuno en Paris sin salir de casa y saborear un yogurt estilo franc\u00e9s inspirado en la receta tradicional francesa.<\/figcaption><\/figure>\n<div>\n<h2 class=\"tbf-aapr-header\">Products from Amazon.com<\/h2>\n<\/div>\n<p><script type=\"text\/javascript\">\namzn_assoc_tracking_id = \"adrian092c-20\";\namzn_assoc_ad_mode = \"manual\";\namzn_assoc_ad_type = \"smart\";\namzn_assoc_marketplace = \"amazon\";\namzn_assoc_region = \"US\";\namzn_assoc_design = \"enhanced_links\";\namzn_assoc_asins = \"B0024FA2MU\";\namzn_assoc_placement = \"adunit\";\n<\/script><script src=\"\/\/z-na.amazon-adsystem.com\/widgets\/onejs?MarketPlace=US\"><\/script><script type=\"text\/javascript\">\namzn_assoc_tracking_id = \"adrian092c-20\";\namzn_assoc_ad_mode = \"manual\";\namzn_assoc_ad_type = \"smart\";\namzn_assoc_marketplace = \"amazon\";\namzn_assoc_region = \"US\";\namzn_assoc_design = \"enhanced_links\";\namzn_assoc_asins = \"B01J4O0T4E\";\namzn_assoc_placement = \"adunit\";\n<\/script><script src=\"\/\/z-na.amazon-adsystem.com\/widgets\/onejs?MarketPlace=US\"><\/script><script type=\"text\/javascript\">\namzn_assoc_tracking_id = \"adrian092c-20\";\namzn_assoc_ad_mode = \"manual\";\namzn_assoc_ad_type = \"smart\";\namzn_assoc_marketplace = \"amazon\";\namzn_assoc_region = \"US\";\namzn_assoc_design = \"enhanced_links\";\namzn_assoc_asins = \"B00008WU9F\";\namzn_assoc_placement = \"adunit\";\n<\/script><script src=\"\/\/z-na.amazon-adsystem.com\/widgets\/onejs?MarketPlace=US\"><\/script><script type=\"text\/javascript\">\namzn_assoc_tracking_id = \"adrian092c-20\";\namzn_assoc_ad_mode = \"manual\";\namzn_assoc_ad_type = \"smart\";\namzn_assoc_marketplace = \"amazon\";\namzn_assoc_region = \"US\";\namzn_assoc_design = \"enhanced_links\";\namzn_assoc_asins = \"B00SUVRNYW\";\namzn_assoc_placement = \"adunit\";\n<\/script><script src=\"\/\/z-na.amazon-adsystem.com\/widgets\/onejs?MarketPlace=US\"><\/script><script type=\"text\/javascript\">\namzn_assoc_tracking_id = \"adrian092c-20\";\namzn_assoc_ad_mode = \"manual\";\namzn_assoc_ad_type = \"smart\";\namzn_assoc_marketplace = \"amazon\";\namzn_assoc_region = \"US\";\namzn_assoc_design = \"enhanced_links\";\namzn_assoc_asins = \"B071RYMWJK\";\namzn_assoc_placement = \"adunit\";\n<\/script><script src=\"\/\/z-na.amazon-adsystem.com\/widgets\/onejs?MarketPlace=US\"><\/script><script type=\"text\/javascript\">\namzn_assoc_tracking_id = \"adrian092c-20\";\namzn_assoc_ad_mode = \"manual\";\namzn_assoc_ad_type = \"smart\";\namzn_assoc_marketplace = \"amazon\";\namzn_assoc_region = \"US\";\namzn_assoc_design = \"enhanced_links\";\namzn_assoc_asins = \"B010ZZF248\";\namzn_assoc_placement = \"adunit\";\n<\/script><script src=\"\/\/z-na.amazon-adsystem.com\/widgets\/onejs?MarketPlace=US\"><\/script><\/p>\n<p>&nbsp;<\/p>\n","protected":false},"excerpt":{"rendered":"<p>No hay nada mas exquisito que tomarse un momento a solas para disfrutar de un rico desayuno.<\/p>\n","protected":false},"author":2,"featured_media":15702,"comment_status":"open","ping_status":"closed","sticky":false,"template":"","format":"standard","meta":{"_seopress_robots_primary_cat":"","_seopress_titles_title":"","_seopress_titles_desc":"Bonjour amigos hoy queremos un desayuno en Paris sin salir de casa y saborear un yogurt estilo franc\u00e9s inspirado en la receta tradicional francesa.","_seopress_robots_index":"","_uag_custom_page_level_css":"","wprm-recipe-roundup-name":"","wprm-recipe-roundup-description":"","_jetpack_memberships_contains_paid_content":false,"footnotes":""},"categories":[37,3531,7],"tags":[],"class_list":["post-15690","post","type-post","status-publish","format-standard","has-post-thumbnail","hentry","category-breakfast","category-lifestyle","category-quick-easy","generate-columns","tablet-grid-50","mobile-grid-100","grid-parent","grid-50"],"jetpack_featured_media_url":"https:\/\/www.adrianasbestrecipes.com\/wp-content\/uploads\/2017\/08\/Bonjour-Time-for-Breakfast-in-Paris.jpg","spectra_custom_meta":{"_edit_lock":["1504759715:2"],"_edit_last":["2"],"_alp_processed":["1504759827"],"_yoast_wpseo_focuskw_text_input":["Desayuno en Paris"],"_yoast_wpseo_focuskw":["Desayuno en Paris"],"_yoast_wpseo_linkdex":["98"],"_yoast_wpseo_content_score":["30"],"_genesis_scripts_body_position":["bottom"],"_yoast_wpseo_primary_category":["54"],"_yoast_wpseo_metadesc":["Bonjour amigos hoy queremos un desayuno en Paris sin salir de casa y saborear un yogurt estilo franc\u00e9s inspirado en la receta tradicional francesa."],"_thumbnail_id":["15702"],"swp_og_title":["Desayuno en Paris, Oui, Si!"],"swp_og_description":["Bonjour amigos hoy queremos un desayuno en Paris sin salir de casa y saborear un yogurt estilo franc\u00e9s inspirado en la receta tradicional francesa."],"swp_custom_tweet":["Bonjour! Desayuno en Paris sin salir de casa mientras saboreo yogurt estilo franc\u00e9s #OuibyYoplait AD"],"swp_pinterest_description":["Bonjour amigos hoy queremos un desayuno en Paris sin salir de casa y saborear un yogurt estilo franc\u00e9s inspirado en la receta tradicional francesa."],"swp_advanced_pinterest_image":["default"],"swp_advanced_pinterest_image_location":["default"],"swp_post_location":["default"],"swp_float_location":["default"],"twitterID":["ABRecipes"],"true":["true"],"swp_open_graph_image_data":["[\"https:\/\/www.adrianasbestrecipes.com\/wp-content\/uploads\/2017\/08\/Bonjour-Time-for-Breakfast-in-Paris.jpg\",750,563,false]"],"swp_open_graph_image_url":["https:\/\/www.adrianasbestrecipes.com\/wp-content\/uploads\/2017\/08\/Bonjour-Time-for-Breakfast-in-Paris.jpg"],"swp_og_image":["15702"],"swp_pinterest_image":["15716"],"_stumbleupon_shares":["1"],"_totes":["31"],"bitly_link":["http:\/\/bit.ly\/2E152bJ"],"_google_plus_shares":["0"],"bitly_link_google_plus":["http:\/\/bit.ly\/2KTSty6"],"swp_pinterest_image_data":["[\"https:\/\/www.adrianasbestrecipes.com\/wp-content\/uploads\/2017\/08\/Bonjour-today-we-want-a-breakfast-in-Paris-in-the-convenience-of-our-own-home-while-savoring-French-style-yogurt-inspired-by-the-traditional-French-recipe.jpg\",750,1000,false]"],"swp_pinterest_image_url":["https:\/\/www.adrianasbestrecipes.com\/wp-content\/uploads\/2017\/08\/Bonjour-today-we-want-a-breakfast-in-Paris-in-the-convenience-of-our-own-home-while-savoring-French-style-yogurt-inspired-by-the-traditional-French-recipe.jpg"],"swp_og_image_data":["[\"https:\/\/www.adrianasbestrecipes.com\/wp-content\/uploads\/2017\/08\/Bonjour-Time-for-Breakfast-in-Paris.jpg\",750,563,false]"],"swp_og_image_url":["https:\/\/www.adrianasbestrecipes.com\/wp-content\/uploads\/2017\/08\/Bonjour-Time-for-Breakfast-in-Paris.jpg"],"_facebook_shares":["2"],"_pinterest_shares":["28"],"_buffer_shares":["0"],"_yummly_shares":["0"],"_twitter_shares":["0"],"_whatsapp_shares":["0"],"_flipboard_shares":["0"],"_mix_shares":["0"],"_email_shares":["0"],"_total_shares":["30"],"bitly_link_facebook":["http:\/\/bit.ly\/2W0mUbT"],"bitly_link_twitter":["http:\/\/bit.ly\/2VX60ee"],"bitly_link_mix":["http:\/\/bit.ly\/2W3xKOA"],"bitly_link_buffer":["http:\/\/bit.ly\/2W9HTt9"],"bitly_link_flipboard":["http:\/\/bit.ly\/2W4NZur"],"bitly_link_email":["http:\/\/bit.ly\/2W5DFTk"],"bitly_link_whatsapp":["http:\/\/bit.ly\/2W2TjyE"],"bitly_link_yummly":["http:\/\/bit.ly\/2W4PR6K"],"swp_cache_timestamp":["431308"],"dpsp_share_options":["a:6:{s:12:\"custom_tweet\";s:101:\"Bonjour! Desayuno en Paris sin salir de casa mientras saboreo yogurt estilo franc\u00e9s #OuibyYoplait AD\";s:18:\"custom_description\";s:148:\"Bonjour amigos hoy queremos un desayuno en Paris sin salir de casa y saborear un yogurt estilo franc\u00e9s inspirado en la receta tradicional francesa.\";s:12:\"custom_image\";a:2:{s:2:\"id\";s:5:\"15702\";s:3:\"src\";s:102:\"https:\/\/www.adrianasbestrecipes.com\/wp-content\/uploads\/2017\/08\/Bonjour-Time-for-Breakfast-in-Paris.jpg\";}s:12:\"custom_title\";s:27:\"Desayuno en Paris, Oui, Si!\";s:28:\"custom_description_pinterest\";s:148:\"Bonjour amigos hoy queremos un desayuno en Paris sin salir de casa y saborear un yogurt estilo franc\u00e9s inspirado en la receta tradicional francesa.\";s:22:\"custom_image_pinterest\";a:2:{s:2:\"id\";s:5:\"15716\";s:3:\"src\";s:221:\"https:\/\/www.adrianasbestrecipes.com\/wp-content\/uploads\/2017\/08\/Bonjour-today-we-want-a-breakfast-in-Paris-in-the-convenience-of-our-own-home-while-savoring-French-style-yogurt-inspired-by-the-traditional-French-recipe.jpg\";}}"],"dpsp_networks_shares":["a:7:{s:8:\"facebook\";i:2;s:9:\"pinterest\";i:28;s:7:\"twitter\";i:0;s:6:\"yummly\";i:0;s:6:\"reddit\";i:0;s:6:\"buffer\";i:0;s:4:\"grow\";i:1;}"],"dpsp_networks_shares_total":["31"],"dpsp_networks_shares_last_updated":["1643575382"],"dpsp_cache_shares_twitter_2":["0"],"dpsp_short_link_bitly":["a:14:{s:18:\"facebook_short_url\";s:21:\"http:\/\/bit.ly\/2G7mlId\";s:17:\"twitter_short_url\";s:21:\"http:\/\/bit.ly\/2G8agCx\";s:18:\"whatsapp_short_url\";s:21:\"http:\/\/bit.ly\/2G8ahX7\";s:16:\"yummly_short_url\";s:21:\"http:\/\/bit.ly\/2G6PAe5\";s:15:\"email_short_url\";s:21:\"http:\/\/bit.ly\/2G7N9Ij\";s:13:\"mix_short_url\";s:21:\"http:\/\/bit.ly\/2MgWVej\";s:19:\"flipboard_short_url\";s:21:\"http:\/\/bit.ly\/2Be3Tuk\";s:18:\"linkedin_short_url\";s:21:\"http:\/\/bit.ly\/2VK1Vvi\";s:16:\"reddit_short_url\";s:21:\"http:\/\/bit.ly\/31cQnl7\";s:16:\"buffer_short_url\";s:21:\"http:\/\/bit.ly\/35yNuyt\";s:18:\"telegram_short_url\";s:21:\"http:\/\/bit.ly\/32hHDM0\";s:14:\"grow_short_url\";s:22:\"https:\/\/bit.ly\/2SwzWBD\";s:17:\"threads_short_url\";s:22:\"https:\/\/bit.ly\/3VxPjqb\";s:18:\"mastodon_short_url\";s:22:\"https:\/\/bit.ly\/3XvF0Wl\";}"],"_jetpack_related_posts_cache":["a:1:{s:32:\"8f6677c9d6b0f903e98ad32ec61f8deb\";a:2:{s:7:\"expires\";i:1622045088;s:7:\"payload\";a:3:{i:0;a:1:{s:2:\"id\";i:29306;}i:1;a:1:{s:2:\"id\";i:2947;}i:2;a:1:{s:2:\"id\";i:36423;}}}}"],"dpsp_post_previous_urls":["a:1:{i:0;s:75:\"https:\/\/www.adrianasbestrecipes.com\/es\/2017\/08\/16\/desayuno-en-paris-oui-si\/\";}"],"dpsp_networks_shares_previous_urls":["a:5:{s:8:\"facebook\";i:2;s:7:\"twitter\";i:0;s:9:\"pinterest\";i:3;s:6:\"yummly\";i:0;s:6:\"reddit\";i:0;}"],"_tbf_fix_details":["a:5:{s:6:\"fix_id\";s:2:\"50\";s:19:\"changed_revision_id\";s:5:\"15690\";s:20:\"original_revision_id\";s:5:\"15690\";s:17:\"operation_set_ids\";s:24:\"azon_api_plugin_replacer\";s:10:\"operations\";a:1:{i:0;s:26:\"amazon_api_plugin_replacer\";}}"],"litespeed_vpi_list":["a:3:{i:0;s:37:\"ABRecipes-New-Logo-with-Trademark.jpg\";i:1;s:39:\"Bonjour-Time-for-Breakfast-in-Paris.jpg\";i:2;s:36:\"Adriana-Martin-TACOS-23-683x1024.jpg\";}"],"_seopress_titles_desc":["Bonjour amigos hoy queremos un desayuno en Paris sin salir de casa y saborear un yogurt estilo franc\u00e9s inspirado en la receta tradicional francesa."],"_seopress_analysis_target_kw":["Desayuno en Paris"],"dpsp_share_options_json":["{\"custom_tweet\":\"Bonjour! Desayuno en Paris sin salir de casa mientras saboreo yogurt estilo franc\u00e9s #OuibyYoplait AD\",\"custom_description\":\"Bonjour amigos hoy queremos un desayuno en Paris sin salir de casa y saborear un yogurt estilo franc\u00e9s inspirado en la receta tradicional francesa.\",\"custom_image\":{\"id\":\"15702\",\"src\":\"https:\/\/www.adrianasbestrecipes.com\/wp-content\/uploads\/2017\/08\/Bonjour-Time-for-Breakfast-in-Paris.jpg\"},\"custom_title\":\"Desayuno en Paris, Oui, Si!\",\"custom_description_pinterest\":\"Bonjour amigos hoy queremos un desayuno en Paris sin salir de casa y saborear un yogurt estilo franc\u00e9s inspirado en la receta tradicional francesa.\",\"custom_image_pinterest\":{\"id\":\"15716\",\"src\":\"https:\/\/www.adrianasbestrecipes.com\/wp-content\/uploads\/2017\/08\/Bonjour-today-we-want-a-breakfast-in-Paris-in-the-convenience-of-our-own-home-while-savoring-French-style-yogurt-inspired-by-the-traditional-French-recipe.jpg\"}}"],"dpsp_networks_shares_json":["{\"facebook\":2,\"pinterest\":28,\"twitter\":0,\"yummly\":0,\"reddit\":0,\"buffer\":0,\"grow\":1}"],"wprm_rating_no_text_comments":["a:0:{}"],"_uag_page_assets":["a:9:{s:3:\"css\";s:0:\"\";s:2:\"js\";s:0:\"\";s:18:\"current_block_list\";a:0:{}s:8:\"uag_flag\";b:0;s:11:\"uag_version\";i:1777642187;s:6:\"gfonts\";a:0:{}s:10:\"gfonts_url\";s:0:\"\";s:12:\"gfonts_files\";a:0:{}s:14:\"uag_faq_layout\";b:0;}"]},"uagb_featured_image_src":{"full":["https:\/\/www.adrianasbestrecipes.com\/wp-content\/uploads\/2017\/08\/Bonjour-Time-for-Breakfast-in-Paris.jpg",750,563,false],"thumbnail":["https:\/\/www.adrianasbestrecipes.com\/wp-content\/uploads\/2017\/08\/Bonjour-Time-for-Breakfast-in-Paris-180x180.jpg",180,180,true],"medium":["https:\/\/www.adrianasbestrecipes.com\/wp-content\/uploads\/2017\/08\/Bonjour-Time-for-Breakfast-in-Paris-300x225.jpg",300,225,true],"medium_large":["https:\/\/www.adrianasbestrecipes.com\/wp-content\/uploads\/2017\/08\/Bonjour-Time-for-Breakfast-in-Paris.jpg",750,563,false],"large":["https:\/\/www.adrianasbestrecipes.com\/wp-content\/uploads\/2017\/08\/Bonjour-Time-for-Breakfast-in-Paris.jpg",750,563,false],"1536x1536":["https:\/\/www.adrianasbestrecipes.com\/wp-content\/uploads\/2017\/08\/Bonjour-Time-for-Breakfast-in-Paris.jpg",750,563,false],"2048x2048":["https:\/\/www.adrianasbestrecipes.com\/wp-content\/uploads\/2017\/08\/Bonjour-Time-for-Breakfast-in-Paris.jpg",750,563,false],"wprm-metadata-1_1":["https:\/\/www.adrianasbestrecipes.com\/wp-content\/uploads\/2017\/08\/Bonjour-Time-for-Breakfast-in-Paris-500x500.jpg",500,500,true],"wprm-metadata-4_3":["https:\/\/www.adrianasbestrecipes.com\/wp-content\/uploads\/2017\/08\/Bonjour-Time-for-Breakfast-in-Paris-500x375.jpg",500,375,true],"wprm-metadata-16_9":["https:\/\/www.adrianasbestrecipes.com\/wp-content\/uploads\/2017\/08\/Bonjour-Time-for-Breakfast-in-Paris-480x270.jpg",480,270,true],"rpwe-thumbnail":["https:\/\/www.adrianasbestrecipes.com\/wp-content\/uploads\/2017\/08\/Bonjour-Time-for-Breakfast-in-Paris-45x45.jpg",45,45,true],"mailchimp":["https:\/\/www.adrianasbestrecipes.com\/wp-content\/uploads\/2017\/08\/Bonjour-Time-for-Breakfast-in-Paris-560x420.jpg",560,420,true],"web-stories-poster-portrait":["https:\/\/www.adrianasbestrecipes.com\/wp-content\/uploads\/2017\/08\/Bonjour-Time-for-Breakfast-in-Paris.jpg",640,480,false],"web-stories-publisher-logo":["https:\/\/www.adrianasbestrecipes.com\/wp-content\/uploads\/2017\/08\/Bonjour-Time-for-Breakfast-in-Paris.jpg",96,72,false],"web-stories-thumbnail":["https:\/\/www.adrianasbestrecipes.com\/wp-content\/uploads\/2017\/08\/Bonjour-Time-for-Breakfast-in-Paris.jpg",150,113,false]},"uagb_author_info":{"display_name":"Chef Adriana Martin","author_link":"https:\/\/www.adrianasbestrecipes.com\/es\/author\/adriana\/"},"uagb_comment_info":0,"uagb_excerpt":"No hay nada mas exquisito que tomarse un momento a solas para disfrutar de un rico desayuno.","jetpack-related-posts":[{"id":13788,"url":"https:\/\/www.adrianasbestrecipes.com\/es\/rico-desayuno-rapido\/","url_meta":{"origin":15690,"position":0},"title":"Rico Desayuno R\u00e1pido para las Ma\u00f1anas","author":"Chef Adriana Martin","date":"6 de julio de 2017","format":false,"excerpt":"Los nuevos Jimmy Dean Simple Scrambles son la perfecta soluci\u00f3n para los d\u00edas en que no hay tiempo de preparar un rico desayuno r\u00e1pido sin complicaciones.","rel":"","context":"En \u00abBreakfast\u00bb","block_context":{"text":"Breakfast","link":"https:\/\/www.adrianasbestrecipes.com\/category\/breakfast\/"},"img":{"alt_text":"Rico Desayuno R\u00e1pido para Disfrutar por la Ma\u00f1ana","src":"https:\/\/i0.wp.com\/www.adrianasbestrecipes.com\/wp-content\/uploads\/2017\/05\/Easy-Yummy-Breakfast-for-Busy-Mornings.jpg?resize=350%2C200&ssl=1","width":350,"height":200,"srcset":"https:\/\/i0.wp.com\/www.adrianasbestrecipes.com\/wp-content\/uploads\/2017\/05\/Easy-Yummy-Breakfast-for-Busy-Mornings.jpg?resize=350%2C200&ssl=1 1x, https:\/\/i0.wp.com\/www.adrianasbestrecipes.com\/wp-content\/uploads\/2017\/05\/Easy-Yummy-Breakfast-for-Busy-Mornings.jpg?resize=525%2C300&ssl=1 1.5x, https:\/\/i0.wp.com\/www.adrianasbestrecipes.com\/wp-content\/uploads\/2017\/05\/Easy-Yummy-Breakfast-for-Busy-Mornings.jpg?resize=700%2C400&ssl=1 2x"},"classes":[]},{"id":36423,"url":"https:\/\/www.adrianasbestrecipes.com\/es\/desayuno-cubano-con-toque-mexicano\/","url_meta":{"origin":15690,"position":1},"title":"Desayuno Cubano con Toque Mexicano","author":"Chef Adriana Martin","date":"29 de agosto de 2020","format":false,"excerpt":"Celebra el mes de la Herencia Hispana con un delicioso desayuno cubano con toque mexicano.","rel":"","context":"En \u00abBreakfast\u00bb","block_context":{"text":"Breakfast","link":"https:\/\/www.adrianasbestrecipes.com\/category\/breakfast\/"},"img":{"alt_text":"Este es el desayuno cubano con toque mexicano","src":"https:\/\/i0.wp.com\/www.adrianasbestrecipes.com\/wp-content\/uploads\/2020\/08\/Cuban-inspired-breakfast-with-cafe-con-leche-and-tostadas.jpg?resize=350%2C200&ssl=1","width":350,"height":200,"srcset":"https:\/\/i0.wp.com\/www.adrianasbestrecipes.com\/wp-content\/uploads\/2020\/08\/Cuban-inspired-breakfast-with-cafe-con-leche-and-tostadas.jpg?resize=350%2C200&ssl=1 1x, https:\/\/i0.wp.com\/www.adrianasbestrecipes.com\/wp-content\/uploads\/2020\/08\/Cuban-inspired-breakfast-with-cafe-con-leche-and-tostadas.jpg?resize=525%2C300&ssl=1 1.5x, https:\/\/i0.wp.com\/www.adrianasbestrecipes.com\/wp-content\/uploads\/2020\/08\/Cuban-inspired-breakfast-with-cafe-con-leche-and-tostadas.jpg?resize=700%2C400&ssl=1 2x"},"classes":[]},{"id":260,"url":"https:\/\/www.adrianasbestrecipes.com\/es\/mimosa-a-mi-estilo\/","url_meta":{"origin":15690,"position":2},"title":"Mimosa a Mi Estilo","author":"Chef Adriana Martin","date":"26 de septiembre de 2011","format":false,"excerpt":"Disfruta esta deliciosa bebida en tu pr\u00f3xima cita rom\u00e1ntica.","rel":"","context":"En \u00abBeverages\u00bb","block_context":{"text":"Beverages","link":"https:\/\/www.adrianasbestrecipes.com\/category\/beverages\/"},"img":{"alt_text":"Mimosa with lambrusco bubbly and orange juice","src":"https:\/\/i0.wp.com\/adrianasbestrecipes.com\/wp-content\/uploads\/2011\/09\/Mimosa-Vertical-168x300.jpg?resize=350%2C200&ssl=1","width":350,"height":200},"classes":[]},{"id":199,"url":"https:\/\/www.adrianasbestrecipes.com\/es\/desayuno-frances\/","url_meta":{"origin":15690,"position":3},"title":"Desayuno Franc\u00e9s","author":"Chef Adriana Martin","date":"18 de septiembre de 2011","format":false,"excerpt":"Estas lista para un desayuno muy rom\u00e1ntico y delicioso, prueba entonc\u00e9s este Desayuno Franc\u00e9s.","rel":"","context":"En \u00abBreakfast\u00bb","block_context":{"text":"Breakfast","link":"https:\/\/www.adrianasbestrecipes.com\/category\/breakfast\/"},"img":{"alt_text":"","src":"https:\/\/i0.wp.com\/adrianasbestrecipes.com\/wp-content\/uploads\/2011\/09\/Eggs-300x168.jpg?resize=350%2C200&ssl=1","width":350,"height":200},"classes":[]},{"id":19132,"url":"https:\/\/www.adrianasbestrecipes.com\/es\/desayuno-de-chia-y-avena\/","url_meta":{"origin":15690,"position":4},"title":"Desayuno de Chia y Avena","author":"Chef Adriana Martin","date":"30 de enero de 2018","format":false,"excerpt":"El desayuno de chia y avena est\u00e1 hecho con leche fresca, granada y caqui o p\u00e9rsimo. Y endulzado con miel de abeja y un pedacito de panal. Una receta hecha con amor.","rel":"","context":"En \u00abBreakfast\u00bb","block_context":{"text":"Breakfast","link":"https:\/\/www.adrianasbestrecipes.com\/category\/breakfast\/"},"img":{"alt_text":"Desayuno de Chia y Avena","src":"https:\/\/i0.wp.com\/www.adrianasbestrecipes.com\/wp-content\/uploads\/2018\/01\/Overnight-Chia-and-Oats-with-Fresh-Fruit-and-Honeycomb.jpg?resize=350%2C200&ssl=1","width":350,"height":200,"srcset":"https:\/\/i0.wp.com\/www.adrianasbestrecipes.com\/wp-content\/uploads\/2018\/01\/Overnight-Chia-and-Oats-with-Fresh-Fruit-and-Honeycomb.jpg?resize=350%2C200&ssl=1 1x, https:\/\/i0.wp.com\/www.adrianasbestrecipes.com\/wp-content\/uploads\/2018\/01\/Overnight-Chia-and-Oats-with-Fresh-Fruit-and-Honeycomb.jpg?resize=525%2C300&ssl=1 1.5x, https:\/\/i0.wp.com\/www.adrianasbestrecipes.com\/wp-content\/uploads\/2018\/01\/Overnight-Chia-and-Oats-with-Fresh-Fruit-and-Honeycomb.jpg?resize=700%2C400&ssl=1 2x"},"classes":[]},{"id":206,"url":"https:\/\/www.adrianasbestrecipes.com\/es\/desayuno-con-bagels\/","url_meta":{"origin":15690,"position":5},"title":"Desayuno con Bagels","author":"Chef Adriana Martin","date":"19 de septiembre de 2011","format":false,"excerpt":"\u00bfQui\u00e9n dice los bagels son aburridos o solo se pueden comer con queso crema? Tu puedes transformarlos en obras de arte para el desayuno, aqu\u00ed te doy unas ideas.","rel":"","context":"En \u00abBreakfast\u00bb","block_context":{"text":"Breakfast","link":"https:\/\/www.adrianasbestrecipes.com\/category\/breakfast\/"},"img":{"alt_text":"Bagel breakfast","src":"https:\/\/i0.wp.com\/adrianasbestrecipes.com\/wp-content\/uploads\/2011\/09\/Cafe-Martin-222x300.jpg?resize=350%2C200&ssl=1","width":350,"height":200},"classes":[]}],"jetpack_sharing_enabled":true,"_links":{"self":[{"href":"https:\/\/www.adrianasbestrecipes.com\/es\/wp-json\/wp\/v2\/posts\/15690","targetHints":{"allow":["GET"]}}],"collection":[{"href":"https:\/\/www.adrianasbestrecipes.com\/es\/wp-json\/wp\/v2\/posts"}],"about":[{"href":"https:\/\/www.adrianasbestrecipes.com\/es\/wp-json\/wp\/v2\/types\/post"}],"author":[{"embeddable":true,"href":"https:\/\/www.adrianasbestrecipes.com\/es\/wp-json\/wp\/v2\/users\/2"}],"replies":[{"embeddable":true,"href":"https:\/\/www.adrianasbestrecipes.com\/es\/wp-json\/wp\/v2\/comments?post=15690"}],"version-history":[{"count":0,"href":"https:\/\/www.adrianasbestrecipes.com\/es\/wp-json\/wp\/v2\/posts\/15690\/revisions"}],"wp:featuredmedia":[{"embeddable":true,"href":"https:\/\/www.adrianasbestrecipes.com\/es\/wp-json\/wp\/v2\/media\/15702"}],"wp:attachment":[{"href":"https:\/\/www.adrianasbestrecipes.com\/es\/wp-json\/wp\/v2\/media?parent=15690"}],"wp:term":[{"taxonomy":"category","embeddable":true,"href":"https:\/\/www.adrianasbestrecipes.com\/es\/wp-json\/wp\/v2\/categories?post=15690"},{"taxonomy":"post_tag","embeddable":true,"href":"https:\/\/www.adrianasbestrecipes.com\/es\/wp-json\/wp\/v2\/tags?post=15690"}],"curies":[{"name":"wp","href":"https:\/\/api.w.org\/{rel}","templated":true}]}}