{"id":1431,"date":"2013-02-12T16:50:00","date_gmt":"2013-02-12T21:50:00","guid":{"rendered":"https:\/\/www.adrianasbestrecipes.com\/?p=1431"},"modified":"2014-11-10T16:45:19","modified_gmt":"2014-11-10T20:45:19","slug":"celebrando-la-cuaresma-con-7-semanas-de-recetas","status":"publish","type":"post","link":"https:\/\/www.adrianasbestrecipes.com\/es\/celebrando-la-cuaresma-con-7-semanas-de-recetas\/","title":{"rendered":"Celebrando la Cuaresma con 7 Semanas de Recetas"},"content":{"rendered":"<p style=\"text-align: center;\"><img decoding=\"async\" class=\"aligncenter  wp-image-1432\" src=\"https:\/\/www.adrianasbestrecipes.com\/wp-content\/uploads\/2013\/02\/Cuaresma-Recipes-Collage-Espanol.jpg\" alt=\"Recetas de Cuaresma\" width=\"1024\" height=\"768\" srcset=\"https:\/\/www.adrianasbestrecipes.com\/wp-content\/uploads\/2013\/02\/Cuaresma-Recipes-Collage-Espanol.jpg 1024w, https:\/\/www.adrianasbestrecipes.com\/wp-content\/uploads\/2013\/02\/Cuaresma-Recipes-Collage-Espanol-300x225.jpg 300w, https:\/\/www.adrianasbestrecipes.com\/wp-content\/uploads\/2013\/02\/Cuaresma-Recipes-Collage-Espanol-500x375.jpg 500w, https:\/\/www.adrianasbestrecipes.com\/wp-content\/uploads\/2013\/02\/Cuaresma-Recipes-Collage-Espanol-560x420.jpg 560w\" sizes=\"(max-width: 1024px) 100vw, 1024px\" \/><\/p>\n<p>La Cuaresma comienza ma\u00f1ana con el Mi\u00e9rcoles de Ceniza y marca tambi\u00e9n el inicio de la vigilia para nosotros quienes profesamos la f\u00e9 cat\u00f3lica. Durante las pr\u00f3ximos cuarenta d\u00edas anteriores a la Semana Santa \u00a0la abstinencia, la meditaci\u00f3n y el tiempo personal para la oraci\u00f3n ayudan con la renovaci\u00f3n espiritual.<\/p>\n<p>En M\u00e9xico, pa\u00eds en el que nac\u00ed la religi\u00f3n cat\u00f3lica es profesada por muchas familias. Yo me cri\u00e9 en el seno de una familia de clase media con costumbres tradicionales y muy conservadoras por lo que el ayuno era una pr\u00e1ctica com\u00fan antes de la Semana Santa. Mi mam\u00e1 sol\u00eda prepararnos platillos apropiadas para esta \u00e9poca utilizando verduras, pescado, huevo, leche, frijoles y queso, todos los ingredientes permitidos en este tiempo de renovaci\u00f3n.<\/p>\n<p>Si t\u00fa profesas esta religi\u00f3n o bien est\u00e1s interesada en las recetas para la Cuaresma te invito a que nos sigas en esta temporada porque <strong><a title=\"Mama Latina Tips Espanol\" href=\"http:\/\/www.mamalatinatips.com\/2013\/02\/recetas-de-cuaresma-semanales.html\" target=\"_blank\" rel=\"nofollow\">Mama Latina Tips<\/a>\u00a0 <\/strong>nos ha invitado a \u00a0contribuir con recetas tradicionales de familia durante este evento llamado<strong><a title=\"7 semanas de recetas de cuaresma\" href=\"http:\/\/www.mamalatinatips.com\/2013\/02\/recetas-de-cuaresma-semanales.html\" rel=\"nofollow\" target=\"_blank\"> \"7 Semanas de Recetas Cuaresma\"<\/a><\/strong><\/p>\n<p>Varias amigas colegas y \u00a0bloggers tambi\u00e9n participan en este evento y ellas son:<\/p>\n<ul>\n<li>Cristina de\u00a0<a href=\"http:\/\/www.unacolombianaencalifornia.com\/\" target=\"_blank\" rel=\"nofollow\">Una Colombiana en California<\/a><\/li>\n<li>Denisse de\u00a0<a href=\"http:\/\/ahorrosparamama.com\/\" target=\"_blank\" rel=\"nofollow\">Ahorros para Mam\u00e1<\/a><\/li>\n<li>Ely de\u00a0<a href=\"http:\/\/www.simpleydelicioso.com\/\" target=\"_blank\" rel=\"nofollow\">Simple y Delicioso<\/a><\/li>\n<li>Jeannette de\u00a0<a href=\"http:\/\/sazonboricua.com\/\" target=\"_blank\" rel=\"nofollow\">Saz\u00f3n Boricua<\/a><\/li>\n<li>Juanita de\u00a0<a href=\"http:\/\/www.ahorrandodolares.com\/\" target=\"_blank\" rel=\"nofollow\">Ahorrando D\u00f3lares<\/a><\/li>\n<li>M\u00f3nica de\u00a0<a href=\"http:\/\/www.mylifeisajourney.com\/\" target=\"_blank\" rel=\"nofollow\">Life is a Journey<\/a>\u00a0 (bilingue)<\/li>\n<li>Reina de\u00a0<a href=\"http:\/\/www.soymamaencasa.com\/\" target=\"_blank\" rel=\"nofollow\">Soy Mam\u00e1 en Casa<\/a><\/li>\n<li>Yoly de\u00a0<a href=\"http:\/\/www.cuponeando.net\/\" target=\"_blank\" rel=\"nofollow\">Cuponeando<\/a><\/li>\n<li>Ericka de\u00a0<a href=\"http:\/\/www.nibblesandfeasts.com\/\" target=\"_blank\" rel=\"nofollow\">Nibbles and Feasts<\/a><\/li>\n<li>Leslie de\u00a0<a href=\"http:\/\/www.lacocinadeleslie.com\/\" target=\"_blank\" rel=\"nofollow\">La Cocina de Leslie<\/a><\/li>\n<li>Nicole de <a href=\"http:\/\/presleyspantry.com\/\" target=\"_blank\" rel=\"nofollow\">Presley\u2019s Pantry<\/a><\/li>\n<li>Melanie de \u00a0<a href=\"http:\/\/www.modernmami.com\/\" target=\"_blank\" rel=\"nofollow\">Modernmami<\/a><\/li>\n<li>Morena de \u00a0<a href=\"http:\/\/perudelights.com\/\" target=\"_blank\" rel=\"nofollow\">Peru Delights<\/a><\/li>\n<li>Vianney de\u00a0<a href=\"http:\/\/sweetlifebake.com\/\" target=\"_blank\" rel=\"nofollow\">Sweet Life<\/a><\/li>\n<li>Yvette de\u00a0<a href=\"http:\/\/www.muybuenocookbook.com\/\" target=\"_blank\" rel=\"nofollow\">Muy Bueno Cookbook<\/a><\/li>\n<\/ul>\n<p>&nbsp;<\/p>\n<p>Les deseo una Cuaresma llena de reflexi\u00f3n y muchas bendiciones.<\/p>\n<p>\u00a1Feliz Semana Santa!<\/p>\n<p><!-- start LinkyTools script --><br \/>\n<script src=\"https:\/\/www.linkytools.com\/thumbnail_linky_include.aspx?id=184428\" type=\"text\/javascript\"><\/script><br \/>\n<!-- end LinkyTools script --><\/p>\n","protected":false},"excerpt":{"rendered":"<p>Cuaresma, tradiciones de familia y cultura<\/p>\n","protected":false},"author":2,"featured_media":1432,"comment_status":"open","ping_status":"closed","sticky":false,"template":"","format":"standard","meta":{"_seopress_robots_primary_cat":"","_seopress_titles_title":"","_seopress_titles_desc":"Celebrando la Cuaresma con 7 Semanas de Recetas","_seopress_robots_index":"","_uag_custom_page_level_css":"","wprm-recipe-roundup-name":"","wprm-recipe-roundup-description":"","_jetpack_memberships_contains_paid_content":false,"footnotes":""},"categories":[66,628,79],"tags":[875,873,872,61,871,578,2040,874],"class_list":["post-1431","post","type-post","status-publish","format-standard","has-post-thumbnail","hentry","category-cena-2","category-cultura","category-historias-experiencias-restaurantes-productos","tag-7-semanas-de-recetas","tag-catolica","tag-cuaresma","tag-espanol","tag-mama-latina-tips-es","tag-mexico-es","tag-semana-santa","tag-vigilia","generate-columns","tablet-grid-50","mobile-grid-100","grid-parent","grid-50"],"jetpack_featured_media_url":"https:\/\/www.adrianasbestrecipes.com\/wp-content\/uploads\/2013\/02\/Cuaresma-Recipes-Collage-Espanol.jpg","spectra_custom_meta":{"_edit_last":["2"],"_edit_lock":["1415652196:2"],"image":["https:\/\/adrianasbestrecipes.com\/wp-content\/uploads\/2013\/02\/Cuaresma-Recipes-Collage-Espanol-1024x768.jpg"],"_image_alignment":["c"],"_wpml_media_duplicate":["0"],"_wpml_media_featured":["0"],"_alp_processed":["1415652319"],"dsq_thread_id":["2332779931"],"pinType":["movie"],"pinName":[""],"pinDescription":[""],"pinRating":[""],"pinRatingMax":[""],"pinContent":["G"],"pinDate":[""],"numDirectors":["0"],"numActors":["0"],"_yoast_wpseo_focuskw":["cuaresma"],"_yoast_wpseo_metadesc":["Celebrando la Cuaresma con 7 Semanas de Recetas"],"_yoast_wpseo_linkdex":["77"],"_thumbnail_id":["1432"],"_et_social_shares_facebook":["a:3:{s:12:\"force_update\";b:1;s:6:\"counts\";i:0;s:8:\"last_upd\";s:19:\"2016-08-25 06:59:30\";}"],"_et_social_shares_twitter":["a:3:{s:12:\"force_update\";b:1;s:6:\"counts\";i:0;s:8:\"last_upd\";s:19:\"2016-08-25 06:59:30\";}"],"_et_social_shares_googleplus":["a:3:{s:12:\"force_update\";b:1;s:6:\"counts\";i:0;s:8:\"last_upd\";s:19:\"2016-08-25 06:59:31\";}"],"_et_social_shares_pinterest":["a:3:{s:12:\"force_update\";b:0;s:6:\"counts\";i:3;s:8:\"last_upd\";s:19:\"2016-08-25 06:59:28\";}"],"_et_social_shares_delicious":["a:3:{s:12:\"force_update\";b:1;s:6:\"counts\";i:0;s:8:\"last_upd\";s:19:\"2016-05-31 19:40:07\";}"],"_et_social_shares_digg":["a:3:{s:12:\"force_update\";b:1;s:6:\"counts\";i:0;s:8:\"last_upd\";s:19:\"2016-05-31 19:40:07\";}"],"_et_social_shares_printfriendly":["a:3:{s:12:\"force_update\";b:1;s:6:\"counts\";i:0;s:8:\"last_upd\";s:19:\"2016-08-25 06:59:31\";}"],"_totes":["51"],"bitly_link":["http:\/\/bit.ly\/2Fziu3A"],"_google_plus_shares":["0"],"bitly_link_google_plus":["http:\/\/bit.ly\/2vD4bs7"],"swp_open_graph_image_data":["false"],"swp_open_graph_image_url":[""],"_facebook_shares":["4"],"_pinterest_shares":["47"],"_buffer_shares":["0"],"_yummly_shares":["0"],"_twitter_shares":["0"],"_whatsapp_shares":["0"],"_flipboard_shares":["0"],"_mix_shares":["0"],"_email_shares":["0"],"_total_shares":["51"],"bitly_link_facebook":["http:\/\/bit.ly\/2VUrKrj"],"bitly_link_twitter":["http:\/\/bit.ly\/2VQzFpk"],"bitly_link_mix":["http:\/\/bit.ly\/2VTGXZM"],"bitly_link_buffer":["http:\/\/bit.ly\/2VTxly1"],"bitly_link_flipboard":["http:\/\/bit.ly\/2VSg2gy"],"bitly_link_email":["http:\/\/bit.ly\/2VPK7xx"],"bitly_link_whatsapp":["http:\/\/bit.ly\/2VKLoG6"],"bitly_link_yummly":["http:\/\/bit.ly\/2VR7iY5"],"swp_cache_timestamp":["431285"],"dpsp_networks_shares":["a:7:{s:8:\"facebook\";i:4;s:9:\"pinterest\";i:47;s:7:\"twitter\";i:0;s:6:\"yummly\";i:0;s:6:\"reddit\";i:0;s:6:\"buffer\";i:0;s:4:\"grow\";i:1;}"],"dpsp_networks_shares_total":["52"],"dpsp_networks_shares_last_updated":["1642387030"],"dpsp_cache_shares_twitter_2":["0"],"dpsp_short_link_bitly":["a:14:{s:18:\"facebook_short_url\";s:21:\"http:\/\/bit.ly\/2uAs9ne\";s:17:\"twitter_short_url\";s:21:\"http:\/\/bit.ly\/2uBeJXY\";s:18:\"whatsapp_short_url\";s:21:\"http:\/\/bit.ly\/2uy3UWy\";s:16:\"yummly_short_url\";s:21:\"http:\/\/bit.ly\/2uz0fYz\";s:15:\"email_short_url\";s:21:\"http:\/\/bit.ly\/2uBikVP\";s:13:\"mix_short_url\";s:21:\"http:\/\/bit.ly\/2Bh1SNQ\";s:19:\"flipboard_short_url\";s:21:\"http:\/\/bit.ly\/2nKH1PQ\";s:18:\"linkedin_short_url\";s:21:\"http:\/\/bit.ly\/2MI5Btj\";s:16:\"reddit_short_url\";s:21:\"http:\/\/bit.ly\/2MK0j0h\";s:16:\"buffer_short_url\";s:21:\"http:\/\/bit.ly\/2OPXpcZ\";s:18:\"telegram_short_url\";s:21:\"http:\/\/bit.ly\/2qhVdkq\";s:14:\"grow_short_url\";s:22:\"https:\/\/bit.ly\/2PTdJN2\";s:17:\"threads_short_url\";s:22:\"https:\/\/bit.ly\/4c3HC27\";s:18:\"mastodon_short_url\";s:22:\"https:\/\/bit.ly\/4czjdkI\";}"],"_jetpack_related_posts_cache":["a:1:{s:32:\"8f6677c9d6b0f903e98ad32ec61f8deb\";a:2:{s:7:\"expires\";i:1622269591;s:7:\"payload\";a:3:{i:0;a:1:{s:2:\"id\";i:3442;}i:1;a:1:{s:2:\"id\";i:4642;}i:2;a:1:{s:2:\"id\";i:3483;}}}}"],"dpsp_post_previous_urls":["a:1:{i:0;s:98:\"https:\/\/www.adrianasbestrecipes.com\/es\/2013\/02\/12\/celebrando-la-cuaresma-con-7-semanas-de-recetas\/\";}"],"dpsp_networks_shares_previous_urls":["a:6:{s:8:\"facebook\";i:0;s:7:\"twitter\";i:0;s:9:\"pinterest\";i:4;s:6:\"yummly\";i:0;s:6:\"reddit\";i:0;s:6:\"buffer\";i:0;}"],"_tbf_fix_details":["a:5:{s:6:\"fix_id\";s:4:\"5097\";s:19:\"changed_revision_id\";s:4:\"1431\";s:20:\"original_revision_id\";s:4:\"1431\";s:17:\"operation_set_ids\";s:36:\"images_performance_and_seo_optimizer\";s:10:\"operations\";a:1:{i:0;s:11:\"tag_replace\";}}"],"litespeed_vpi_list":["a:3:{i:0;s:37:\"ABRecipes-New-Logo-with-Trademark.jpg\";i:1;s:36:\"Cuaresma-Recipes-Collage-Espanol.jpg\";i:2;s:36:\"Adriana-Martin-TACOS-23-683x1024.jpg\";}"],"_seopress_titles_desc":["Celebrando la Cuaresma con 7 Semanas de Recetas"],"_seopress_analysis_target_kw":["cuaresma"],"dpsp_networks_shares_json":["{\"facebook\":4,\"pinterest\":47,\"twitter\":0,\"yummly\":0,\"reddit\":0,\"buffer\":0,\"grow\":1}"],"wprm_rating_no_text_comments":["a:0:{}"],"copied_media_ids":["a:0:{}"],"referenced_media_ids":["a:1:{i:0;i:1432;}"],"_uag_page_assets":["a:9:{s:3:\"css\";s:0:\"\";s:2:\"js\";s:0:\"\";s:18:\"current_block_list\";a:0:{}s:8:\"uag_flag\";b:0;s:11:\"uag_version\";s:10:\"1777407569\";s:6:\"gfonts\";a:0:{}s:10:\"gfonts_url\";s:0:\"\";s:12:\"gfonts_files\";a:0:{}s:14:\"uag_faq_layout\";b:0;}"]},"uagb_featured_image_src":{"full":["https:\/\/www.adrianasbestrecipes.com\/wp-content\/uploads\/2013\/02\/Cuaresma-Recipes-Collage-Espanol.jpg",1024,768,false],"thumbnail":["https:\/\/www.adrianasbestrecipes.com\/wp-content\/uploads\/2013\/02\/Cuaresma-Recipes-Collage-Espanol-180x180.jpg",180,180,true],"medium":["https:\/\/www.adrianasbestrecipes.com\/wp-content\/uploads\/2013\/02\/Cuaresma-Recipes-Collage-Espanol-300x225.jpg",300,225,true],"medium_large":["https:\/\/www.adrianasbestrecipes.com\/wp-content\/uploads\/2013\/02\/Cuaresma-Recipes-Collage-Espanol.jpg",1024,768,false],"large":["https:\/\/www.adrianasbestrecipes.com\/wp-content\/uploads\/2013\/02\/Cuaresma-Recipes-Collage-Espanol-1024x768.jpg",1024,768,true],"1536x1536":["https:\/\/www.adrianasbestrecipes.com\/wp-content\/uploads\/2013\/02\/Cuaresma-Recipes-Collage-Espanol.jpg",1024,768,false],"2048x2048":["https:\/\/www.adrianasbestrecipes.com\/wp-content\/uploads\/2013\/02\/Cuaresma-Recipes-Collage-Espanol.jpg",1024,768,false],"wprm-metadata-1_1":["https:\/\/www.adrianasbestrecipes.com\/wp-content\/uploads\/2013\/02\/Cuaresma-Recipes-Collage-Espanol-500x500.jpg",500,500,true],"wprm-metadata-4_3":["https:\/\/www.adrianasbestrecipes.com\/wp-content\/uploads\/2013\/02\/Cuaresma-Recipes-Collage-Espanol-500x375.jpg",500,375,true],"wprm-metadata-16_9":["https:\/\/www.adrianasbestrecipes.com\/wp-content\/uploads\/2013\/02\/Cuaresma-Recipes-Collage-Espanol-480x270.jpg",480,270,true],"rpwe-thumbnail":["https:\/\/www.adrianasbestrecipes.com\/wp-content\/uploads\/2013\/02\/Cuaresma-Recipes-Collage-Espanol-45x45.jpg",45,45,true],"mailchimp":["https:\/\/www.adrianasbestrecipes.com\/wp-content\/uploads\/2013\/02\/Cuaresma-Recipes-Collage-Espanol-560x420.jpg",560,420,true],"web-stories-poster-portrait":["https:\/\/www.adrianasbestrecipes.com\/wp-content\/uploads\/2013\/02\/Cuaresma-Recipes-Collage-Espanol.jpg",640,480,false],"web-stories-publisher-logo":["https:\/\/www.adrianasbestrecipes.com\/wp-content\/uploads\/2013\/02\/Cuaresma-Recipes-Collage-Espanol.jpg",96,72,false],"web-stories-thumbnail":["https:\/\/www.adrianasbestrecipes.com\/wp-content\/uploads\/2013\/02\/Cuaresma-Recipes-Collage-Espanol.jpg",150,113,false]},"uagb_author_info":{"display_name":"Chef Adriana Martin","author_link":"https:\/\/www.adrianasbestrecipes.com\/es\/author\/adriana\/"},"uagb_comment_info":0,"uagb_excerpt":"Cuaresma, tradiciones de familia y cultura","jetpack-related-posts":[{"id":3442,"url":"https:\/\/www.adrianasbestrecipes.com\/es\/recetas-favoritas-para-la-cuaresma\/","url_meta":{"origin":1431,"position":0},"title":"Recetas Favoritas para la Cuaresma","author":"Chef Adriana Martin","date":"16 de febrero de 2015","format":false,"excerpt":"Recetas sin carne para los viernes de Cuaresma","rel":"","context":"En \u00abAlmuerzo\u00bb","block_context":{"text":"Almuerzo","link":"https:\/\/www.adrianasbestrecipes.com\/es\/category\/almuerzo-es\/"},"img":{"alt_text":"","src":"https:\/\/i0.wp.com\/www.adrianasbestrecipes.com\/wp-content\/uploads\/2015\/02\/Favorite-Recipes-for-Lent-1.jpg?resize=350%2C200&ssl=1","width":350,"height":200,"srcset":"https:\/\/i0.wp.com\/www.adrianasbestrecipes.com\/wp-content\/uploads\/2015\/02\/Favorite-Recipes-for-Lent-1.jpg?resize=350%2C200&ssl=1 1x, https:\/\/i0.wp.com\/www.adrianasbestrecipes.com\/wp-content\/uploads\/2015\/02\/Favorite-Recipes-for-Lent-1.jpg?resize=525%2C300&ssl=1 1.5x"},"classes":[]},{"id":4642,"url":"https:\/\/www.adrianasbestrecipes.com\/es\/unete-a-la-serie-7-semanas-de-recetas-para-la-cuaresma\/","url_meta":{"origin":1431,"position":1},"title":"\u00danete a Serie 7 Semanas de Recetas para la Cuaresma","author":"Chef Adriana Martin","date":"10 de febrero de 2016","format":false,"excerpt":"Ricas recetas para los viernes de cuaresma","rel":"","context":"En \u00abCuaresma y Recetas Sin Carne\u00bb","block_context":{"text":"Cuaresma y Recetas Sin Carne","link":"https:\/\/www.adrianasbestrecipes.com\/es\/category\/cuaresma-es\/"},"img":{"alt_text":"Welcome to the 7 Weeks of Lent Recipes","src":"https:\/\/i0.wp.com\/www.adrianasbestrecipes.com\/wp-content\/uploads\/2016\/02\/Welcome-to-the-7-Weeks-of-Lent-Recipes-1.jpg?resize=350%2C200&ssl=1","width":350,"height":200,"srcset":"https:\/\/i0.wp.com\/www.adrianasbestrecipes.com\/wp-content\/uploads\/2016\/02\/Welcome-to-the-7-Weeks-of-Lent-Recipes-1.jpg?resize=350%2C200&ssl=1 1x, https:\/\/i0.wp.com\/www.adrianasbestrecipes.com\/wp-content\/uploads\/2016\/02\/Welcome-to-the-7-Weeks-of-Lent-Recipes-1.jpg?resize=525%2C300&ssl=1 1.5x"},"classes":[]},{"id":3468,"url":"https:\/\/www.adrianasbestrecipes.com\/es\/menu-para-semana-santa-y-la-pascua\/","url_meta":{"origin":1431,"position":2},"title":"Men\u00fa para Semana Santa y la Pascua","author":"Chef Adriana Martin","date":"25 de febrero de 2015","format":false,"excerpt":"Men\u00fa para Semana Santa y la Pascua muy Mexicano","rel":"","context":"En \u00abCena\u00bb","block_context":{"text":"Cena","link":"https:\/\/www.adrianasbestrecipes.com\/es\/category\/cena-2\/"},"img":{"alt_text":"","src":"https:\/\/i0.wp.com\/www.adrianasbestrecipes.com\/wp-content\/uploads\/2015\/02\/Holy-Week-and-Easter-Menu-Ideas-scaled.jpg?resize=350%2C200&ssl=1","width":350,"height":200,"srcset":"https:\/\/i0.wp.com\/www.adrianasbestrecipes.com\/wp-content\/uploads\/2015\/02\/Holy-Week-and-Easter-Menu-Ideas-scaled.jpg?resize=350%2C200&ssl=1 1x, https:\/\/i0.wp.com\/www.adrianasbestrecipes.com\/wp-content\/uploads\/2015\/02\/Holy-Week-and-Easter-Menu-Ideas-scaled.jpg?resize=525%2C300&ssl=1 1.5x, https:\/\/i0.wp.com\/www.adrianasbestrecipes.com\/wp-content\/uploads\/2015\/02\/Holy-Week-and-Easter-Menu-Ideas-scaled.jpg?resize=700%2C400&ssl=1 2x, https:\/\/i0.wp.com\/www.adrianasbestrecipes.com\/wp-content\/uploads\/2015\/02\/Holy-Week-and-Easter-Menu-Ideas-scaled.jpg?resize=1050%2C600&ssl=1 3x, https:\/\/i0.wp.com\/www.adrianasbestrecipes.com\/wp-content\/uploads\/2015\/02\/Holy-Week-and-Easter-Menu-Ideas-scaled.jpg?resize=1400%2C800&ssl=1 4x"},"classes":[]},{"id":4659,"url":"https:\/\/www.adrianasbestrecipes.com\/es\/hamburguesas-de-frijol-negro-con-pico-de-gallo\/","url_meta":{"origin":1431,"position":3},"title":"Hamburguesas de Frijol Negro con Pico de Gallo","author":"Chef Adriana Martin","date":"12 de febrero de 2016","format":false,"excerpt":"Una opci\u00f3n sencilla y apropiada para el viernes de vigilia","rel":"","context":"En \u00abCena\u00bb","block_context":{"text":"Cena","link":"https:\/\/www.adrianasbestrecipes.com\/es\/category\/cena-2\/"},"img":{"alt_text":"Recipe for the Black Bean Burgers with Pico de Gallo and Avocado","src":"https:\/\/i0.wp.com\/www.adrianasbestrecipes.com\/wp-content\/uploads\/2016\/02\/Recipe-for-the-Black-Bean-Burgers-with-Pico-de-Gallo-and-Avocado-1-1.jpg?resize=350%2C200&ssl=1","width":350,"height":200,"srcset":"https:\/\/i0.wp.com\/www.adrianasbestrecipes.com\/wp-content\/uploads\/2016\/02\/Recipe-for-the-Black-Bean-Burgers-with-Pico-de-Gallo-and-Avocado-1-1.jpg?resize=350%2C200&ssl=1 1x, https:\/\/i0.wp.com\/www.adrianasbestrecipes.com\/wp-content\/uploads\/2016\/02\/Recipe-for-the-Black-Bean-Burgers-with-Pico-de-Gallo-and-Avocado-1-1.jpg?resize=525%2C300&ssl=1 1.5x"},"classes":[]},{"id":1457,"url":"https:\/\/www.adrianasbestrecipes.com\/es\/chiles-rellenos-de-queso\/","url_meta":{"origin":1431,"position":4},"title":"Chiles Rellenos de Queso","author":"Chef Adriana Martin","date":"24 de febrero de 2013","format":false,"excerpt":"Receta #3 ~ 7 Semanas de Recetas Cuaresma","rel":"","context":"En \u00abAlmuerzo\u00bb","block_context":{"text":"Almuerzo","link":"https:\/\/www.adrianasbestrecipes.com\/es\/category\/almuerzo-es\/"},"img":{"alt_text":"","src":"https:\/\/i0.wp.com\/www.adrianasbestrecipes.com\/wp-content\/uploads\/2013\/02\/Chile-Relleno-from-El-Segundo.jpg?resize=350%2C200&ssl=1","width":350,"height":200,"srcset":"https:\/\/i0.wp.com\/www.adrianasbestrecipes.com\/wp-content\/uploads\/2013\/02\/Chile-Relleno-from-El-Segundo.jpg?resize=350%2C200&ssl=1 1x, https:\/\/i0.wp.com\/www.adrianasbestrecipes.com\/wp-content\/uploads\/2013\/02\/Chile-Relleno-from-El-Segundo.jpg?resize=525%2C300&ssl=1 1.5x, https:\/\/i0.wp.com\/www.adrianasbestrecipes.com\/wp-content\/uploads\/2013\/02\/Chile-Relleno-from-El-Segundo.jpg?resize=700%2C400&ssl=1 2x"},"classes":[]},{"id":1520,"url":"https:\/\/www.adrianasbestrecipes.com\/es\/sopa-de-lentejas-con-chipotle\/","url_meta":{"origin":1431,"position":5},"title":"Sopa de Lentejas con Chipotle","author":"Chef Adriana Martin","date":"24 de marzo de 2013","format":false,"excerpt":"Receta #9 Sopa de Lentejas con Chipotle. Fin de las 7 Semanas de Recetas Cuaresma","rel":"","context":"En \u00abCena\u00bb","block_context":{"text":"Cena","link":"https:\/\/www.adrianasbestrecipes.com\/es\/category\/cena-2\/"},"img":{"alt_text":"Sopa de Lentejas con Chipotle","src":"https:\/\/i0.wp.com\/www.adrianasbestrecipes.com\/wp-content\/uploads\/2013\/03\/Lentils.jpg?resize=350%2C200&ssl=1","width":350,"height":200,"srcset":"https:\/\/i0.wp.com\/www.adrianasbestrecipes.com\/wp-content\/uploads\/2013\/03\/Lentils.jpg?resize=350%2C200&ssl=1 1x, https:\/\/i0.wp.com\/www.adrianasbestrecipes.com\/wp-content\/uploads\/2013\/03\/Lentils.jpg?resize=525%2C300&ssl=1 1.5x, https:\/\/i0.wp.com\/www.adrianasbestrecipes.com\/wp-content\/uploads\/2013\/03\/Lentils.jpg?resize=700%2C400&ssl=1 2x"},"classes":[]}],"jetpack_sharing_enabled":true,"_links":{"self":[{"href":"https:\/\/www.adrianasbestrecipes.com\/es\/wp-json\/wp\/v2\/posts\/1431","targetHints":{"allow":["GET"]}}],"collection":[{"href":"https:\/\/www.adrianasbestrecipes.com\/es\/wp-json\/wp\/v2\/posts"}],"about":[{"href":"https:\/\/www.adrianasbestrecipes.com\/es\/wp-json\/wp\/v2\/types\/post"}],"author":[{"embeddable":true,"href":"https:\/\/www.adrianasbestrecipes.com\/es\/wp-json\/wp\/v2\/users\/2"}],"replies":[{"embeddable":true,"href":"https:\/\/www.adrianasbestrecipes.com\/es\/wp-json\/wp\/v2\/comments?post=1431"}],"version-history":[{"count":0,"href":"https:\/\/www.adrianasbestrecipes.com\/es\/wp-json\/wp\/v2\/posts\/1431\/revisions"}],"wp:featuredmedia":[{"embeddable":true,"href":"https:\/\/www.adrianasbestrecipes.com\/es\/wp-json\/wp\/v2\/media\/1432"}],"wp:attachment":[{"href":"https:\/\/www.adrianasbestrecipes.com\/es\/wp-json\/wp\/v2\/media?parent=1431"}],"wp:term":[{"taxonomy":"category","embeddable":true,"href":"https:\/\/www.adrianasbestrecipes.com\/es\/wp-json\/wp\/v2\/categories?post=1431"},{"taxonomy":"post_tag","embeddable":true,"href":"https:\/\/www.adrianasbestrecipes.com\/es\/wp-json\/wp\/v2\/tags?post=1431"}],"curies":[{"name":"wp","href":"https:\/\/api.w.org\/{rel}","templated":true}]}}