{"id":1248,"date":"2012-12-16T00:35:49","date_gmt":"2012-12-16T05:35:49","guid":{"rendered":"https:\/\/www.adrianasbestrecipes.com\/?p=1248"},"modified":"2020-04-04T22:34:06","modified_gmt":"2020-04-05T02:34:06","slug":"las-posadas-tradiciones-de-mexico","status":"publish","type":"post","link":"https:\/\/www.adrianasbestrecipes.com\/es\/las-posadas-tradiciones-de-mexico\/","title":{"rendered":"Las Posadas ~ Tradiciones de M\u00e9xico"},"content":{"rendered":"<figure id=\"attachment_1231\" aria-describedby=\"caption-attachment-1231\" style=\"width: 635px\" class=\"wp-caption aligncenter\"><img decoding=\"async\" class=\"     wp-image-1231\" title=\"Feliz Navidad  Celebremos las Posadas\" src=\"https:\/\/www.adrianasbestrecipes.com\/wp-content\/uploads\/2012\/12\/Feliz-Navidad-Close-Up.jpg\" alt=\"Feliz Navidad  Celebremos las Posadas\" width=\"1024\" height=\"576\" srcset=\"https:\/\/www.adrianasbestrecipes.com\/wp-content\/uploads\/2012\/12\/Feliz-Navidad-Close-Up.jpg 1024w, https:\/\/www.adrianasbestrecipes.com\/wp-content\/uploads\/2012\/12\/Feliz-Navidad-Close-Up-300x169.jpg 300w, https:\/\/www.adrianasbestrecipes.com\/wp-content\/uploads\/2012\/12\/Feliz-Navidad-Close-Up-480x270.jpg 480w, https:\/\/www.adrianasbestrecipes.com\/wp-content\/uploads\/2012\/12\/Feliz-Navidad-Close-Up-560x315.jpg 560w\" sizes=\"(max-width: 1024px) 100vw, 1024px\" \/><figcaption id=\"caption-attachment-1231\" class=\"wp-caption-text\">Feliz Navidad Celebremos las Posadas ~ Foto cortes\u00eda de Carlos Contreras de Oteyza<\/figcaption><\/figure>\n<p>La Navidad es una fiesta muy importante para mi familia as\u00ed como las posadas. Yo crec\u00ed en la f\u00e9 cat\u00f3lica y criada con los valores tradicionales de una familia de la clase media mexicana. Esta \u00e9poca del a\u00f1o me trae muchos recuerdos felices, as\u00ed como\u00a0nostalgia por el pasado y las costumbres de mi cultura. Es por eso que hoy quiero compartir con ustedes algunas de las tradiciones con las que crec\u00ed y ahora quiero disfrutar junto con mi familia aqu\u00ed en los Estados Unidos. Mi amigo y fot\u00f3grafo <em>Carlos Contreras de Oteyza<\/em> contribuye conmigo en esta historia para ilustrar las tradiciones de M\u00e9xico. Sus im\u00e1genes verdaderamente me han tocado el coraz\u00f3n y me han transportado a aquella hermosa\u00a0\u00e9poca de mi vida pues\u00a0no he celebrado la Navidad en mi pa\u00eds desde hace m\u00e1s de trece a\u00f1os.<\/p>\n<figure id=\"attachment_1228\" aria-describedby=\"caption-attachment-1228\" style=\"width: 598px\" class=\"wp-caption aligncenter\"><img decoding=\"async\" class=\" wp-image-1228   \" src=\"https:\/\/www.adrianasbestrecipes.com\/wp-content\/uploads\/2012\/12\/Pinata-luces.jpg\" alt=\"Pinata Display\" width=\"1024\" height=\"525\" srcset=\"https:\/\/www.adrianasbestrecipes.com\/wp-content\/uploads\/2012\/12\/Pinata-luces.jpg 1024w, https:\/\/www.adrianasbestrecipes.com\/wp-content\/uploads\/2012\/12\/Pinata-luces-300x154.jpg 300w, https:\/\/www.adrianasbestrecipes.com\/wp-content\/uploads\/2012\/12\/Pinata-luces-560x287.jpg 560w\" sizes=\"(max-width: 1024px) 100vw, 1024px\" \/><figcaption id=\"caption-attachment-1228\" class=\"wp-caption-text\">Display iluminado encontrado en el centro del DF ~ Foto cortes\u00eda de Carlos Contreras de Oteyza<\/figcaption><\/figure>\n<p>A principios de diciembre la ciudad de <a title=\"Celebrando a Frida Kahlo\" href=\"https:\/\/www.adrianasbestrecipes.com\/es\/celebrando-a-frida-kahlo\/\" rel=\"noopener\">M\u00e9xico<\/a> se viste de gala para exhibir un impresionante espect\u00e1culo de luces Los displays de luces comienzan en la avenida Reforma, justo en el coraz\u00f3n de la ciudad de M\u00e9xico y contin\u00faan hasta llegar a la zona del centro hist\u00f3rico. Toda la familia incluyendo a mi bisabuela la \"Mam\u00e1 Grande\", mi mam\u00e1, mi padrastro, mi hermano y yo visit\u00e1bamos esta zona de la ciudad para ver las luces y disfrutar de antojitos en los puestos de venta de atole y tamales. As\u00ed como tener la oportunidad de conocer y saludar a Santa Claus o Pap\u00e1 Noel y a los Reyes Magos. Tom\u00e1bamos muchas fotos para preservar los recuerdos de momentos tan especiales. Tambi\u00e9n recuerdo que mi abuela <em><a title=\"Restaurante \u201cDo\u00f1a Borola\u201d\" href=\"https:\/\/www.adrianasbestrecipes.com\/es\/115\/\" rel=\"noopener\">Mama Licha<\/a><\/em>\u00a0me llevaba all\u00ed cada a\u00f1o para visitar a Santa en las tiendas y mi t\u00eda abuela Minita quien me llevaba a ver una vitrina que ten\u00eda una enorme representaci\u00f3n de un peque\u00f1o pueblo con casitas y mu\u00f1ecos as\u00ed como un tren que pasaba por en medio de la escena, todo esto mientras com\u00edamos deliciosos churros y chocolate caliente. Recuerdos muy lindos que guardo para siempre en mi coraz\u00f3n.<\/p>\n<figure id=\"attachment_1232\" aria-describedby=\"caption-attachment-1232\" style=\"width: 604px\" class=\"wp-caption aligncenter\"><img decoding=\"async\" class=\" wp-image-1232 \" src=\"https:\/\/www.adrianasbestrecipes.com\/wp-content\/uploads\/2012\/12\/Nacimiento.jpg\" alt=\"Nacimiento hecho por artesanos mexicanos ~ Foto cortes\u00eda de Carlos Contreras de Oteyza\" width=\"1024\" height=\"768\" srcset=\"https:\/\/www.adrianasbestrecipes.com\/wp-content\/uploads\/2012\/12\/Nacimiento.jpg 1024w, https:\/\/www.adrianasbestrecipes.com\/wp-content\/uploads\/2012\/12\/Nacimiento-300x225.jpg 300w, https:\/\/www.adrianasbestrecipes.com\/wp-content\/uploads\/2012\/12\/Nacimiento-500x375.jpg 500w, https:\/\/www.adrianasbestrecipes.com\/wp-content\/uploads\/2012\/12\/Nacimiento-560x420.jpg 560w\" sizes=\"(max-width: 1024px) 100vw, 1024px\" \/><figcaption id=\"caption-attachment-1232\" class=\"wp-caption-text\">Nacimiento hecho por artesanos mexicanos ~ Foto cortes\u00eda de Carlos Contreras de Oteyza<\/figcaption><\/figure>\n<p>Otra tradici\u00f3n que hemos tenido desde siempre era que en nuestra casa no faltaba un \u00e1rbol de Navidad y un hermoso Nacimiento hecho a mano por artistas mexicanos, mismo que pasaba de generaci\u00f3n en generaci\u00f3n y era puesto en la casa de la familia anfitriona de la cena de Nochebuena. En el jard\u00edn de mi Mama Grande crec\u00edan exuberantes flores de Nochebuena, que casualmente son la flor nacional de M\u00e9xico. Esta planta florece cada a\u00f1o y contin\u00faa hasta el mes de febrero, sin duda recuerdo esta grand\u00edsima planta que era tan grande como un \u00e1rbol la cual pod\u00eda ver desde la ventana de mi habitaci\u00f3n.<\/p>\n<figure id=\"attachment_1230\" aria-describedby=\"caption-attachment-1230\" style=\"width: 604px\" class=\"wp-caption aligncenter\"><img decoding=\"async\" class=\" wp-image-1230 \" src=\"https:\/\/www.adrianasbestrecipes.com\/wp-content\/uploads\/2012\/12\/Nochebuenas-2.jpg\" alt=\"Nochebuenas, flor nacional de M\u00e9xico Nacimiento hecho por artesanos mexicanos ~ Foto cortes\u00eda de Carlos Contreras de Oteyza\" width=\"1024\" height=\"681\" srcset=\"https:\/\/www.adrianasbestrecipes.com\/wp-content\/uploads\/2012\/12\/Nochebuenas-2.jpg 1024w, https:\/\/www.adrianasbestrecipes.com\/wp-content\/uploads\/2012\/12\/Nochebuenas-2-300x200.jpg 300w, https:\/\/www.adrianasbestrecipes.com\/wp-content\/uploads\/2012\/12\/Nochebuenas-2-560x372.jpg 560w, https:\/\/www.adrianasbestrecipes.com\/wp-content\/uploads\/2012\/12\/Nochebuenas-2-750x500.jpg 750w\" sizes=\"(max-width: 1024px) 100vw, 1024px\" \/><figcaption id=\"caption-attachment-1230\" class=\"wp-caption-text\">Nochebuenas, flor nacional de Mexico ~ Foto cortes\u00eda de Carlos Contreras de Oteyza<\/figcaption><\/figure>\n<p>En preparaci\u00f3n para la llegada del Ni\u00f1o Jes\u00fas en M\u00e9xico se celebran <em>Las Posadas<\/em>, una tradici\u00f3n que se remonta m\u00e1s de 300 a\u00f1os y son festividades que tienen como motivo preparar a los cat\u00f3licos para la llegada de Jesucristo. Esta celebraci\u00f3n se inicia el 16 de diciembre y termina el 24 en la v\u00edspera de la Navidad. Cuando era ni\u00f1a me gustaban mucho Las Posadas y guardo buenos recuerdos de esa \u00e9poca. En mi colonia esta celebraci\u00f3n era una festividad que reun\u00eda a toda la comunidad donde todas las familias involucradas se reun\u00edan cada noche para planear, hacer manualidades, y decidir los platos que se iban a preparar para la fiesta que dura 9 d\u00edas. El men\u00fa inclu\u00eda entre muchas otras cosas ricas tamales, atole y ponche caliente de frutas.<\/p>\n<figure id=\"attachment_1234\" aria-describedby=\"caption-attachment-1234\" style=\"width: 604px\" class=\"wp-caption aligncenter\"><img decoding=\"async\" class=\"   wp-image-1234\" title=\"Pi\u00f1atas tradicionales para las posadas \" src=\"https:\/\/www.adrianasbestrecipes.com\/wp-content\/uploads\/2012\/12\/Pinatas1.jpg\" alt=\"Pi\u00f1atas tradicionales para las posadas \" width=\"1024\" height=\"714\" srcset=\"https:\/\/www.adrianasbestrecipes.com\/wp-content\/uploads\/2012\/12\/Pinatas1.jpg 1024w, https:\/\/www.adrianasbestrecipes.com\/wp-content\/uploads\/2012\/12\/Pinatas1-300x209.jpg 300w, https:\/\/www.adrianasbestrecipes.com\/wp-content\/uploads\/2012\/12\/Pinatas1-560x390.jpg 560w\" sizes=\"(max-width: 1024px) 100vw, 1024px\" \/><figcaption id=\"caption-attachment-1234\" class=\"wp-caption-text\">Pi\u00f1atas tradicionales para las posadas ~ Foto cortes\u00eda de Carlos Contreras de Oteyza<\/figcaption><\/figure>\n<p>Los se\u00f1ores de la comunidad estaban a cargo de las pi\u00f1atas, mismas que se llenaban con dulces de colaci\u00f3n, naranjas, cacahuates, j\u00edcamas, tejocotes y ca\u00f1as de az\u00facar. Ellos se encargaban de coordinar el momento de romper la pi\u00f1ata, la colgaban lo m\u00e1s alto posible mientras que los ni\u00f1os trataban de pegarle con los ojos tapados con un \"paliacate\" y el resto de los invitados se alegraban el momento cantando la canci\u00f3n: \"Dale, dale, dale no pierdas el tino, por qu\u00e9 si lo pierdes, pierdes el camino\".<\/p>\n<p>Las pi\u00f1atas tienen 7 conos puntiagudos que representan cada pecado capital, la ruptura de la pi\u00f1ata es una manera simb\u00f3lica de recompensar la f\u00e9 y representan la lucha contra la tentaci\u00f3n y el mal. Estas pi\u00f1atas tradicionales est\u00e1n hechas de barro y papel de colores y los historiadores mencionan que las pi\u00f1atas fueron creadas con fines de evangelizaci\u00f3n por los frailes espa\u00f1oles durante la colonia.<\/p>\n<p>Este a\u00f1o quiero revivir esta tradici\u00f3n junto con mi familia aqu\u00ed en Orlando y ya he empezado a organizar mi Posada la cual sera en la v\u00edspera de Navidad. Espero que esta historia te haya inspirado para acoger a tu cultura y tradiciones, pero sobre todo para celebrar a la familia y la unidad.<\/p>\n","protected":false},"excerpt":{"rendered":"<p>\u00a1Feliz Navidad, celebremos con Las Posadas!<\/p>\n","protected":false},"author":2,"featured_media":5240,"comment_status":"open","ping_status":"closed","sticky":false,"template":"","format":"standard","meta":{"_seopress_robots_primary_cat":"","_seopress_titles_title":"","_seopress_titles_desc":"Las Posadas, una tradici\u00f3n que se remonta m\u00e1s de 300 a\u00f1os y son festividades que tienen como motivo preparar a los cat\u00f3licos para la llegada de Jesucristo.","_seopress_robots_index":"","_uag_custom_page_level_css":"","wprm-recipe-roundup-name":"","wprm-recipe-roundup-description":"","_jetpack_memberships_contains_paid_content":false,"footnotes":""},"categories":[628,79,1148],"tags":[],"class_list":["post-1248","post","type-post","status-publish","format-standard","has-post-thumbnail","hentry","category-cultura","category-historias-experiencias-restaurantes-productos","category-experiencias-culinarias-viajes","generate-columns","tablet-grid-50","mobile-grid-100","grid-parent","grid-50"],"jetpack_featured_media_url":"https:\/\/www.adrianasbestrecipes.com\/wp-content\/uploads\/Feliz-Navidad-Close-Up-1024x576.jpg","spectra_custom_meta":{"_edit_last":["2"],"_edit_lock":["1586054046:2"],"image":["https:\/\/adrianasbestrecipes.com\/wp-content\/uploads\/2012\/12\/Feliz-navidad.jpg"],"seo_follow":["false"],"seo_noindex":["false"],"_wpml_media_duplicate":["0"],"_wpml_media_featured":["0"],"_alp_processed":["1415654349"],"_image_alignment":["c"],"dsq_thread_id":["1930611341"],"pinType":["movie"],"pinName":[""],"pinDescription":[""],"pinRating":[""],"pinRatingMax":[""],"pinContent":["G"],"pinDate":[""],"numDirectors":["0"],"numActors":["0"],"_yoast_wpseo_focuskw":["Las Posadas"],"_yoast_wpseo_linkdex":["87"],"_yoast_wpseo_metadesc":["Las Posadas, una tradici\u00f3n que se remonta m\u00e1s de 300 a\u00f1os y son festividades que tienen como motivo preparar a los cat\u00f3licos para la llegada de Jesucristo."],"_thumbnail_id":["5240"],"_et_social_shares_facebook":["a:3:{s:12:\"force_update\";b:1;s:6:\"counts\";i:0;s:8:\"last_upd\";s:19:\"2016-08-18 12:32:58\";}"],"_et_social_shares_twitter":["a:3:{s:12:\"force_update\";b:1;s:6:\"counts\";i:0;s:8:\"last_upd\";s:19:\"2016-08-18 12:32:58\";}"],"_et_social_shares_googleplus":["a:3:{s:12:\"force_update\";b:1;s:6:\"counts\";i:0;s:8:\"last_upd\";s:19:\"2016-08-18 12:32:59\";}"],"_et_social_shares_pinterest":["a:3:{s:12:\"force_update\";b:1;s:6:\"counts\";i:0;s:8:\"last_upd\";s:19:\"2016-08-18 12:33:00\";}"],"_et_social_shares_delicious":["a:3:{s:12:\"force_update\";b:1;s:6:\"counts\";i:0;s:8:\"last_upd\";s:19:\"2016-05-23 17:34:20\";}"],"_et_social_shares_digg":["a:3:{s:12:\"force_update\";b:1;s:6:\"counts\";i:0;s:8:\"last_upd\";s:19:\"2016-05-23 17:34:20\";}"],"_et_social_shares_printfriendly":["a:3:{s:12:\"force_update\";b:1;s:6:\"counts\";i:0;s:8:\"last_upd\";s:19:\"2016-08-18 12:33:00\";}"],"_totes":["83"],"bitly_link":["http:\/\/bit.ly\/2FCtblR"],"_google_plus_shares":["0"],"bitly_link_google_plus":["http:\/\/bit.ly\/2KWUucS"],"swp_open_graph_image_data":["false"],"swp_open_graph_image_url":[""],"_facebook_shares":["38"],"_pinterest_shares":["45"],"_buffer_shares":["0"],"_yummly_shares":["0"],"_twitter_shares":["0"],"_whatsapp_shares":["0"],"_flipboard_shares":["0"],"_mix_shares":["0"],"_email_shares":["0"],"_total_shares":["83"],"bitly_link_facebook":["http:\/\/bit.ly\/2KWUnxY"],"bitly_link_twitter":["http:\/\/bit.ly\/2KS4DHP"],"bitly_link_mix":["http:\/\/bit.ly\/2tF2j0H"],"bitly_link_buffer":["http:\/\/bit.ly\/2tIL3rk"],"bitly_link_flipboard":["http:\/\/bit.ly\/2tJwKmg"],"bitly_link_email":["http:\/\/bit.ly\/2tJ81ii"],"bitly_link_whatsapp":["http:\/\/bit.ly\/2ODYAJn"],"bitly_link_yummly":["http:\/\/bit.ly\/2KS4ELT"],"swp_cache_timestamp":["431131"],"dpsp_networks_shares":["a:7:{s:8:\"facebook\";i:38;s:9:\"pinterest\";i:45;s:7:\"twitter\";i:0;s:6:\"yummly\";i:0;s:6:\"reddit\";i:0;s:6:\"buffer\";i:0;s:4:\"grow\";i:1;}"],"dpsp_networks_shares_total":["84"],"dpsp_networks_shares_last_updated":["1642537923"],"dpsp_cache_shares_twitter_2":["0"],"dpsp_short_link_bitly":["a:14:{s:18:\"facebook_short_url\";s:21:\"http:\/\/bit.ly\/2I19Uz0\";s:17:\"twitter_short_url\";s:21:\"http:\/\/bit.ly\/2I17qAT\";s:18:\"whatsapp_short_url\";s:21:\"http:\/\/bit.ly\/2HZGT6N\";s:16:\"yummly_short_url\";s:21:\"http:\/\/bit.ly\/2I5g0yB\";s:15:\"email_short_url\";s:21:\"http:\/\/bit.ly\/2I1I2L2\";s:13:\"mix_short_url\";s:21:\"http:\/\/bit.ly\/35yDULX\";s:19:\"flipboard_short_url\";s:21:\"http:\/\/bit.ly\/2MieOcD\";s:18:\"linkedin_short_url\";s:21:\"http:\/\/bit.ly\/2oKWNea\";s:16:\"reddit_short_url\";s:21:\"http:\/\/bit.ly\/35GDmnA\";s:16:\"buffer_short_url\";s:21:\"http:\/\/bit.ly\/2MlRESZ\";s:18:\"telegram_short_url\";s:21:\"http:\/\/bit.ly\/2MlRF9v\";s:14:\"grow_short_url\";s:22:\"https:\/\/bit.ly\/3erMe6I\";s:17:\"threads_short_url\";s:22:\"https:\/\/bit.ly\/3KLTOZr\";s:18:\"mastodon_short_url\";s:22:\"https:\/\/bit.ly\/3zd7MRn\";}"],"_jetpack_related_posts_cache":["a:1:{s:32:\"8f6677c9d6b0f903e98ad32ec61f8deb\";a:2:{s:7:\"expires\";i:1621698342;s:7:\"payload\";a:3:{i:0;a:1:{s:2:\"id\";i:1097;}i:1;a:1:{s:2:\"id\";i:10377;}i:2;a:1:{s:2:\"id\";i:18040;}}}}"],"dpsp_post_previous_urls":["a:1:{i:0;s:84:\"https:\/\/www.adrianasbestrecipes.com\/es\/2012\/12\/16\/las-posadas-tradiciones-de-mexico\/\";}"],"dpsp_networks_shares_previous_urls":["a:5:{s:8:\"facebook\";i:0;s:7:\"twitter\";i:0;s:9:\"pinterest\";i:0;s:6:\"yummly\";i:0;s:6:\"reddit\";i:0;}"],"_encloseme":["1"],"_tbf_fix_details":["a:5:{s:6:\"fix_id\";s:4:\"5097\";s:19:\"changed_revision_id\";s:4:\"1248\";s:20:\"original_revision_id\";s:4:\"1248\";s:17:\"operation_set_ids\";s:36:\"images_performance_and_seo_optimizer\";s:10:\"operations\";a:1:{i:0;s:11:\"tag_replace\";}}"],"litespeed_vpi_list":["a:3:{i:0;s:37:\"ABRecipes-New-Logo-with-Trademark.jpg\";i:1;s:35:\"Feliz-Navidad-Close-Up-1024x576.jpg\";i:2;s:36:\"Adriana-Martin-TACOS-23-683x1024.jpg\";}"],"_seopress_titles_desc":["Las Posadas, una tradici\u00f3n que se remonta m\u00e1s de 300 a\u00f1os y son festividades que tienen como motivo preparar a los cat\u00f3licos para la llegada de Jesucristo."],"_seopress_analysis_target_kw":["Las Posadas"],"dpsp_networks_shares_json":["{\"facebook\":38,\"pinterest\":45,\"twitter\":0,\"yummly\":0,\"reddit\":0,\"buffer\":0,\"grow\":1}"],"wprm_rating_no_text_comments":["a:0:{}"],"copied_media_ids":["a:0:{}"],"referenced_media_ids":["a:1:{i:0;i:5240;}"],"_uag_page_assets":["a:9:{s:3:\"css\";s:0:\"\";s:2:\"js\";s:0:\"\";s:18:\"current_block_list\";a:0:{}s:8:\"uag_flag\";b:0;s:11:\"uag_version\";s:10:\"1777530588\";s:6:\"gfonts\";a:0:{}s:10:\"gfonts_url\";s:0:\"\";s:12:\"gfonts_files\";a:0:{}s:14:\"uag_faq_layout\";b:0;}"]},"uagb_featured_image_src":{"full":["https:\/\/www.adrianasbestrecipes.com\/wp-content\/uploads\/Feliz-Navidad-Close-Up-1024x576.jpg",0,0,false],"thumbnail":["https:\/\/www.adrianasbestrecipes.com\/wp-content\/uploads\/Feliz-Navidad-Close-Up-1024x576.jpg",1,1,false],"medium":["https:\/\/www.adrianasbestrecipes.com\/wp-content\/uploads\/Feliz-Navidad-Close-Up-1024x576.jpg",1,1,false],"medium_large":["https:\/\/www.adrianasbestrecipes.com\/wp-content\/uploads\/Feliz-Navidad-Close-Up-1024x576.jpg",0,0,false],"large":["https:\/\/www.adrianasbestrecipes.com\/wp-content\/uploads\/Feliz-Navidad-Close-Up-1024x576.jpg",1,1,false],"1536x1536":["https:\/\/www.adrianasbestrecipes.com\/wp-content\/uploads\/Feliz-Navidad-Close-Up-1024x576.jpg",1,1,false],"2048x2048":["https:\/\/www.adrianasbestrecipes.com\/wp-content\/uploads\/Feliz-Navidad-Close-Up-1024x576.jpg",1,1,false],"wprm-metadata-1_1":["https:\/\/www.adrianasbestrecipes.com\/wp-content\/uploads\/Feliz-Navidad-Close-Up-1024x576.jpg",1,1,false],"wprm-metadata-4_3":["https:\/\/www.adrianasbestrecipes.com\/wp-content\/uploads\/Feliz-Navidad-Close-Up-1024x576.jpg",1,1,false],"wprm-metadata-16_9":["https:\/\/www.adrianasbestrecipes.com\/wp-content\/uploads\/Feliz-Navidad-Close-Up-1024x576.jpg",1,1,false],"rpwe-thumbnail":["https:\/\/www.adrianasbestrecipes.com\/wp-content\/uploads\/Feliz-Navidad-Close-Up-1024x576.jpg",1,1,false],"mailchimp":["https:\/\/www.adrianasbestrecipes.com\/wp-content\/uploads\/Feliz-Navidad-Close-Up-1024x576.jpg",1,1,false],"web-stories-poster-portrait":["https:\/\/www.adrianasbestrecipes.com\/wp-content\/uploads\/Feliz-Navidad-Close-Up-1024x576.jpg",1,1,false],"web-stories-publisher-logo":["https:\/\/www.adrianasbestrecipes.com\/wp-content\/uploads\/Feliz-Navidad-Close-Up-1024x576.jpg",1,1,false],"web-stories-thumbnail":["https:\/\/www.adrianasbestrecipes.com\/wp-content\/uploads\/Feliz-Navidad-Close-Up-1024x576.jpg",1,1,false]},"uagb_author_info":{"display_name":"Chef Adriana Martin","author_link":"https:\/\/www.adrianasbestrecipes.com\/es\/author\/adriana\/"},"uagb_comment_info":1,"uagb_excerpt":"\u00a1Feliz Navidad, celebremos con Las Posadas!","jetpack-related-posts":[{"id":10377,"url":"https:\/\/www.adrianasbestrecipes.com\/es\/celebrando-las-posadas-en-casa\/","url_meta":{"origin":1248,"position":0},"title":"Celebrando Las Posadas en Casa","author":"Chef Adriana Martin","date":"1 de diciembre de 2016","format":false,"excerpt":"Este a\u00f1o estamos organizando Las Posadas en casa y quiero inspirarte a hacer lo mismo. Las Posadas es una legendaria tradici\u00f3n mexicana de mas de 300 a\u00f1os.","rel":"","context":"En \u00abCena\u00bb","block_context":{"text":"Cena","link":"https:\/\/www.adrianasbestrecipes.com\/es\/category\/cena-2\/"},"img":{"alt_text":"Celebrando Las Posadas en Casa","src":"https:\/\/i0.wp.com\/www.adrianasbestrecipes.com\/wp-content\/uploads\/2016\/12\/Hosting-Las-Posadas-Party-at-Home.jpg?resize=350%2C200&ssl=1","width":350,"height":200,"srcset":"https:\/\/i0.wp.com\/www.adrianasbestrecipes.com\/wp-content\/uploads\/2016\/12\/Hosting-Las-Posadas-Party-at-Home.jpg?resize=350%2C200&ssl=1 1x, https:\/\/i0.wp.com\/www.adrianasbestrecipes.com\/wp-content\/uploads\/2016\/12\/Hosting-Las-Posadas-Party-at-Home.jpg?resize=525%2C300&ssl=1 1.5x, https:\/\/i0.wp.com\/www.adrianasbestrecipes.com\/wp-content\/uploads\/2016\/12\/Hosting-Las-Posadas-Party-at-Home.jpg?resize=700%2C400&ssl=1 2x"},"classes":[]},{"id":1097,"url":"https:\/\/www.adrianasbestrecipes.com\/es\/dia-de-muertos-una-tradicion-legendaria\/","url_meta":{"origin":1248,"position":1},"title":"D\u00eda de Muertos, Una Tradici\u00f3n Legendaria","author":"Chef Adriana Martin","date":"31 de octubre de 2012","format":false,"excerpt":"Porque hay vida despu\u00e9s de la vida... D\u00eda de los Muertos","rel":"","context":"En \u00abCultura\u00bb","block_context":{"text":"Cultura","link":"https:\/\/www.adrianasbestrecipes.com\/es\/category\/cultura\/"},"img":{"alt_text":"cempasuchil flower","src":"https:\/\/i0.wp.com\/www.adrianasbestrecipes.com\/wp-content\/uploads\/2012\/10\/cempasuchil-flower-.jpg?resize=350%2C200&ssl=1","width":350,"height":200,"srcset":"https:\/\/i0.wp.com\/www.adrianasbestrecipes.com\/wp-content\/uploads\/2012\/10\/cempasuchil-flower-.jpg?resize=350%2C200&ssl=1 1x, https:\/\/i0.wp.com\/www.adrianasbestrecipes.com\/wp-content\/uploads\/2012\/10\/cempasuchil-flower-.jpg?resize=525%2C300&ssl=1 1.5x"},"classes":[]},{"id":1212,"url":"https:\/\/www.adrianasbestrecipes.com\/las-posadas-mexico-traditions\/","url_meta":{"origin":1248,"position":2},"title":"Las Posadas ~ Mexico Traditions","author":"Chef Adriana Martin","date":"16 de diciembre de 2012","format":false,"excerpt":"Merry Christmas from my family to yours!","rel":"","context":"En \u00abCulture\u00bb","block_context":{"text":"Culture","link":"https:\/\/www.adrianasbestrecipes.com\/category\/culture\/"},"img":{"alt_text":"","src":"https:\/\/i0.wp.com\/www.adrianasbestrecipes.com\/wp-content\/uploads\/2012\/12\/Pinata-luces.jpg?resize=350%2C200&ssl=1","width":350,"height":200,"srcset":"https:\/\/i0.wp.com\/www.adrianasbestrecipes.com\/wp-content\/uploads\/2012\/12\/Pinata-luces.jpg?resize=350%2C200&ssl=1 1x, https:\/\/i0.wp.com\/www.adrianasbestrecipes.com\/wp-content\/uploads\/2012\/12\/Pinata-luces.jpg?resize=525%2C300&ssl=1 1.5x, https:\/\/i0.wp.com\/www.adrianasbestrecipes.com\/wp-content\/uploads\/2012\/12\/Pinata-luces.jpg?resize=700%2C400&ssl=1 2x"},"classes":[]},{"id":1219,"url":"https:\/\/www.adrianasbestrecipes.com\/es\/guacamole-para-las-posadas\/","url_meta":{"origin":1248,"position":3},"title":"Guacamole para las Posadas","author":"Chef Adriana Martin","date":"9 de diciembre de 2012","format":false,"excerpt":"\u00a1Amo los aguacates de M\u00e9xico y el Guacamole!","rel":"","context":"En \u00abBebidas y Cocteles\u00bb","block_context":{"text":"Bebidas y Cocteles","link":"https:\/\/www.adrianasbestrecipes.com\/es\/category\/beverages-es\/"},"img":{"alt_text":"","src":"https:\/\/i0.wp.com\/www.adrianasbestrecipes.com\/wp-content\/uploads\/2012\/12\/Holiday-Guacamole.jpg?resize=350%2C200&ssl=1","width":350,"height":200,"srcset":"https:\/\/i0.wp.com\/www.adrianasbestrecipes.com\/wp-content\/uploads\/2012\/12\/Holiday-Guacamole.jpg?resize=350%2C200&ssl=1 1x, https:\/\/i0.wp.com\/www.adrianasbestrecipes.com\/wp-content\/uploads\/2012\/12\/Holiday-Guacamole.jpg?resize=525%2C300&ssl=1 1.5x, https:\/\/i0.wp.com\/www.adrianasbestrecipes.com\/wp-content\/uploads\/2012\/12\/Holiday-Guacamole.jpg?resize=700%2C400&ssl=1 2x"},"classes":[]},{"id":4428,"url":"https:\/\/www.adrianasbestrecipes.com\/es\/ponche-de-navidad-estilo-mexicano\/","url_meta":{"origin":1248,"position":4},"title":"Ponche de Navidad Estilo Mexicano","author":"Chef Adriana Martin","date":"20 de noviembre de 2015","format":false,"excerpt":"Un Ponche de Navidad Estilo Mexicano es perfecto para la \u00e9poca del fr\u00edo y los d\u00edas de fiesta.","rel":"","context":"En \u00abBebidas y Cocteles\u00bb","block_context":{"text":"Bebidas y Cocteles","link":"https:\/\/www.adrianasbestrecipes.com\/es\/category\/beverages-es\/"},"img":{"alt_text":"Ponche de Navidad Estilo Mexicano","src":"https:\/\/i0.wp.com\/www.adrianasbestrecipes.com\/wp-content\/uploads\/2015\/11\/Mexican-Ponche-for-the-holidays.jpeg?resize=350%2C200&ssl=1","width":350,"height":200,"srcset":"https:\/\/i0.wp.com\/www.adrianasbestrecipes.com\/wp-content\/uploads\/2015\/11\/Mexican-Ponche-for-the-holidays.jpeg?resize=350%2C200&ssl=1 1x, https:\/\/i0.wp.com\/www.adrianasbestrecipes.com\/wp-content\/uploads\/2015\/11\/Mexican-Ponche-for-the-holidays.jpeg?resize=525%2C300&ssl=1 1.5x, https:\/\/i0.wp.com\/www.adrianasbestrecipes.com\/wp-content\/uploads\/2015\/11\/Mexican-Ponche-for-the-holidays.jpeg?resize=700%2C400&ssl=1 2x, https:\/\/i0.wp.com\/www.adrianasbestrecipes.com\/wp-content\/uploads\/2015\/11\/Mexican-Ponche-for-the-holidays.jpeg?resize=1050%2C600&ssl=1 3x"},"classes":[]},{"id":10517,"url":"https:\/\/www.adrianasbestrecipes.com\/es\/pollo-en-crema-de-aguacate-con-granada\/","url_meta":{"origin":1248,"position":5},"title":"Pollo en Crema de Aguacate con Granada","author":"Chef Adriana Martin","date":"7 de diciembre de 2016","format":false,"excerpt":"Inspirada en la receta original de los chiles en nogada de mi t\u00eda prepar\u00e9 un pollo en crema de aguacate con granada. Una receta deliciosa para las fiestas.","rel":"","context":"En \u00abCena\u00bb","block_context":{"text":"Cena","link":"https:\/\/www.adrianasbestrecipes.com\/es\/category\/cena-2\/"},"img":{"alt_text":"Pollo en Crema de Aguacate con Granada","src":"https:\/\/i0.wp.com\/www.adrianasbestrecipes.com\/wp-content\/uploads\/2016\/12\/Avocado-Crema-Chicken-with-Pomegranate-Jewels-.jpg?resize=350%2C200&ssl=1","width":350,"height":200,"srcset":"https:\/\/i0.wp.com\/www.adrianasbestrecipes.com\/wp-content\/uploads\/2016\/12\/Avocado-Crema-Chicken-with-Pomegranate-Jewels-.jpg?resize=350%2C200&ssl=1 1x, https:\/\/i0.wp.com\/www.adrianasbestrecipes.com\/wp-content\/uploads\/2016\/12\/Avocado-Crema-Chicken-with-Pomegranate-Jewels-.jpg?resize=525%2C300&ssl=1 1.5x, https:\/\/i0.wp.com\/www.adrianasbestrecipes.com\/wp-content\/uploads\/2016\/12\/Avocado-Crema-Chicken-with-Pomegranate-Jewels-.jpg?resize=700%2C400&ssl=1 2x"},"classes":[]}],"jetpack_sharing_enabled":true,"_links":{"self":[{"href":"https:\/\/www.adrianasbestrecipes.com\/es\/wp-json\/wp\/v2\/posts\/1248","targetHints":{"allow":["GET"]}}],"collection":[{"href":"https:\/\/www.adrianasbestrecipes.com\/es\/wp-json\/wp\/v2\/posts"}],"about":[{"href":"https:\/\/www.adrianasbestrecipes.com\/es\/wp-json\/wp\/v2\/types\/post"}],"author":[{"embeddable":true,"href":"https:\/\/www.adrianasbestrecipes.com\/es\/wp-json\/wp\/v2\/users\/2"}],"replies":[{"embeddable":true,"href":"https:\/\/www.adrianasbestrecipes.com\/es\/wp-json\/wp\/v2\/comments?post=1248"}],"version-history":[{"count":0,"href":"https:\/\/www.adrianasbestrecipes.com\/es\/wp-json\/wp\/v2\/posts\/1248\/revisions"}],"wp:featuredmedia":[{"embeddable":true,"href":"https:\/\/www.adrianasbestrecipes.com\/es\/wp-json\/wp\/v2\/media\/5240"}],"wp:attachment":[{"href":"https:\/\/www.adrianasbestrecipes.com\/es\/wp-json\/wp\/v2\/media?parent=1248"}],"wp:term":[{"taxonomy":"category","embeddable":true,"href":"https:\/\/www.adrianasbestrecipes.com\/es\/wp-json\/wp\/v2\/categories?post=1248"},{"taxonomy":"post_tag","embeddable":true,"href":"https:\/\/www.adrianasbestrecipes.com\/es\/wp-json\/wp\/v2\/tags?post=1248"}],"curies":[{"name":"wp","href":"https:\/\/api.w.org\/{rel}","templated":true}]}}