{"id":1097,"date":"2012-10-31T17:13:34","date_gmt":"2012-10-31T21:13:34","guid":{"rendered":"https:\/\/www.adrianasbestrecipes.com\/?p=1097"},"modified":"2014-10-21T23:27:37","modified_gmt":"2014-10-22T03:27:37","slug":"dia-de-muertos-una-tradicion-legendaria","status":"publish","type":"post","link":"https:\/\/www.adrianasbestrecipes.com\/es\/dia-de-muertos-una-tradicion-legendaria\/","title":{"rendered":"D\u00eda de Muertos, Una Tradici\u00f3n Legendaria"},"content":{"rendered":"<figure id=\"attachment_1100\" aria-describedby=\"caption-attachment-1100\" style=\"width: 623px\" class=\"wp-caption aligncenter\"><img decoding=\"async\" class=\"   wp-image-1100\" title=\"Tumba decorada con flores para el d\u00eda de muertos ~ foto cortes\u00eda de Carlos Contreras de Oteyza\" src=\"https:\/\/www.adrianasbestrecipes.com\/wp-content\/uploads\/2012\/10\/Decorations-with-Cempazuchil-Flower.jpg\" alt=\"Tumba decorada con flores para el d\u00eda de muertos ~ foto cortes\u00eda de Carlos Contreras de Oteyza\" width=\"800\" height=\"535\" srcset=\"https:\/\/www.adrianasbestrecipes.com\/wp-content\/uploads\/2012\/10\/Decorations-with-Cempazuchil-Flower.jpg 800w, https:\/\/www.adrianasbestrecipes.com\/wp-content\/uploads\/2012\/10\/Decorations-with-Cempazuchil-Flower-300x201.jpg 300w, https:\/\/www.adrianasbestrecipes.com\/wp-content\/uploads\/2012\/10\/Decorations-with-Cempazuchil-Flower-560x375.jpg 560w\" sizes=\"(max-width: 800px) 100vw, 800px\" \/><figcaption id=\"caption-attachment-1100\" class=\"wp-caption-text\">Tumba decorada con flores para el d\u00eda de muertos ~ foto cortes\u00eda de Carlos Contreras de Oteyza<\/figcaption><\/figure>\n<p><em><strong>Este articulo es un homenaje especial a mi madre Rosita, mi abuela Mam\u00e1 Licha, mi t\u00eda Minita, V\u00edctor mi querido t\u00edo, y a mis mejores amigos \"Pancho\" y Heidi, todos \u00e1ngeles en el cielo<\/strong>.\u00a0<\/em><\/p>\n<p><strong>M\u00e9xico<\/strong> es un pa\u00eds de cultura y tradiciones y el 2 de noviembre es uno de esos d\u00edas muy especiales para nosotros los mexicanos pues celebramos aquellos que han pasado a mejor vida y es una excelente oportunidad para que recordemos que hay vida despu\u00e9s de la vida y que la muerte puede ser celebrada de la misma manera que celebramos la vida.<\/p>\n<figure id=\"attachment_1099\" aria-describedby=\"caption-attachment-1099\" style=\"width: 630px\" class=\"wp-caption aligncenter\"><img decoding=\"async\" class=\"     wp-image-1099\" title=\"Cruz de Flores para el d\u00eda de muertos. Foto cortes\u00eda de Carlos Contreras de Oteyza\" src=\"https:\/\/www.adrianasbestrecipes.com\/wp-content\/uploads\/2012\/10\/cempazuchil-cross.jpg\" alt=\"Cruz de Flores para el d\u00eda de muertos. Foto cortes\u00eda de Carlos Contreras de Oteyza\" width=\"929\" height=\"622\" srcset=\"https:\/\/www.adrianasbestrecipes.com\/wp-content\/uploads\/2012\/10\/cempazuchil-cross.jpg 929w, https:\/\/www.adrianasbestrecipes.com\/wp-content\/uploads\/2012\/10\/cempazuchil-cross-300x201.jpg 300w, https:\/\/www.adrianasbestrecipes.com\/wp-content\/uploads\/2012\/10\/cempazuchil-cross-560x375.jpg 560w\" sizes=\"(max-width: 929px) 100vw, 929px\" \/><figcaption id=\"caption-attachment-1099\" class=\"wp-caption-text\">Cruz de Flores para el d\u00eda de muertos. Foto cortes\u00eda de Carlos Contreras de Oteyza<\/figcaption><\/figure>\n<p>El <strong>D\u00eda de los Muertos<\/strong> coincide con la celebraci\u00f3n Cat\u00f3lica del \"D\u00eda de Todos los Santos\" y se remonta cientos de a\u00f1os cuando los aztecas sol\u00edan dar tributo a la diosa Mictecacihuatl, la reina de Mictl\u00e1n o conocida como Se\u00f1ora de la Muerte, cuya funci\u00f3n era velar por los restos de los muertos y presid\u00eda las fiestas aztecas de los muertos las cuales ahora conocemos como el D\u00eda de los Muertos.<\/p>\n<figure id=\"attachment_1101\" aria-describedby=\"caption-attachment-1101\" style=\"width: 630px\" class=\"wp-caption aligncenter\"><img decoding=\"async\" class=\"wp-image-1101\" title=\"Calaveritas para celebrar a los ni\u00f1os el d\u00eda de muertos\" src=\"https:\/\/adrianasbestrecipes.com\/wp-content\/uploads\/2012\/10\/Calaveritas-300x196.jpg\" alt=\"Calaveritas para celebrar a los ni\u00f1os\" width=\"640\" height=\"419\" srcset=\"https:\/\/www.adrianasbestrecipes.com\/wp-content\/uploads\/2012\/10\/Calaveritas-300x196.jpg 300w, https:\/\/www.adrianasbestrecipes.com\/wp-content\/uploads\/2012\/10\/Calaveritas-560x366.jpg 560w, https:\/\/www.adrianasbestrecipes.com\/wp-content\/uploads\/2012\/10\/Calaveritas.jpg 819w\" sizes=\"(max-width: 640px) 100vw, 640px\" \/><figcaption id=\"caption-attachment-1101\" class=\"wp-caption-text\">Calaveritas para celebrar a los ni\u00f1os ~ Foto cortes\u00eda de Carlos Contreras de Oteyza<\/figcaption><\/figure>\n<p>Tradicionalmente las familias de todo M\u00e9xico recuerdan a sus seres queridos cocinando sus platillos favoritos, colocan un altar de veneraci\u00f3n con pan tradicional y calaveras dulces y velas. Visitan el cementerio en donde arreglan las tumbas y esparcen p\u00e9talos de flor de cempas\u00fachil para que las almas encuentren su camino a casa y puedan disfrutar del fest\u00edn colocado en la ofrenda del altar.<\/p>\n<figure id=\"attachment_1102\" aria-describedby=\"caption-attachment-1102\" style=\"width: 630px\" class=\"wp-caption aligncenter\"><img decoding=\"async\" class=\"wp-image-1102\" title=\"Breads for Dia de Muertos\" src=\"https:\/\/www.adrianasbestrecipes.com\/wp-content\/uploads\/2012\/10\/Breads.jpg\" alt=\"Breads for Dia de Muertos\" width=\"929\" height=\"622\" srcset=\"https:\/\/www.adrianasbestrecipes.com\/wp-content\/uploads\/2012\/10\/Breads.jpg 929w, https:\/\/www.adrianasbestrecipes.com\/wp-content\/uploads\/2012\/10\/Breads-300x201.jpg 300w, https:\/\/www.adrianasbestrecipes.com\/wp-content\/uploads\/2012\/10\/Breads-560x375.jpg 560w\" sizes=\"(max-width: 929px) 100vw, 929px\" \/><figcaption id=\"caption-attachment-1102\" class=\"wp-caption-text\">Panes Tradicionales para el d\u00eda de muertos ~ Foto Cortes\u00eda de Carlos Contreras de Oteyza<\/figcaption><\/figure>\n<p>La flor de cempas\u00fachil es tambi\u00e9n conocida como \u00a0Marigold de los Muertos, una planta que se ha utilizado ampliamente y cosechado por los antiguos aztecas con fines medicinales para curar varias enfermedades, especialmente las relacionadas con problemas del est\u00f3mago.<\/p>\n<figure id=\"attachment_3006\" aria-describedby=\"caption-attachment-3006\" style=\"width: 630px\" class=\"wp-caption aligncenter\"><img decoding=\"async\" class=\"wp-image-3006 size-full\" title=\"Flor de cempasuchil\" src=\"https:\/\/www.adrianasbestrecipes.com\/wp-content\/uploads\/2012\/10\/cempasuchil-flower-.jpg\" alt=\"Flor de cempasuchil \" width=\"640\" height=\"480\" srcset=\"https:\/\/www.adrianasbestrecipes.com\/wp-content\/uploads\/2012\/10\/cempasuchil-flower-.jpg 640w, https:\/\/www.adrianasbestrecipes.com\/wp-content\/uploads\/2012\/10\/cempasuchil-flower--300x225.jpg 300w, https:\/\/www.adrianasbestrecipes.com\/wp-content\/uploads\/2012\/10\/cempasuchil-flower--500x375.jpg 500w, https:\/\/www.adrianasbestrecipes.com\/wp-content\/uploads\/2012\/10\/cempasuchil-flower--560x420.jpg 560w\" sizes=\"(max-width: 640px) 100vw, 640px\" \/><figcaption id=\"caption-attachment-3006\" class=\"wp-caption-text\">La flor de cempas\u00fachil conocida como la marigold de los muertos<\/figcaption><\/figure>\n<p>Hoy en d\u00eda algunas zonas de M\u00e9xico siguen utilizando estas flores para preparar t\u00e9 o espolvorear en la decoraci\u00f3n de los alimentos e incluso para ofrecer como ofrenda a aquellos que han dejado este mundo.<\/p>\n<p>Al celebrar esta tradici\u00f3n quiero reconocer el trabajo de un incre\u00edble\u00a0artista \u00a0y fot\u00f3grafo mexicano <a title=\"Carlos Contreras de Oteyza\" href=\"http:\/\/www.carloscontreras.com.mx\/\" target=\"_blank\" rel=\"nofollow\"><strong>Carlos Contreras de Oteyza<\/strong><\/a>, quien amablemente nos permiti\u00f3 utilizar sus fotograf\u00edas para ilustrar esta historia sobre la celebraci\u00f3n del\u00a0D\u00eda de los Muertos.<\/p>\n<figure id=\"attachment_1105\" aria-describedby=\"caption-attachment-1105\" style=\"width: 630px\" class=\"wp-caption aligncenter\"><img decoding=\"async\" class=\"   wp-image-1105\" title=\"Families gathered at the cemetery to celebrate their beloved ones\" src=\"https:\/\/www.adrianasbestrecipes.com\/wp-content\/uploads\/2012\/10\/DSC_9345.jpg\" alt=\"Families gathered at the cemetery to celebrate their beloved ones\" width=\"929\" height=\"622\" srcset=\"https:\/\/www.adrianasbestrecipes.com\/wp-content\/uploads\/2012\/10\/DSC_9345.jpg 929w, https:\/\/www.adrianasbestrecipes.com\/wp-content\/uploads\/2012\/10\/DSC_9345-300x201.jpg 300w, https:\/\/www.adrianasbestrecipes.com\/wp-content\/uploads\/2012\/10\/DSC_9345-560x375.jpg 560w\" sizes=\"(max-width: 929px) 100vw, 929px\" \/><figcaption id=\"caption-attachment-1105\" class=\"wp-caption-text\">Las familias se unen y visitan el cementerio para visitar a sus muertos<\/figcaption><\/figure>\n<p>Los invito a celebrar conmigo este d\u00eda tan especial, recordando a los que ya no est\u00e1n en este mundo pero a\u00fan viven en nuestros corazones y pensamientos.<\/p>\n","protected":false},"excerpt":{"rendered":"<p>Porque  hay vida despu\u00e9s de la vida... D\u00eda de los Muertos<\/p>\n","protected":false},"author":2,"featured_media":5041,"comment_status":"open","ping_status":"closed","sticky":false,"template":"","format":"standard","meta":{"_seopress_robots_primary_cat":"","_seopress_titles_title":"","_seopress_titles_desc":"El 2 de noviembre es uno de esos d\u00edas muy especiales para nosotros los mexicanos pues celebramos aquellos que han pasado a mejor vida, el d\u00eda de muertos","_seopress_robots_index":"","_uag_custom_page_level_css":"","wprm-recipe-roundup-name":"","wprm-recipe-roundup-description":"","_jetpack_memberships_contains_paid_content":false,"footnotes":""},"categories":[628,1144],"tags":[1968,2961,1960,1967,630,61,578],"class_list":["post-1097","post","type-post","status-publish","format-standard","has-post-thumbnail","hentry","category-cultura","category-foodie-travels","tag-calaveritas","tag-cultura","tag-day-of-the-dead-es","tag-dia-de-los-muertos","tag-dia-de-muertos-es","tag-espanol","tag-mexico-es","generate-columns","tablet-grid-50","mobile-grid-100","grid-parent","grid-50"],"jetpack_featured_media_url":"https:\/\/www.adrianasbestrecipes.com\/wp-content\/uploads\/Decorations-with-Cempazuchil-Flower.jpg","spectra_custom_meta":{"_edit_last":["2"],"_edit_lock":["1413948350:2"],"image":["https:\/\/adrianasbestrecipes.com\/wp-content\/uploads\/2012\/10\/Decorations-with-Cempazuchil-Flower.jpg"],"seo_follow":["true"],"seo_noindex":["false"],"_alp_processed":["1413948460"],"_image_alignment":["c"],"dsq_thread_id":["1883337179"],"pinType":["movie"],"pinName":[""],"pinDescription":[""],"pinRating":[""],"pinRatingMax":[""],"pinContent":["G"],"pinDate":[""],"numDirectors":["0"],"numActors":["0"],"_yoast_wpseo_focuskw":["D\u00eda de Muertos"],"_yoast_wpseo_linkdex":["84"],"_yoast_wpseo_metadesc":["El 2 de noviembre es uno de esos d\u00edas muy especiales para nosotros los mexicanos pues celebramos aquellos que han pasado a mejor vida, el d\u00eda de muertos"],"_thumbnail_id":["5041"],"_et_social_shares_facebook":["a:3:{s:12:\"force_update\";b:1;s:6:\"counts\";i:2;s:8:\"last_upd\";s:19:\"2016-08-29 22:05:00\";}"],"_et_social_shares_twitter":["a:3:{s:12:\"force_update\";b:1;s:6:\"counts\";i:0;s:8:\"last_upd\";s:19:\"2016-08-29 22:05:00\";}"],"_et_social_shares_googleplus":["a:3:{s:12:\"force_update\";b:1;s:6:\"counts\";i:0;s:8:\"last_upd\";s:19:\"2016-08-29 22:05:02\";}"],"_et_social_shares_pinterest":["a:3:{s:12:\"force_update\";b:0;s:6:\"counts\";i:3;s:8:\"last_upd\";s:19:\"2016-08-29 22:00:06\";}"],"_et_social_shares_delicious":["a:3:{s:12:\"force_update\";b:1;s:6:\"counts\";i:0;s:8:\"last_upd\";s:19:\"2016-05-28 06:44:10\";}"],"_et_social_shares_digg":["a:3:{s:12:\"force_update\";b:1;s:6:\"counts\";i:0;s:8:\"last_upd\";s:19:\"2016-05-28 06:44:10\";}"],"_et_social_shares_printfriendly":["a:3:{s:12:\"force_update\";b:1;s:6:\"counts\";i:0;s:8:\"last_upd\";s:19:\"2016-08-29 22:05:02\";}"],"_wpml_media_featured":[null],"_totes":["80"],"bitly_link":["http:\/\/bit.ly\/2EdEmol"],"_facebook_shares":["52"],"_pinterest_shares":["28"],"_yummly_shares":["0"],"_twitter_shares":["0"],"_whatsapp_shares":["0"],"_google_plus_shares":["0"],"_total_shares":["80"],"swp_pinterest_image_url":[""],"swp_open_graph_image_data":["false"],"swp_open_graph_image_url":[""],"bitly_link_google_plus":["http:\/\/bit.ly\/2MDtPU1"],"bitly_link_facebook":["http:\/\/bit.ly\/2OvgcqI"],"bitly_link_twitter":["http:\/\/bit.ly\/2MD4o5b"],"bitly_link_whatsapp":["http:\/\/bit.ly\/2OvgeyQ"],"bitly_link_yummly":["http:\/\/bit.ly\/2Ovgdeg"],"swp_cache_timestamp":["429221"],"dpsp_networks_shares":["a:7:{s:8:\"facebook\";i:52;s:9:\"pinterest\";i:28;s:7:\"twitter\";i:0;s:6:\"yummly\";i:0;s:6:\"reddit\";i:0;s:6:\"buffer\";i:0;s:4:\"grow\";i:1;}"],"dpsp_networks_shares_total":["81"],"dpsp_networks_shares_last_updated":["1641654073"],"dpsp_cache_shares_twitter_2":["0"],"dpsp_short_link_bitly":["a:14:{s:18:\"facebook_short_url\";s:21:\"http:\/\/bit.ly\/2uAkXr6\";s:17:\"twitter_short_url\";s:21:\"http:\/\/bit.ly\/2uBj1yp\";s:18:\"whatsapp_short_url\";s:21:\"http:\/\/bit.ly\/2uCu0b8\";s:16:\"yummly_short_url\";s:21:\"http:\/\/bit.ly\/2uAkZPK\";s:15:\"email_short_url\";s:21:\"http:\/\/bit.ly\/2uAl0Di\";s:13:\"mix_short_url\";s:21:\"http:\/\/bit.ly\/2VJ5v8Q\";s:19:\"flipboard_short_url\";s:21:\"http:\/\/bit.ly\/2MLTdbB\";s:18:\"linkedin_short_url\";s:21:\"http:\/\/bit.ly\/32mZwsW\";s:16:\"reddit_short_url\";s:21:\"http:\/\/bit.ly\/32i8pE4\";s:16:\"buffer_short_url\";s:21:\"http:\/\/bit.ly\/2qewWeR\";s:18:\"telegram_short_url\";s:21:\"http:\/\/bit.ly\/2oNNV7p\";s:14:\"grow_short_url\";s:22:\"https:\/\/bit.ly\/2RtZGxV\";s:17:\"threads_short_url\";s:22:\"https:\/\/bit.ly\/3RuEgwT\";s:18:\"mastodon_short_url\";s:22:\"https:\/\/bit.ly\/3VFKACT\";}"],"_jetpack_related_posts_cache":["a:1:{s:32:\"8f6677c9d6b0f903e98ad32ec61f8deb\";a:2:{s:7:\"expires\";i:1622294226;s:7:\"payload\";a:3:{i:0;a:1:{s:2:\"id\";i:1248;}i:1;a:1:{s:2:\"id\";i:25425;}i:2;a:1:{s:2:\"id\";i:16669;}}}}"],"dpsp_post_previous_urls":["a:1:{i:0;s:90:\"https:\/\/www.adrianasbestrecipes.com\/es\/2012\/10\/31\/dia-de-muertos-una-tradicion-legendaria\/\";}"],"dpsp_networks_shares_previous_urls":["a:6:{s:8:\"facebook\";i:2;s:7:\"twitter\";i:0;s:9:\"pinterest\";i:7;s:6:\"yummly\";i:0;s:6:\"reddit\";i:0;s:6:\"buffer\";i:0;}"],"_tbf_fix_details":["a:5:{s:6:\"fix_id\";s:4:\"5097\";s:19:\"changed_revision_id\";s:4:\"1097\";s:20:\"original_revision_id\";s:4:\"1097\";s:17:\"operation_set_ids\";s:36:\"images_performance_and_seo_optimizer\";s:10:\"operations\";a:1:{i:0;s:11:\"tag_replace\";}}"],"litespeed_vpi_list":["a:3:{i:0;s:37:\"ABRecipes-New-Logo-with-Trademark.jpg\";i:1;s:39:\"Decorations-with-Cempazuchil-Flower.jpg\";i:2;s:36:\"Adriana-Martin-TACOS-23-683x1024.jpg\";}"],"_wpml_media_duplicate":[""],"_yoast_wpseo_primary_category":[""],"_seopress_titles_desc":["El 2 de noviembre es uno de esos d\u00edas muy especiales para nosotros los mexicanos pues celebramos aquellos que han pasado a mejor vida, el d\u00eda de muertos"],"_seopress_analysis_target_kw":["D\u00eda de Muertos"],"dpsp_networks_shares_json":["{\"facebook\":52,\"pinterest\":28,\"twitter\":0,\"yummly\":0,\"reddit\":0,\"buffer\":0,\"grow\":1}"],"wprm_rating_no_text_comments":["a:0:{}"],"copied_media_ids":["a:2:{i:0;i:218667;i:1;i:219504;}"],"referenced_media_ids":["a:1:{i:0;i:5041;}"],"_uag_page_assets":["a:9:{s:3:\"css\";s:0:\"\";s:2:\"js\";s:0:\"\";s:18:\"current_block_list\";a:0:{}s:8:\"uag_flag\";b:0;s:11:\"uag_version\";s:10:\"1777650910\";s:6:\"gfonts\";a:0:{}s:10:\"gfonts_url\";s:0:\"\";s:12:\"gfonts_files\";a:0:{}s:14:\"uag_faq_layout\";b:0;}"]},"uagb_featured_image_src":{"full":["https:\/\/www.adrianasbestrecipes.com\/wp-content\/uploads\/Decorations-with-Cempazuchil-Flower.jpg",0,0,false],"thumbnail":["https:\/\/www.adrianasbestrecipes.com\/wp-content\/uploads\/Decorations-with-Cempazuchil-Flower.jpg",1,1,false],"medium":["https:\/\/www.adrianasbestrecipes.com\/wp-content\/uploads\/Decorations-with-Cempazuchil-Flower.jpg",1,1,false],"medium_large":["https:\/\/www.adrianasbestrecipes.com\/wp-content\/uploads\/Decorations-with-Cempazuchil-Flower.jpg",0,0,false],"large":["https:\/\/www.adrianasbestrecipes.com\/wp-content\/uploads\/Decorations-with-Cempazuchil-Flower.jpg",1,1,false],"1536x1536":["https:\/\/www.adrianasbestrecipes.com\/wp-content\/uploads\/Decorations-with-Cempazuchil-Flower.jpg",1,1,false],"2048x2048":["https:\/\/www.adrianasbestrecipes.com\/wp-content\/uploads\/Decorations-with-Cempazuchil-Flower.jpg",1,1,false],"wprm-metadata-1_1":["https:\/\/www.adrianasbestrecipes.com\/wp-content\/uploads\/Decorations-with-Cempazuchil-Flower.jpg",1,1,false],"wprm-metadata-4_3":["https:\/\/www.adrianasbestrecipes.com\/wp-content\/uploads\/Decorations-with-Cempazuchil-Flower.jpg",1,1,false],"wprm-metadata-16_9":["https:\/\/www.adrianasbestrecipes.com\/wp-content\/uploads\/Decorations-with-Cempazuchil-Flower.jpg",1,1,false],"rpwe-thumbnail":["https:\/\/www.adrianasbestrecipes.com\/wp-content\/uploads\/Decorations-with-Cempazuchil-Flower.jpg",1,1,false],"mailchimp":["https:\/\/www.adrianasbestrecipes.com\/wp-content\/uploads\/Decorations-with-Cempazuchil-Flower.jpg",1,1,false],"web-stories-poster-portrait":["https:\/\/www.adrianasbestrecipes.com\/wp-content\/uploads\/Decorations-with-Cempazuchil-Flower.jpg",1,1,false],"web-stories-publisher-logo":["https:\/\/www.adrianasbestrecipes.com\/wp-content\/uploads\/Decorations-with-Cempazuchil-Flower.jpg",1,1,false],"web-stories-thumbnail":["https:\/\/www.adrianasbestrecipes.com\/wp-content\/uploads\/Decorations-with-Cempazuchil-Flower.jpg",1,1,false]},"uagb_author_info":{"display_name":"Chef Adriana Martin","author_link":"https:\/\/www.adrianasbestrecipes.com\/es\/author\/adriana\/"},"uagb_comment_info":0,"uagb_excerpt":"Porque hay vida despu\u00e9s de la vida... D\u00eda de los Muertos","jetpack-related-posts":[{"id":4335,"url":"https:\/\/www.adrianasbestrecipes.com\/es\/cupcakes-de-calabaza-y-calaveritas\/","url_meta":{"origin":1097,"position":0},"title":"Cupcakes de Calabaza y Calaveritas","author":"Chef Adriana Martin","date":"19 de octubre de 2015","format":false,"excerpt":"Un postre sencillo para el Halloween o el D\u00eda de Muertos","rel":"","context":"En \u00abDesserts and Baking\u00bb","block_context":{"text":"Desserts and Baking","link":"https:\/\/www.adrianasbestrecipes.com\/category\/desserts\/"},"img":{"alt_text":"","src":"https:\/\/i0.wp.com\/www.adrianasbestrecipes.com\/wp-content\/uploads\/2015\/10\/Sugar-Skull-Pumpkin-Cupcakes-prepared-with-ingredients-that-you-can-easily-find-at-your-local-supermarket-1.jpg?resize=350%2C200&ssl=1","width":350,"height":200,"srcset":"https:\/\/i0.wp.com\/www.adrianasbestrecipes.com\/wp-content\/uploads\/2015\/10\/Sugar-Skull-Pumpkin-Cupcakes-prepared-with-ingredients-that-you-can-easily-find-at-your-local-supermarket-1.jpg?resize=350%2C200&ssl=1 1x, https:\/\/i0.wp.com\/www.adrianasbestrecipes.com\/wp-content\/uploads\/2015\/10\/Sugar-Skull-Pumpkin-Cupcakes-prepared-with-ingredients-that-you-can-easily-find-at-your-local-supermarket-1.jpg?resize=525%2C300&ssl=1 1.5x"},"classes":[]},{"id":9033,"url":"https:\/\/www.adrianasbestrecipes.com\/es\/donas\/","url_meta":{"origin":1097,"position":1},"title":"Donas de Canela para el D\u00eda de Muertos","author":"Chef Adriana Martin","date":"4 de octubre de 2016","format":false,"excerpt":"Estas donas de canela est\u00e1n inspiradas en mis ra\u00edces mexicanas y son mi sugerencia para celebrar en familia el D\u00eda de Muertos. Una ocasi\u00f3n tan especial para recordar a nuestros seres queridos y crear nuevas memorias con los que a\u00fan estamos aqu\u00ed.","rel":"","context":"En \u00abDesserts and Baking\u00bb","block_context":{"text":"Desserts and Baking","link":"https:\/\/www.adrianasbestrecipes.com\/category\/desserts\/"},"img":{"alt_text":"Donas de Canela para celebrar el D\u00eda de Muertos en familia","src":"https:\/\/i0.wp.com\/www.adrianasbestrecipes.com\/wp-content\/uploads\/2016\/10\/Churro-Donuts-recipe-inspired-in-Mexican-favorites-and-Day-of-the-Dead-traditions.jpg?resize=350%2C200&ssl=1","width":350,"height":200,"srcset":"https:\/\/i0.wp.com\/www.adrianasbestrecipes.com\/wp-content\/uploads\/2016\/10\/Churro-Donuts-recipe-inspired-in-Mexican-favorites-and-Day-of-the-Dead-traditions.jpg?resize=350%2C200&ssl=1 1x, https:\/\/i0.wp.com\/www.adrianasbestrecipes.com\/wp-content\/uploads\/2016\/10\/Churro-Donuts-recipe-inspired-in-Mexican-favorites-and-Day-of-the-Dead-traditions.jpg?resize=525%2C300&ssl=1 1.5x, https:\/\/i0.wp.com\/www.adrianasbestrecipes.com\/wp-content\/uploads\/2016\/10\/Churro-Donuts-recipe-inspired-in-Mexican-favorites-and-Day-of-the-Dead-traditions.jpg?resize=700%2C400&ssl=1 2x"},"classes":[]},{"id":4339,"url":"https:\/\/www.adrianasbestrecipes.com\/es\/cafe-helado-con-peligroso-tequila\/","url_meta":{"origin":1097,"position":2},"title":"Caf\u00e9 Helado con Peligroso Tequila","author":"Chef Adriana Martin","date":"17 de octubre de 2015","format":false,"excerpt":"Una bebida con caf y tequila para las celebraciones del Halloween o el D\u00eda de Muertos","rel":"","context":"En \u00abBeverages\u00bb","block_context":{"text":"Beverages","link":"https:\/\/www.adrianasbestrecipes.com\/category\/beverages\/"},"img":{"alt_text":"","src":"https:\/\/i0.wp.com\/www.adrianasbestrecipes.com\/wp-content\/uploads\/2015\/10\/A-recipe-for-a-Peligroso-Tequila-Iced-Coffee-1.jpg?resize=350%2C200&ssl=1","width":350,"height":200,"srcset":"https:\/\/i0.wp.com\/www.adrianasbestrecipes.com\/wp-content\/uploads\/2015\/10\/A-recipe-for-a-Peligroso-Tequila-Iced-Coffee-1.jpg?resize=350%2C200&ssl=1 1x, https:\/\/i0.wp.com\/www.adrianasbestrecipes.com\/wp-content\/uploads\/2015\/10\/A-recipe-for-a-Peligroso-Tequila-Iced-Coffee-1.jpg?resize=525%2C300&ssl=1 1.5x"},"classes":[]},{"id":25425,"url":"https:\/\/www.adrianasbestrecipes.com\/es\/altar-de-dia-de-los-muertos\/","url_meta":{"origin":1097,"position":3},"title":"Altar de D\u00eda de Muertos y Sincretismo","author":"Chef Adriana Martin","date":"1 de noviembre de 2018","format":false,"excerpt":"C\u00f3mo poner el altar de muertos en casa para celebrar y recordar a los seres queridos que ya no est\u00e1n mediante simbolos, fotograf\u00edas y comidas favoritas.","rel":"","context":"En \u00abCultura\u00bb","block_context":{"text":"Cultura","link":"https:\/\/www.adrianasbestrecipes.com\/es\/category\/cultura\/"},"img":{"alt_text":"Como poner un altar de muertos en casa","src":"https:\/\/i0.wp.com\/www.adrianasbestrecipes.com\/wp-content\/uploads\/2018\/11\/How-to-set-up-an-altar-offering-at-home.jpeg?resize=350%2C200&ssl=1","width":350,"height":200,"srcset":"https:\/\/i0.wp.com\/www.adrianasbestrecipes.com\/wp-content\/uploads\/2018\/11\/How-to-set-up-an-altar-offering-at-home.jpeg?resize=350%2C200&ssl=1 1x, https:\/\/i0.wp.com\/www.adrianasbestrecipes.com\/wp-content\/uploads\/2018\/11\/How-to-set-up-an-altar-offering-at-home.jpeg?resize=525%2C300&ssl=1 1.5x, https:\/\/i0.wp.com\/www.adrianasbestrecipes.com\/wp-content\/uploads\/2018\/11\/How-to-set-up-an-altar-offering-at-home.jpeg?resize=700%2C400&ssl=1 2x, https:\/\/i0.wp.com\/www.adrianasbestrecipes.com\/wp-content\/uploads\/2018\/11\/How-to-set-up-an-altar-offering-at-home.jpeg?resize=1050%2C600&ssl=1 3x"},"classes":[]},{"id":9052,"url":"https:\/\/www.adrianasbestrecipes.com\/es\/pollo-almendrado-para-dia-de-muertos\/","url_meta":{"origin":1097,"position":4},"title":"Pollo Almendrado para D\u00eda de Muertos","author":"Chef Adriana Martin","date":"10 de octubre de 2016","format":false,"excerpt":"Inspirada en mis ra\u00edces mexicanas y la tradici\u00f3n del D\u00eda de Muertos, he creado una receta deliciosa para pollo almendrado. Hecha con almendras de California y especias mexicanas.","rel":"","context":"En \u00abDinner\u00bb","block_context":{"text":"Dinner","link":"https:\/\/www.adrianasbestrecipes.com\/category\/dinner\/"},"img":{"alt_text":"Pollo almendrado para el D\u00eda de Muertos","src":"https:\/\/i0.wp.com\/www.adrianasbestrecipes.com\/wp-content\/uploads\/2016\/10\/Almond-Mole-recipe-inspired-in-the-traditional-Mexican-Almendrado.jpg?resize=350%2C200&ssl=1","width":350,"height":200,"srcset":"https:\/\/i0.wp.com\/www.adrianasbestrecipes.com\/wp-content\/uploads\/2016\/10\/Almond-Mole-recipe-inspired-in-the-traditional-Mexican-Almendrado.jpg?resize=350%2C200&ssl=1 1x, https:\/\/i0.wp.com\/www.adrianasbestrecipes.com\/wp-content\/uploads\/2016\/10\/Almond-Mole-recipe-inspired-in-the-traditional-Mexican-Almendrado.jpg?resize=525%2C300&ssl=1 1.5x, https:\/\/i0.wp.com\/www.adrianasbestrecipes.com\/wp-content\/uploads\/2016\/10\/Almond-Mole-recipe-inspired-in-the-traditional-Mexican-Almendrado.jpg?resize=700%2C400&ssl=1 2x"},"classes":[]},{"id":16669,"url":"https:\/\/www.adrianasbestrecipes.com\/es\/cafe-de-olla-con-especia-de-calabaza\/","url_meta":{"origin":1097,"position":5},"title":"Cafe de Olla con Especia de Calabaza","author":"Chef Adriana Martin","date":"27 de septiembre de 2017","format":false,"excerpt":"El cafe de olla con especia de calabaza est\u00e1 inspirado en el Pumpkin Spice Caf\u00e9 Latte y preparado con COFFEE-MATE\u00ae natural bliss\u00ae Pumpkin Spice Flavor Creamer y NESCAF\u00c9\u00ae Caf\u00e9 de Olla.","rel":"","context":"En \u00abBeverages\u00bb","block_context":{"text":"Beverages","link":"https:\/\/www.adrianasbestrecipes.com\/category\/beverages\/"},"img":{"alt_text":"a jarrito served with coffee and topped with whipped cream","src":"https:\/\/i0.wp.com\/www.adrianasbestrecipes.com\/wp-content\/uploads\/2017\/09\/The-Pumpkin-Spice-Cafe-de-Olla-for-the-Day-of-the-Dead-Feast.jpg?resize=350%2C200&ssl=1","width":350,"height":200,"srcset":"https:\/\/i0.wp.com\/www.adrianasbestrecipes.com\/wp-content\/uploads\/2017\/09\/The-Pumpkin-Spice-Cafe-de-Olla-for-the-Day-of-the-Dead-Feast.jpg?resize=350%2C200&ssl=1 1x, https:\/\/i0.wp.com\/www.adrianasbestrecipes.com\/wp-content\/uploads\/2017\/09\/The-Pumpkin-Spice-Cafe-de-Olla-for-the-Day-of-the-Dead-Feast.jpg?resize=525%2C300&ssl=1 1.5x, https:\/\/i0.wp.com\/www.adrianasbestrecipes.com\/wp-content\/uploads\/2017\/09\/The-Pumpkin-Spice-Cafe-de-Olla-for-the-Day-of-the-Dead-Feast.jpg?resize=700%2C400&ssl=1 2x"},"classes":[]}],"jetpack_sharing_enabled":true,"_links":{"self":[{"href":"https:\/\/www.adrianasbestrecipes.com\/es\/wp-json\/wp\/v2\/posts\/1097","targetHints":{"allow":["GET"]}}],"collection":[{"href":"https:\/\/www.adrianasbestrecipes.com\/es\/wp-json\/wp\/v2\/posts"}],"about":[{"href":"https:\/\/www.adrianasbestrecipes.com\/es\/wp-json\/wp\/v2\/types\/post"}],"author":[{"embeddable":true,"href":"https:\/\/www.adrianasbestrecipes.com\/es\/wp-json\/wp\/v2\/users\/2"}],"replies":[{"embeddable":true,"href":"https:\/\/www.adrianasbestrecipes.com\/es\/wp-json\/wp\/v2\/comments?post=1097"}],"version-history":[{"count":0,"href":"https:\/\/www.adrianasbestrecipes.com\/es\/wp-json\/wp\/v2\/posts\/1097\/revisions"}],"wp:featuredmedia":[{"embeddable":true,"href":"https:\/\/www.adrianasbestrecipes.com\/es\/wp-json\/wp\/v2\/media\/5041"}],"wp:attachment":[{"href":"https:\/\/www.adrianasbestrecipes.com\/es\/wp-json\/wp\/v2\/media?parent=1097"}],"wp:term":[{"taxonomy":"category","embeddable":true,"href":"https:\/\/www.adrianasbestrecipes.com\/es\/wp-json\/wp\/v2\/categories?post=1097"},{"taxonomy":"post_tag","embeddable":true,"href":"https:\/\/www.adrianasbestrecipes.com\/es\/wp-json\/wp\/v2\/tags?post=1097"}],"curies":[{"name":"wp","href":"https:\/\/api.w.org\/{rel}","templated":true}]}}