{"id":1076,"date":"2012-10-22T15:26:33","date_gmt":"2012-10-22T19:26:33","guid":{"rendered":"https:\/\/www.adrianasbestrecipes.com\/?p=1076"},"modified":"2012-11-12T14:47:20","modified_gmt":"2012-11-12T18:47:20","slug":"manzanas-de-caramelo","status":"publish","type":"post","link":"https:\/\/www.adrianasbestrecipes.com\/es\/manzanas-de-caramelo\/","title":{"rendered":"Manzanas de Caramelo"},"content":{"rendered":"<figure id=\"attachment_1071\" aria-describedby=\"caption-attachment-1071\" style=\"width: 571px\" class=\"wp-caption aligncenter\"><img decoding=\"async\" class=\" wp-image-1071   \" title=\"Caramel Apples \" src=\"https:\/\/www.adrianasbestrecipes.com\/wp-content\/uploads\/2012\/10\/Caramel-Apples-8.jpg\" alt=\"\" width=\"1024\" height=\"575\" srcset=\"https:\/\/www.adrianasbestrecipes.com\/wp-content\/uploads\/2012\/10\/Caramel-Apples-8.jpg 1024w, https:\/\/www.adrianasbestrecipes.com\/wp-content\/uploads\/2012\/10\/Caramel-Apples-8-300x168.jpg 300w, https:\/\/www.adrianasbestrecipes.com\/wp-content\/uploads\/2012\/10\/Caramel-Apples-8-480x270.jpg 480w, https:\/\/www.adrianasbestrecipes.com\/wp-content\/uploads\/2012\/10\/Caramel-Apples-8-560x314.jpg 560w\" sizes=\"(max-width: 1024px) 100vw, 1024px\" \/><figcaption id=\"caption-attachment-1071\" class=\"wp-caption-text\">Manzanas de Caramelo<\/figcaption><\/figure>\n<p>No hay nada mas rico que las manzanas de caramelo para la celebraci\u00f3n del Halloween, por eso hoy te comparto mi receta y tips \u00a0de como prepararlas en casa f\u00e1cilmente.<\/p>\n<h2>INGREDIENTES<\/h2>\n<ul>\n<li>12 manzanas Granny Smith<\/li>\n<li>4 tazas de chips de caramelo (2 tazas de caramelo derretido por cada media docena de manzanas)<\/li>\n<li>1 taza de chocolate blanco<\/li>\n<li>1 taza de chocolate con leche<\/li>\n<li>1 taza de nueces picadas<\/li>\n<li>1 taza de coco<\/li>\n<li>Canela en polvo<\/li>\n<li>12 palitos de madera<\/li>\n<li>12 moldes de papel para cupcakes o panecillos<\/li>\n<li>12 pins de Halloween<\/li>\n<\/ul>\n<p>&nbsp;<\/p>\n<figure id=\"attachment_1070\" aria-describedby=\"caption-attachment-1070\" style=\"width: 571px\" class=\"wp-caption aligncenter\"><img decoding=\"async\" class=\" wp-image-1070   \" title=\"Caramel apples ingredients\" src=\"https:\/\/www.adrianasbestrecipes.com\/wp-content\/uploads\/2012\/10\/Caramel-apples-5.jpg\" alt=\"\" width=\"1024\" height=\"575\" srcset=\"https:\/\/www.adrianasbestrecipes.com\/wp-content\/uploads\/2012\/10\/Caramel-apples-5.jpg 1024w, https:\/\/www.adrianasbestrecipes.com\/wp-content\/uploads\/2012\/10\/Caramel-apples-5-300x168.jpg 300w, https:\/\/www.adrianasbestrecipes.com\/wp-content\/uploads\/2012\/10\/Caramel-apples-5-480x270.jpg 480w, https:\/\/www.adrianasbestrecipes.com\/wp-content\/uploads\/2012\/10\/Caramel-apples-5-560x314.jpg 560w\" sizes=\"(max-width: 1024px) 100vw, 1024px\" \/><figcaption id=\"caption-attachment-1070\" class=\"wp-caption-text\">Ingredientes para las Manzanas de Caramelo<\/figcaption><\/figure>\n<p><strong><span style=\"text-decoration: underline;\">Tiempo de preparaci\u00f3n:<\/span><\/strong> 30 minutos. Vas a necesitar un horno de microondas, 5 tazones y 5 cucharas, \u00a0una charola y papel encerado. El costo aproximado por persona es de USD$1.50, dependiendo del precio de los ingredientes en tu mercado local. Esta receta es para 12 personas.<\/p>\n<p>Limpia las manzanas con agua y jab\u00f3n, \u00a0s\u00e9calas con una toalla de papel hasta que queden bien secas para permitir que el caramelo se adhiera. Coloca el palito de madera en la manzana. Remoja en caramelo derretido una por una, asegurando de cubrir bien, despu\u00e9s a\u00f1ade el coco y coloca en la charola cubierta con papel encerado hasta que el caramelo se seque. Utiliza este mismo proceso para cubrir con las nueces.<\/p>\n<figure id=\"attachment_1072\" aria-describedby=\"caption-attachment-1072\" style=\"width: 571px\" class=\"wp-caption aligncenter\"><img decoding=\"async\" class=\" wp-image-1072   \" title=\"Caramel Apples Process\" src=\"https:\/\/www.adrianasbestrecipes.com\/wp-content\/uploads\/2012\/10\/Caramel-Apples-Process.jpg\" alt=\"\" width=\"1024\" height=\"576\" srcset=\"https:\/\/www.adrianasbestrecipes.com\/wp-content\/uploads\/2012\/10\/Caramel-Apples-Process.jpg 1024w, https:\/\/www.adrianasbestrecipes.com\/wp-content\/uploads\/2012\/10\/Caramel-Apples-Process-300x169.jpg 300w, https:\/\/www.adrianasbestrecipes.com\/wp-content\/uploads\/2012\/10\/Caramel-Apples-Process-480x270.jpg 480w, https:\/\/www.adrianasbestrecipes.com\/wp-content\/uploads\/2012\/10\/Caramel-Apples-Process-560x315.jpg 560w\" sizes=\"(max-width: 1024px) 100vw, 1024px\" \/><figcaption id=\"caption-attachment-1072\" class=\"wp-caption-text\">Proceso para preparar las manzanas de caramelo<\/figcaption><\/figure>\n<p>Derrite el chocolate en el horno de microondas y con una cuchara a\u00f1ade el chocolate en la parte superior de la manzana; para la versi\u00f3n de chocolate blanco espolvorea canela como toque final. Utiliza los moldes de papel para cupcakes para servir cada manzana y decora con pins de \u00a0Halloween.<\/p>\n<figure id=\"attachment_1073\" aria-describedby=\"caption-attachment-1073\" style=\"width: 571px\" class=\"wp-caption aligncenter\"><img decoding=\"async\" class=\" wp-image-1073\" title=\"Apples covered in white and milk chocolate\" src=\"https:\/\/www.adrianasbestrecipes.com\/wp-content\/uploads\/2012\/10\/Apples-covered-in-white-and-milk-chocolate.jpg\" alt=\"\" width=\"1024\" height=\"576\" srcset=\"https:\/\/www.adrianasbestrecipes.com\/wp-content\/uploads\/2012\/10\/Apples-covered-in-white-and-milk-chocolate.jpg 1024w, https:\/\/www.adrianasbestrecipes.com\/wp-content\/uploads\/2012\/10\/Apples-covered-in-white-and-milk-chocolate-300x169.jpg 300w, https:\/\/www.adrianasbestrecipes.com\/wp-content\/uploads\/2012\/10\/Apples-covered-in-white-and-milk-chocolate-480x270.jpg 480w, https:\/\/www.adrianasbestrecipes.com\/wp-content\/uploads\/2012\/10\/Apples-covered-in-white-and-milk-chocolate-560x315.jpg 560w\" sizes=\"(max-width: 1024px) 100vw, 1024px\" \/><figcaption id=\"caption-attachment-1073\" class=\"wp-caption-text\">Decora con chocolate blanco y con chocolate de leche<\/figcaption><\/figure>\n<p>Esta receta es f\u00e1cil y muy divertida para preparar con los ni\u00f1os. \u00a1Feliz D\u00eda de Halloween!<\/p>\n<figure id=\"attachment_1074\" aria-describedby=\"caption-attachment-1074\" style=\"width: 571px\" class=\"wp-caption aligncenter\"><img decoding=\"async\" class=\" wp-image-1074   \" title=\"Caramel Apples with Milk &amp; White Chocolate\" src=\"https:\/\/www.adrianasbestrecipes.com\/wp-content\/uploads\/2012\/10\/final-shot.jpg\" alt=\"\" width=\"1024\" height=\"575\" srcset=\"https:\/\/www.adrianasbestrecipes.com\/wp-content\/uploads\/2012\/10\/final-shot.jpg 1024w, https:\/\/www.adrianasbestrecipes.com\/wp-content\/uploads\/2012\/10\/final-shot-300x168.jpg 300w, https:\/\/www.adrianasbestrecipes.com\/wp-content\/uploads\/2012\/10\/final-shot-480x270.jpg 480w, https:\/\/www.adrianasbestrecipes.com\/wp-content\/uploads\/2012\/10\/final-shot-560x314.jpg 560w\" sizes=\"(max-width: 1024px) 100vw, 1024px\" \/><figcaption id=\"caption-attachment-1074\" class=\"wp-caption-text\">Manzanas de Caramelo con Chocolate de Leche y Chocolate Blanco<\/figcaption><\/figure>\n<p>&nbsp;<\/p>\n","protected":false},"excerpt":{"rendered":"<p>Truco o Golosina en Halloween<\/p>\n","protected":false},"author":2,"featured_media":5039,"comment_status":"open","ping_status":"closed","sticky":false,"template":"","format":"standard","meta":{"_seopress_robots_primary_cat":"","_seopress_titles_title":"","_seopress_titles_desc":"","_seopress_robots_index":"","_uag_custom_page_level_css":"","wprm-recipe-roundup-name":"","wprm-recipe-roundup-description":"","_jetpack_memberships_contains_paid_content":false,"footnotes":""},"categories":[73,70],"tags":[557,605,560],"class_list":["post-1076","post","type-post","status-publish","format-standard","has-post-thumbnail","hentry","category-facil-y-rapido","category-postres","tag-featured-es","tag-halloween-es","tag-spotlight-es","generate-columns","tablet-grid-50","mobile-grid-100","grid-parent","grid-50"],"jetpack_featured_media_url":"https:\/\/www.adrianasbestrecipes.com\/wp-content\/uploads\/Caramel-Apples-8-1024x575.jpg","spectra_custom_meta":{"_edit_last":["2"],"_edit_lock":["1352746040:2"],"image":["https:\/\/adrianasbestrecipes.com\/wp-content\/uploads\/2012\/10\/Caramel-Apples-8.jpg"],"_image_alignment":["c"],"seo_follow":["false"],"seo_noindex":["false"],"_wpml_media_duplicate":["0"],"_wpml_media_featured":["0"],"_alp_processed":["1352746040"],"dsq_thread_id":["1882959277"],"_thumbnail_id":["5039"],"_et_social_shares_facebook":["a:3:{s:12:\"force_update\";b:1;s:6:\"counts\";i:2;s:8:\"last_upd\";s:19:\"2016-08-25 05:21:45\";}"],"_et_social_shares_twitter":["a:3:{s:12:\"force_update\";b:1;s:6:\"counts\";i:0;s:8:\"last_upd\";s:19:\"2016-08-25 05:21:45\";}"],"_et_social_shares_googleplus":["a:3:{s:12:\"force_update\";b:1;s:6:\"counts\";i:0;s:8:\"last_upd\";s:19:\"2016-08-25 05:21:46\";}"],"_et_social_shares_pinterest":["a:3:{s:12:\"force_update\";b:1;s:6:\"counts\";i:0;s:8:\"last_upd\";s:19:\"2016-08-25 05:21:46\";}"],"_et_social_shares_delicious":["a:3:{s:12:\"force_update\";b:1;s:6:\"counts\";i:0;s:8:\"last_upd\";s:19:\"2016-05-28 03:18:26\";}"],"_et_social_shares_digg":["a:3:{s:12:\"force_update\";b:1;s:6:\"counts\";i:0;s:8:\"last_upd\";s:19:\"2016-05-28 03:18:26\";}"],"_et_social_shares_printfriendly":["a:3:{s:12:\"force_update\";b:1;s:6:\"counts\";i:0;s:8:\"last_upd\";s:19:\"2016-08-25 05:21:46\";}"],"_totes":["0"],"bitly_link":["http:\/\/bit.ly\/2FzNdNR"],"_google_plus_shares":["0"],"bitly_link_google_plus":["http:\/\/bit.ly\/2MFIa2r"],"bitly_link_facebook":["http:\/\/bit.ly\/2MFIb6v"],"bitly_link_twitter":["http:\/\/bit.ly\/2Ousdws"],"bitly_link_whatsapp":["http:\/\/bit.ly\/2OurD1K"],"bitly_link_yummly":["http:\/\/bit.ly\/2OusdMY"],"_facebook_shares":["2"],"_pinterest_shares":["0"],"_buffer_shares":["0"],"_yummly_shares":["0"],"_twitter_shares":["0"],"_whatsapp_shares":["0"],"_flipboard_shares":["0"],"_mix_shares":["0"],"_email_shares":["0"],"_total_shares":["2"],"swp_pinterest_image_url":[""],"swp_open_graph_image_data":["false"],"swp_open_graph_image_url":[""],"swp_cache_timestamp":["430952"],"dpsp_networks_shares":["a:7:{s:8:\"facebook\";i:2;s:7:\"twitter\";i:0;s:9:\"pinterest\";i:0;s:6:\"yummly\";i:0;s:6:\"reddit\";i:0;s:6:\"buffer\";i:0;s:4:\"grow\";i:1;}"],"dpsp_networks_shares_total":["3"],"dpsp_networks_shares_last_updated":["1643631254"],"dpsp_cache_shares_twitter_2":["0"],"dpsp_short_link_bitly":["a:14:{s:18:\"facebook_short_url\";s:21:\"http:\/\/bit.ly\/2uyNMUD\";s:17:\"twitter_short_url\";s:21:\"http:\/\/bit.ly\/2uAGaRK\";s:18:\"whatsapp_short_url\";s:21:\"http:\/\/bit.ly\/2uCgioq\";s:16:\"yummly_short_url\";s:21:\"http:\/\/bit.ly\/2uzljOH\";s:15:\"email_short_url\";s:21:\"http:\/\/bit.ly\/2uAhzfK\";s:13:\"mix_short_url\";s:21:\"http:\/\/bit.ly\/2ppvaau\";s:19:\"flipboard_short_url\";s:21:\"http:\/\/bit.ly\/2BjUXDK\";s:18:\"linkedin_short_url\";s:21:\"http:\/\/bit.ly\/33N0YoP\";s:16:\"reddit_short_url\";s:21:\"http:\/\/bit.ly\/2MJXnki\";s:16:\"buffer_short_url\";s:21:\"http:\/\/bit.ly\/32z60EQ\";s:18:\"telegram_short_url\";s:21:\"http:\/\/bit.ly\/2MmTR0f\";s:14:\"grow_short_url\";s:22:\"https:\/\/bit.ly\/2Rs5ecg\";s:17:\"threads_short_url\";s:22:\"https:\/\/bit.ly\/3ziHvB5\";s:18:\"mastodon_short_url\";s:22:\"https:\/\/bit.ly\/4bh3qGl\";}"],"_jetpack_related_posts_cache":["a:1:{s:32:\"8f6677c9d6b0f903e98ad32ec61f8deb\";a:2:{s:7:\"expires\";i:1622187764;s:7:\"payload\";a:3:{i:0;a:1:{s:2:\"id\";i:9785;}i:1;a:1:{s:2:\"id\";i:3144;}i:2;a:1:{s:2:\"id\";i:2929;}}}}"],"dpsp_post_previous_urls":["a:1:{i:0;s:71:\"https:\/\/www.adrianasbestrecipes.com\/es\/2012\/10\/22\/manzanas-de-caramelo\/\";}"],"dpsp_networks_shares_previous_urls":["a:5:{s:8:\"facebook\";i:2;s:7:\"twitter\";i:0;s:9:\"pinterest\";i:0;s:6:\"yummly\";i:0;s:6:\"reddit\";i:0;}"],"_tbf_fix_details":["a:5:{s:6:\"fix_id\";s:4:\"5097\";s:19:\"changed_revision_id\";s:4:\"1076\";s:20:\"original_revision_id\";s:4:\"1076\";s:17:\"operation_set_ids\";s:36:\"images_performance_and_seo_optimizer\";s:10:\"operations\";a:1:{i:0;s:11:\"tag_replace\";}}"],"litespeed_vpi_list":["a:3:{i:0;s:37:\"ABRecipes-New-Logo-with-Trademark.jpg\";i:1;s:29:\"Caramel-Apples-8-1024x575.jpg\";i:2;s:36:\"Adriana-Martin-TACOS-23-683x1024.jpg\";}"],"dpsp_networks_shares_json":["{\"facebook\":2,\"twitter\":0,\"pinterest\":0,\"yummly\":0,\"reddit\":0,\"buffer\":0,\"grow\":1}"],"wprm_rating_no_text_comments":["a:0:{}"],"copied_media_ids":["a:0:{}"],"referenced_media_ids":["a:1:{i:0;i:5039;}"],"_uag_page_assets":["a:9:{s:3:\"css\";s:0:\"\";s:2:\"js\";s:0:\"\";s:18:\"current_block_list\";a:0:{}s:8:\"uag_flag\";b:0;s:11:\"uag_version\";s:10:\"1777498067\";s:6:\"gfonts\";a:0:{}s:10:\"gfonts_url\";s:0:\"\";s:12:\"gfonts_files\";a:0:{}s:14:\"uag_faq_layout\";b:0;}"]},"uagb_featured_image_src":{"full":["https:\/\/www.adrianasbestrecipes.com\/wp-content\/uploads\/Caramel-Apples-8-1024x575.jpg",0,0,false],"thumbnail":["https:\/\/www.adrianasbestrecipes.com\/wp-content\/uploads\/Caramel-Apples-8-1024x575.jpg",1,1,false],"medium":["https:\/\/www.adrianasbestrecipes.com\/wp-content\/uploads\/Caramel-Apples-8-1024x575.jpg",1,1,false],"medium_large":["https:\/\/www.adrianasbestrecipes.com\/wp-content\/uploads\/Caramel-Apples-8-1024x575.jpg",0,0,false],"large":["https:\/\/www.adrianasbestrecipes.com\/wp-content\/uploads\/Caramel-Apples-8-1024x575.jpg",1,1,false],"1536x1536":["https:\/\/www.adrianasbestrecipes.com\/wp-content\/uploads\/Caramel-Apples-8-1024x575.jpg",1,1,false],"2048x2048":["https:\/\/www.adrianasbestrecipes.com\/wp-content\/uploads\/Caramel-Apples-8-1024x575.jpg",1,1,false],"wprm-metadata-1_1":["https:\/\/www.adrianasbestrecipes.com\/wp-content\/uploads\/Caramel-Apples-8-1024x575.jpg",1,1,false],"wprm-metadata-4_3":["https:\/\/www.adrianasbestrecipes.com\/wp-content\/uploads\/Caramel-Apples-8-1024x575.jpg",1,1,false],"wprm-metadata-16_9":["https:\/\/www.adrianasbestrecipes.com\/wp-content\/uploads\/Caramel-Apples-8-1024x575.jpg",1,1,false],"rpwe-thumbnail":["https:\/\/www.adrianasbestrecipes.com\/wp-content\/uploads\/Caramel-Apples-8-1024x575.jpg",1,1,false],"mailchimp":["https:\/\/www.adrianasbestrecipes.com\/wp-content\/uploads\/Caramel-Apples-8-1024x575.jpg",1,1,false],"web-stories-poster-portrait":["https:\/\/www.adrianasbestrecipes.com\/wp-content\/uploads\/Caramel-Apples-8-1024x575.jpg",1,1,false],"web-stories-publisher-logo":["https:\/\/www.adrianasbestrecipes.com\/wp-content\/uploads\/Caramel-Apples-8-1024x575.jpg",1,1,false],"web-stories-thumbnail":["https:\/\/www.adrianasbestrecipes.com\/wp-content\/uploads\/Caramel-Apples-8-1024x575.jpg",1,1,false]},"uagb_author_info":{"display_name":"Chef Adriana Martin","author_link":"https:\/\/www.adrianasbestrecipes.com\/es\/author\/adriana\/"},"uagb_comment_info":2,"uagb_excerpt":"Truco o Golosina en Halloween","jetpack-related-posts":[{"id":25244,"url":"https:\/\/www.adrianasbestrecipes.com\/es\/uvas-escalofriantes-para-halloween\/","url_meta":{"origin":1076,"position":0},"title":"Uvas Escalofriantes para Halloween","author":"Chef Adriana Martin","date":"31 de octubre de 2018","format":false,"excerpt":"\u00a1Uvas Escalofriantes para deleitar el paladar este d\u00eda del Halloween!","rel":"","context":"En \u00abQuick and Easy\u00bb","block_context":{"text":"Quick and Easy","link":"https:\/\/www.adrianasbestrecipes.com\/category\/quick-easy\/"},"img":{"alt_text":"Uvas Escalofriantes para Halloween","src":"https:\/\/i0.wp.com\/www.adrianasbestrecipes.com\/wp-content\/uploads\/2018\/10\/Spooky-Moon-Drop-Grapes-Treats.jpg?resize=350%2C200&ssl=1","width":350,"height":200,"srcset":"https:\/\/i0.wp.com\/www.adrianasbestrecipes.com\/wp-content\/uploads\/2018\/10\/Spooky-Moon-Drop-Grapes-Treats.jpg?resize=350%2C200&ssl=1 1x, https:\/\/i0.wp.com\/www.adrianasbestrecipes.com\/wp-content\/uploads\/2018\/10\/Spooky-Moon-Drop-Grapes-Treats.jpg?resize=525%2C300&ssl=1 1.5x, https:\/\/i0.wp.com\/www.adrianasbestrecipes.com\/wp-content\/uploads\/2018\/10\/Spooky-Moon-Drop-Grapes-Treats.jpg?resize=700%2C400&ssl=1 2x"},"classes":[]},{"id":9785,"url":"https:\/\/www.adrianasbestrecipes.com\/es\/manzanas-rellenas-de-stuffing\/","url_meta":{"origin":1076,"position":1},"title":"Manzanas Rellenas de Stuffing","author":"Chef Adriana Martin","date":"16 de noviembre de 2016","format":false,"excerpt":"Las Manzanas Rellenas de Stuffing de pan de ma\u00edz son una buena idea para servir el relleno de ma\u00edz tradicional. Adem\u00e1s de que a\u00f1aden una linda presentaci\u00f3n.","rel":"","context":"En \u00abGuarniciones, Salsas y Snacks\u00bb","block_context":{"text":"Guarniciones, Salsas y Snacks","link":"https:\/\/www.adrianasbestrecipes.com\/es\/category\/guarniciones-snacks\/"},"img":{"alt_text":"Manzanas Rellenas de Stuffing","src":"https:\/\/i0.wp.com\/www.adrianasbestrecipes.com\/wp-content\/uploads\/2016\/11\/Stuffing-Stuffed-Apples-Side-Dish.jpg?resize=350%2C200&ssl=1","width":350,"height":200,"srcset":"https:\/\/i0.wp.com\/www.adrianasbestrecipes.com\/wp-content\/uploads\/2016\/11\/Stuffing-Stuffed-Apples-Side-Dish.jpg?resize=350%2C200&ssl=1 1x, https:\/\/i0.wp.com\/www.adrianasbestrecipes.com\/wp-content\/uploads\/2016\/11\/Stuffing-Stuffed-Apples-Side-Dish.jpg?resize=525%2C300&ssl=1 1.5x, https:\/\/i0.wp.com\/www.adrianasbestrecipes.com\/wp-content\/uploads\/2016\/11\/Stuffing-Stuffed-Apples-Side-Dish.jpg?resize=700%2C400&ssl=1 2x"},"classes":[]},{"id":2929,"url":"https:\/\/www.adrianasbestrecipes.com\/es\/postres-para-halloween\/","url_meta":{"origin":1076,"position":2},"title":"Postres para Halloween","author":"Chef Adriana Martin","date":"16 de septiembre de 2014","format":false,"excerpt":"Ricos postres para Halloween con los nuevos productos de Betty Crocker","rel":"","context":"En \u00abDesserts and Baking\u00bb","block_context":{"text":"Desserts and Baking","link":"https:\/\/www.adrianasbestrecipes.com\/category\/desserts\/"},"img":{"alt_text":"Smores Dessert Bars A la Mode","src":"https:\/\/i0.wp.com\/www.adrianasbestrecipes.com\/wp-content\/uploads\/2014\/09\/Smores-Dessert-Bars-A-la-Mode-1.jpg?resize=350%2C200&ssl=1","width":350,"height":200,"srcset":"https:\/\/i0.wp.com\/www.adrianasbestrecipes.com\/wp-content\/uploads\/2014\/09\/Smores-Dessert-Bars-A-la-Mode-1.jpg?resize=350%2C200&ssl=1 1x, https:\/\/i0.wp.com\/www.adrianasbestrecipes.com\/wp-content\/uploads\/2014\/09\/Smores-Dessert-Bars-A-la-Mode-1.jpg?resize=525%2C300&ssl=1 1.5x"},"classes":[]},{"id":3144,"url":"https:\/\/www.adrianasbestrecipes.com\/es\/atole-de-manzana-y-canela\/","url_meta":{"origin":1076,"position":3},"title":"Atole de Manzana y Canela","author":"Chef Adriana Martin","date":"11 de diciembre de 2014","format":false,"excerpt":"Receta de Atole de Manzana y Canela inspirada en los aromas de Glade\u00ae","rel":"","context":"En \u00abBebidas y Cocteles\u00bb","block_context":{"text":"Bebidas y Cocteles","link":"https:\/\/www.adrianasbestrecipes.com\/es\/category\/beverages-es\/"},"img":{"alt_text":"","src":"https:\/\/i0.wp.com\/www.adrianasbestrecipes.com\/wp-content\/uploads\/2014\/12\/Easy-recipe-for-apple-cinnamon-atole-to-inspire-you-to-create-new-traditions.jpg?resize=350%2C200&ssl=1","width":350,"height":200,"srcset":"https:\/\/i0.wp.com\/www.adrianasbestrecipes.com\/wp-content\/uploads\/2014\/12\/Easy-recipe-for-apple-cinnamon-atole-to-inspire-you-to-create-new-traditions.jpg?resize=350%2C200&ssl=1 1x, https:\/\/i0.wp.com\/www.adrianasbestrecipes.com\/wp-content\/uploads\/2014\/12\/Easy-recipe-for-apple-cinnamon-atole-to-inspire-you-to-create-new-traditions.jpg?resize=525%2C300&ssl=1 1.5x"},"classes":[]},{"id":10823,"url":"https:\/\/www.adrianasbestrecipes.com\/es\/endivias-rellenas-de-ensalada-de-manzana\/","url_meta":{"origin":1076,"position":4},"title":"Endivias Rellenas de Ensalada de Manzana","author":"Chef Adriana Martin","date":"23 de diciembre de 2016","format":false,"excerpt":"Las Endivias Rellenas de Ensalada de Manzana es una adici\u00f3n fabulosa para las fiestas de a\u00f1o nuevo o para un aperitivo para el d\u00eda del juego de futbol.","rel":"","context":"En \u00abF\u00e1cil y R\u00e1pido\u00bb","block_context":{"text":"F\u00e1cil y R\u00e1pido","link":"https:\/\/www.adrianasbestrecipes.com\/es\/category\/facil-y-rapido\/"},"img":{"alt_text":"Perfecto balance de texturas y sabores en estas envidias rellenas","src":"https:\/\/i0.wp.com\/www.adrianasbestrecipes.com\/wp-content\/uploads\/2016\/12\/Perfect-balance-of-sweet-creamy-and-savory-is-this-endive-apple-salad-with-walnuts-.jpg?resize=350%2C200&ssl=1","width":350,"height":200,"srcset":"https:\/\/i0.wp.com\/www.adrianasbestrecipes.com\/wp-content\/uploads\/2016\/12\/Perfect-balance-of-sweet-creamy-and-savory-is-this-endive-apple-salad-with-walnuts-.jpg?resize=350%2C200&ssl=1 1x, https:\/\/i0.wp.com\/www.adrianasbestrecipes.com\/wp-content\/uploads\/2016\/12\/Perfect-balance-of-sweet-creamy-and-savory-is-this-endive-apple-salad-with-walnuts-.jpg?resize=525%2C300&ssl=1 1.5x, https:\/\/i0.wp.com\/www.adrianasbestrecipes.com\/wp-content\/uploads\/2016\/12\/Perfect-balance-of-sweet-creamy-and-savory-is-this-endive-apple-salad-with-walnuts-.jpg?resize=700%2C400&ssl=1 2x"},"classes":[]},{"id":1597,"url":"https:\/\/www.adrianasbestrecipes.com\/es\/flan-de-rosas\/","url_meta":{"origin":1076,"position":5},"title":"Flan de Rosas","author":"Chef Adriana Martin","date":"29 de abril de 2013","format":false,"excerpt":"Postre especial para celebrar el d\u00eda de las madres","rel":"","context":"En \u00abPostres y Panader\u00eda\u00bb","block_context":{"text":"Postres y Panader\u00eda","link":"https:\/\/www.adrianasbestrecipes.com\/es\/category\/postres\/"},"img":{"alt_text":"","src":"https:\/\/i0.wp.com\/www.adrianasbestrecipes.com\/wp-content\/uploads\/2013\/04\/Rose-Flan-AsBestrecipes.jpg?resize=350%2C200&ssl=1","width":350,"height":200,"srcset":"https:\/\/i0.wp.com\/www.adrianasbestrecipes.com\/wp-content\/uploads\/2013\/04\/Rose-Flan-AsBestrecipes.jpg?resize=350%2C200&ssl=1 1x, https:\/\/i0.wp.com\/www.adrianasbestrecipes.com\/wp-content\/uploads\/2013\/04\/Rose-Flan-AsBestrecipes.jpg?resize=525%2C300&ssl=1 1.5x, https:\/\/i0.wp.com\/www.adrianasbestrecipes.com\/wp-content\/uploads\/2013\/04\/Rose-Flan-AsBestrecipes.jpg?resize=700%2C400&ssl=1 2x"},"classes":[]}],"jetpack_sharing_enabled":true,"_links":{"self":[{"href":"https:\/\/www.adrianasbestrecipes.com\/es\/wp-json\/wp\/v2\/posts\/1076","targetHints":{"allow":["GET"]}}],"collection":[{"href":"https:\/\/www.adrianasbestrecipes.com\/es\/wp-json\/wp\/v2\/posts"}],"about":[{"href":"https:\/\/www.adrianasbestrecipes.com\/es\/wp-json\/wp\/v2\/types\/post"}],"author":[{"embeddable":true,"href":"https:\/\/www.adrianasbestrecipes.com\/es\/wp-json\/wp\/v2\/users\/2"}],"replies":[{"embeddable":true,"href":"https:\/\/www.adrianasbestrecipes.com\/es\/wp-json\/wp\/v2\/comments?post=1076"}],"version-history":[{"count":0,"href":"https:\/\/www.adrianasbestrecipes.com\/es\/wp-json\/wp\/v2\/posts\/1076\/revisions"}],"wp:featuredmedia":[{"embeddable":true,"href":"https:\/\/www.adrianasbestrecipes.com\/es\/wp-json\/wp\/v2\/media\/5039"}],"wp:attachment":[{"href":"https:\/\/www.adrianasbestrecipes.com\/es\/wp-json\/wp\/v2\/media?parent=1076"}],"wp:term":[{"taxonomy":"category","embeddable":true,"href":"https:\/\/www.adrianasbestrecipes.com\/es\/wp-json\/wp\/v2\/categories?post=1076"},{"taxonomy":"post_tag","embeddable":true,"href":"https:\/\/www.adrianasbestrecipes.com\/es\/wp-json\/wp\/v2\/tags?post=1076"}],"curies":[{"name":"wp","href":"https:\/\/api.w.org\/{rel}","templated":true}]}}